{"id":3864,"date":"2025-07-17T06:31:44","date_gmt":"2025-07-17T06:31:44","guid":{"rendered":"https:\/\/ekonomist.me\/?p=3864"},"modified":"2025-07-17T06:33:34","modified_gmt":"2025-07-17T06:33:34","slug":"novi-prijedlog-evropskog-budzeta-u-iznosu-od-18-milijardi-eura","status":"publish","type":"post","link":"https:\/\/ekonomist.me\/index.php\/2025\/07\/17\/novi-prijedlog-evropskog-budzeta-u-iznosu-od-18-milijardi-eura\/","title":{"rendered":"\u00a0\u00a0\u00a0\u00a0\u00a0\u00a0\u00a0\u00a0\u00a0\u00a0\u00a0 Novi prijedlog evropskog bud\u017eeta u iznosu od 1,8 milijardi eura"},"content":{"rendered":"\t\t<div data-elementor-type=\"wp-post\" data-elementor-id=\"3864\" class=\"elementor elementor-3864\">\n\t\t\t\t<div class=\"elementor-element elementor-element-2a37b54a e-con-full e-flex wpr-particle-no wpr-jarallax-no wpr-parallax-no wpr-sticky-section-no e-con e-parent\" data-id=\"2a37b54a\" data-element_type=\"container\">\n\t\t<div class=\"elementor-element elementor-element-d2c2a63 e-con-full e-flex wpr-particle-no wpr-jarallax-no wpr-parallax-no wpr-sticky-section-no e-con e-child\" data-id=\"d2c2a63\" data-element_type=\"container\">\n\t\t\t\t<div class=\"elementor-element elementor-element-1812683f elementor-widget elementor-widget-text-editor\" data-id=\"1812683f\" data-element_type=\"widget\" data-widget_type=\"text-editor.default\">\n\t\t\t\t<div class=\"elementor-widget-container\">\n\t\t\t\t\t\t\t\t\t<p>Za period od 2028. do 2034. godine bud\u017eet EU trebalo bi da iznosi 1,8 milijardi eura, predlo\u017eila je EK nakon dugotrajnih i mukotrpnih internih pregovora.<\/p><p>Prijedlog bud\u017eeta medijima je predstavila i obrazlo\u017eila predsjednica EK Ursula Fon Der Lajen, ali ve\u0107 sada je izvjesno da \u0107e on nai\u0107i na izuzetno velike prepreke u proces usvajanja. Neslaganja sti\u017eu \u010dak i iz domovine \u0161efice EK. Naime, Vlada Njema\u010dke je odmah istakla da ne\u0107e podr\u017eati evropski bud\u017eet.<\/p><p>Briselski zvani\u010dnici su pojasnili da pove\u0107anje bud\u017eeta u odnosu na aktuelni period predstavljaju dokaz porasta kupovne mo\u0107i gra\u0111ana EU dok Nijemci tuma\u010de da je to pove\u0107anje za njih neprihvatljivo. Portparol kabineta Fridriha Merca \u0160tefan Kornelijus naglasio je da je za Nijemce nelogi\u010dno da \u201eu vrijeme kada nacionalne Vlade \u010dine velike napore da konsoliduju svoje finansije, iz Brisela sti\u017eu nagovje\u0161taji o znatnom rastu zajedni\u010dkog bud\u017eeta\u201c.<\/p><p>Vlada \u201evelike koalicije\u201c demohri\u0161\u0107ana i socijaldemokrata, prema rije\u010dima Kornelijusa, \u201ene\u0107e podr\u017eati dodatno oporezivanje kompanija\u201c, \u0161to je odredba koja stoji u bud\u017eetskom prijedlogu koji je dostavila EK. U tom prijedlogu je poja\u0161njeno da je \u201edodatno oporezivanje kompanija\u201c svrstano me\u0111u \u201enove izvore prihoda\u201c i da se odnosi na one privredne subjekte \u010diji je godi\u0161nji promet iznad 50 miliona eura.<\/p><p>Tako\u0111e, EK planira da u narednom bud\u017eetskom periodu (2028 \u2013 2034) uvede novi porez na elektronski otpad koji se ne reciklira. Ako bi se prijedlog EU usvojio, dio nacionalnih prihoda od oporezivanja duvana bi\u0107e preusmjeren u Brisel.<\/p><p>Njema\u010dka je najzna\u010dajnija \u010dlanica EU. \u010cetvrtina zajedni\u010dkog bud\u017eeta puni se doprinosom zvani\u010dnog Berlina. Bud\u017eet \u0107e biti usvojen definitivno ako ga usvoji EP, ali i parlamenti svih 27 zemalja-\u010dlanica.<\/p>\t\t\t\t\t\t\t\t<\/div>\n\t\t\t\t<\/div>\n\t\t<div class=\"elementor-element elementor-element-df7e021 e-con-full e-flex wpr-particle-no wpr-jarallax-no wpr-parallax-no wpr-sticky-section-no e-con e-child\" data-id=\"df7e021\" data-element_type=\"container\">\n\t\t\t\t<div class=\"elementor-element elementor-element-c3a1298 elementor-widget elementor-widget-wpr-post-title\" data-id=\"c3a1298\" data-element_type=\"widget\" data-widget_type=\"wpr-post-title.default\">\n\t\t\t\t<div class=\"elementor-widget-container\">\n\t\t\t\t\t<h1 class=\"wpr-post-title\">\u00a0\u00a0\u00a0\u00a0\u00a0\u00a0\u00a0\u00a0\u00a0\u00a0\u00a0 Novi prijedlog evropskog bud\u017eeta u iznosu od 1,8 milijardi eura<\/h1>\t\t\t\t<\/div>\n\t\t\t\t<\/div>\n\t\t\t\t<div class=\"elementor-element elementor-element-6e473ff elementor-widget elementor-widget-eael-breadcrumbs\" data-id=\"6e473ff\" data-element_type=\"widget\" data-widget_type=\"eael-breadcrumbs.default\">\n\t\t\t\t<div class=\"elementor-widget-container\">\n\t\t\t\t\t\t\t<div class=\"eael-breadcrumbs\">\n\t\t\t<div class=\"eael-breadcrumbs__content\"><a href=\"https:\/\/ekonomist.me\">Home<\/a> <span class=\"eael-breadcrumb-separator\">\/<\/span> <\/div>\t\t<\/div>\n\t\t\t\t\t\t<\/div>\n\t\t\t\t<\/div>\n\t\t\t\t<\/div>\n\t\t\t\t<\/div>\n\t\t\t\t<div class=\"elementor-element elementor-element-cc13a3d elementor-widget-divider--view-line elementor-widget elementor-widget-divider\" data-id=\"cc13a3d\" data-element_type=\"widget\" data-widget_type=\"divider.default\">\n\t\t\t\t<div class=\"elementor-widget-container\">\n\t\t\t\t\t\t\t<div class=\"elementor-divider\">\n\t\t\t<span class=\"elementor-divider-separator\">\n\t\t\t\t\t\t<\/span>\n\t\t<\/div>\n\t\t\t\t\t\t<\/div>\n\t\t\t\t<\/div>\n\t\t\t\t<\/div>\n\t\t<div class=\"elementor-element elementor-element-14f10a2 e-flex e-con-boxed wpr-particle-no wpr-jarallax-no wpr-parallax-no wpr-sticky-section-no e-con e-parent\" data-id=\"14f10a2\" data-element_type=\"container\">\n\t\t\t\t\t<div class=\"e-con-inner\">\n\t\t\t\t\t<\/div>\n\t\t\t\t<\/div>\n\t\t\t\t<\/div>\n\t\t","protected":false},"excerpt":{"rendered":"<p>Za period od 2028. do 2034. godine bud\u017eet EU trebalo bi da iznosi 1,8 milijardi eura, predlo\u017eila je EK nakon dugotrajnih i mukotrpnih internih pregovora. Prijedlog bud\u017eeta medijima je predstavila i obrazlo\u017eila predsjednica EK Ursula Fon Der Lajen, ali ve\u0107 sada je izvjesno da \u0107e on nai\u0107i na izuzetno velike prepreke u proces usvajanja. Neslaganja sti\u017eu \u010dak i iz domovine \u0161efice EK. Naime, Vlada Njema\u010dke je odmah istakla da ne\u0107e podr\u017eati evropski bud\u017eet. Briselski zvani\u010dnici su pojasnili da pove\u0107anje bud\u017eeta u odnosu na aktuelni period predstavljaju dokaz porasta kupovne mo\u0107i gra\u0111ana EU dok Nijemci tuma\u010de da je to pove\u0107anje za njih neprihvatljivo. Portparol kabineta Fridriha Merca \u0160tefan Kornelijus naglasio je da je za Nijemce nelogi\u010dno da \u201eu vrijeme kada nacionalne Vlade \u010dine velike napore da konsoliduju svoje finansije, iz Brisela sti\u017eu nagovje\u0161taji o znatnom rastu zajedni\u010dkog bud\u017eeta\u201c. Vlada \u201evelike koalicije\u201c demohri\u0161\u0107ana i socijaldemokrata, prema rije\u010dima Kornelijusa, \u201ene\u0107e podr\u017eati dodatno oporezivanje kompanija\u201c, \u0161to je odredba koja stoji u bud\u017eetskom prijedlogu koji je dostavila EK. U tom prijedlogu je poja\u0161njeno da je \u201edodatno oporezivanje kompanija\u201c svrstano me\u0111u \u201enove izvore prihoda\u201c i da se odnosi na one privredne subjekte \u010diji je godi\u0161nji promet iznad 50 miliona eura. Tako\u0111e, EK planira da u narednom bud\u017eetskom periodu (2028 \u2013 2034) uvede novi porez na elektronski otpad koji se ne reciklira. Ako bi se prijedlog EU usvojio, dio nacionalnih prihoda od oporezivanja duvana bi\u0107e preusmjeren u Brisel. Njema\u010dka je najzna\u010dajnija \u010dlanica EU. \u010cetvrtina zajedni\u010dkog bud\u017eeta puni se doprinosom zvani\u010dnog Berlina. Bud\u017eet \u0107e biti usvojen definitivno ako ga usvoji EP, ali i parlamenti svih 27 zemalja-\u010dlanica. \u00a0\u00a0\u00a0\u00a0\u00a0\u00a0\u00a0\u00a0\u00a0\u00a0\u00a0 Novi prijedlog evropskog bud\u017eeta u iznosu od 1,8 milijardi eura Home \/<\/p>\n","protected":false},"author":1,"featured_media":3865,"comment_status":"open","ping_status":"open","sticky":false,"template":"","format":"standard","meta":{"footnotes":""},"categories":[9],"tags":[],"class_list":["post-3864","post","type-post","status-publish","format-standard","has-post-thumbnail","hentry","category-industrija"],"_links":{"self":[{"href":"https:\/\/ekonomist.me\/index.php\/wp-json\/wp\/v2\/posts\/3864","targetHints":{"allow":["GET"]}}],"collection":[{"href":"https:\/\/ekonomist.me\/index.php\/wp-json\/wp\/v2\/posts"}],"about":[{"href":"https:\/\/ekonomist.me\/index.php\/wp-json\/wp\/v2\/types\/post"}],"author":[{"embeddable":true,"href":"https:\/\/ekonomist.me\/index.php\/wp-json\/wp\/v2\/users\/1"}],"replies":[{"embeddable":true,"href":"https:\/\/ekonomist.me\/index.php\/wp-json\/wp\/v2\/comments?post=3864"}],"version-history":[{"count":4,"href":"https:\/\/ekonomist.me\/index.php\/wp-json\/wp\/v2\/posts\/3864\/revisions"}],"predecessor-version":[{"id":3870,"href":"https:\/\/ekonomist.me\/index.php\/wp-json\/wp\/v2\/posts\/3864\/revisions\/3870"}],"wp:featuredmedia":[{"embeddable":true,"href":"https:\/\/ekonomist.me\/index.php\/wp-json\/wp\/v2\/media\/3865"}],"wp:attachment":[{"href":"https:\/\/ekonomist.me\/index.php\/wp-json\/wp\/v2\/media?parent=3864"}],"wp:term":[{"taxonomy":"category","embeddable":true,"href":"https:\/\/ekonomist.me\/index.php\/wp-json\/wp\/v2\/categories?post=3864"},{"taxonomy":"post_tag","embeddable":true,"href":"https:\/\/ekonomist.me\/index.php\/wp-json\/wp\/v2\/tags?post=3864"}],"curies":[{"name":"wp","href":"https:\/\/api.w.org\/{rel}","templated":true}]}}