{"id":3840,"date":"2025-07-16T12:16:14","date_gmt":"2025-07-16T12:16:14","guid":{"rendered":"https:\/\/ekonomist.me\/?p=3840"},"modified":"2025-07-16T12:25:54","modified_gmt":"2025-07-16T12:25:54","slug":"zemlje-juzne-evrope-najvise-pogodene-klimatskim-promjenama","status":"publish","type":"post","link":"https:\/\/ekonomist.me\/index.php\/2025\/07\/16\/zemlje-juzne-evrope-najvise-pogodene-klimatskim-promjenama\/","title":{"rendered":"Zemlje Ju\u017ene Evrope najvi\u0161e pogo\u0111ene klimatskim promjenama"},"content":{"rendered":"\t\t<div data-elementor-type=\"wp-post\" data-elementor-id=\"3840\" class=\"elementor elementor-3840\">\n\t\t\t\t<div class=\"elementor-element elementor-element-2a37b54a e-con-full e-flex wpr-particle-no wpr-jarallax-no wpr-parallax-no wpr-sticky-section-no e-con e-parent\" data-id=\"2a37b54a\" data-element_type=\"container\">\n\t\t<div class=\"elementor-element elementor-element-d2c2a63 e-con-full e-flex wpr-particle-no wpr-jarallax-no wpr-parallax-no wpr-sticky-section-no e-con e-child\" data-id=\"d2c2a63\" data-element_type=\"container\">\n\t\t\t\t<div class=\"elementor-element elementor-element-1812683f elementor-widget elementor-widget-text-editor\" data-id=\"1812683f\" data-element_type=\"widget\" data-widget_type=\"text-editor.default\">\n\t\t\t\t<div class=\"elementor-widget-container\">\n\t\t\t\t\t\t\t\t\t<p>Evropa je kontinent koji se najvi\u0161e zagrijava usljed poja\u010danog dejstva klimatskih promjena, a najve\u0107e posljedice po ekonomiju imaju zemlje ju\u017enog dijela \u201estarog kontinenta\u201c.<\/p><p>Prema rezultatima studije grupe autora u \u010dasopisu \u201eNej\u010dur Komjunikej\u0161ns\u201c prosje\u010dni ekonomski gubici izazvani toplotnim talasima do 2010.godine iznosili su 0,21%, a ve\u0107 za deset godina oni \u0107e biti 0,77% BDP-a ili mo\u017eda \u010dak vi\u0161e od toga. David Garsija-Leon i njegovi saradnici isti\u010du u pomenutom \u010dlanku da \u0107e gubici koji u ekonomiji nastaju zbog klimatskog faktora do sredine ovog vijeka porasti na vi\u0161e od 1%.<\/p><p>Zemlje Ju\u017ene Evrope \u0107e i tada prebaciti prosjek, a takav je slu\u010daj je i danas. U projekcijama za 2050. godinu i period koji dolazi poslje nje ekonomije Portugalije, \u0160panije, Italije, Malte, Hrvatske, Gr\u010dke, Kipra, pa \u010dak i Rumunije, koja se nalazi u Srednjoj Evropi, pretpje\u0107e po klimatskoj osnovi gubitke od preko 2,50%. Sa druge strane, najmanje razloga za brigu ima\u0107e Velika Britanija, R Irska, Belgija i Holandija, \u010dije \u0107e ekonomije zbog globalnog zagrijavanja izgubiti 0,50% BDP-a.<\/p><p>Ono \u0161to mora da brine i EK i nacionalne Vlade evropskih zemalja jeste \u010dinjenica da je pad svuda konstantan i da nijedna ekonomija ne mo\u017ee da se pohvali da ostaje vitalna pred klimatskim izazovima sa kojima se planeta suo\u010dava.<\/p><p>Visoke temperature smanjuju produktivnost rada, pokazuje studija OECD-a iz 2024. godine. Ova studija nije obuhvatila samo dr\u017eave EU nego i Japan i R Koreju. Autori su pojasnili metodologiju navev\u0161i da je istra\u017eivanje posmatralo visine temperatura i finansijske informacije vezane za preko 2,7 miliona preduze\u0107a od 2000. do 2021. godine.<\/p><p>\u201eNa svakih deset novih toplih dana u godini, u odnosu na prijethodni period, produktivnost rada opada za 0,30%\u201c, rezultat je ovog velikog istra\u017eivanja stru\u010dnjaka OECD-a. Me\u0111utim, taj pad nije linearan. \u201eKada temperature pre\u0111u 40 Celzijusovih stepeni, produktivnost pada za 1,50% do \u010dak 1,90%\u201c, dodaju autori.<\/p><p>\u0160panija je kao zemlja godinama ve\u0107 najpogo\u0111enija na kontinentu ne samo porastom prosje\u010dnih temperatura nego i onim \u0161to se stru\u010dno navodi kao \u201etoplotni stres\u201c. Medicinski podaci koji do nas sti\u017eu putem medija sa Pirinejskog poluostrva empirijski potvr\u0111uju zaklju\u010dke nau\u010dnika. U posljednja dva mjeseca \u0160panci su se suo\u010dili sa \u010dak 1.180 smrtnih slu\u010dajeva koji su direktna posljedica enormno visokih temperatura.<\/p><p>David Garsija-Leon, stru\u010dnjak sa po\u010detka na\u0161eg teksta, zaposlen je u Ministarstvu poljoprivrede, rudarstva i ishrane \u0160panije. Na pitanje novinara \u201eJuronjuza\u201c da li su evropske Vlade dovoljno svjesne negativnih ekolo\u0161kih i ekonomskih trendova, on je odgovorio da su \u201eneki koraci ve\u0107 preduzeti u ranijem periodu poput mjera da radnici na otvorenom u najtoplijim dijelovima dana prekidaju posao i odlaze na pauzu\u201c.<\/p><p>\u201eKada ovi talasi postanu jo\u0161 silniji i u\u010destaliji, ovakve mjere \u0107e se pro\u0161iriti na cio kontinent. Za sada su zastupljene samo kod nas, na evropskom jugu\u201c, naveo je Garsija-Leon i dodao da su neke od evropskih dr\u017eava uvele sisteme za rana upozoravanja naj\u0161irih slojeva stanovni\u0161tva na elementarne nepogode.<\/p><p>Helija Kosta iz OECD-a dodaje da bi Vlade trebalo da donesu regulativu za uvo\u0111enje boljih i ja\u010dih sistema ventilacije u javnim prostorijama kao i obavezu pro\u0161irivanja ve\u0107 postoje\u0107ih kapaciteta zelenih povr\u0161ina u velikim urbanim cjelinama. Oboje eksperata se sla\u017eu da se Evropa do sada nije dovoljno ozbiljno suo\u010dila sa opasnostima klimatskih promjena. Zaklju\u010duju da je na primarnom mjestu za\u0161tita zdravlja zaposlenih i da se time evropski autoriteti moraju pozabaviti u narednom periodu.<\/p>\t\t\t\t\t\t\t\t<\/div>\n\t\t\t\t<\/div>\n\t\t<div class=\"elementor-element elementor-element-df7e021 e-con-full e-flex wpr-particle-no wpr-jarallax-no wpr-parallax-no wpr-sticky-section-no e-con e-child\" data-id=\"df7e021\" data-element_type=\"container\">\n\t\t\t\t<div class=\"elementor-element elementor-element-c3a1298 elementor-widget elementor-widget-wpr-post-title\" data-id=\"c3a1298\" data-element_type=\"widget\" data-widget_type=\"wpr-post-title.default\">\n\t\t\t\t<div class=\"elementor-widget-container\">\n\t\t\t\t\t<h1 class=\"wpr-post-title\">Zemlje Ju\u017ene Evrope najvi\u0161e pogo\u0111ene klimatskim promjenama<\/h1>\t\t\t\t<\/div>\n\t\t\t\t<\/div>\n\t\t\t\t<div class=\"elementor-element elementor-element-6e473ff elementor-widget elementor-widget-eael-breadcrumbs\" data-id=\"6e473ff\" data-element_type=\"widget\" data-widget_type=\"eael-breadcrumbs.default\">\n\t\t\t\t<div class=\"elementor-widget-container\">\n\t\t\t\t\t\t\t<div class=\"eael-breadcrumbs\">\n\t\t\t<div class=\"eael-breadcrumbs__content\"><a href=\"https:\/\/ekonomist.me\">Home<\/a> <span class=\"eael-breadcrumb-separator\">\/<\/span> <\/div>\t\t<\/div>\n\t\t\t\t\t\t<\/div>\n\t\t\t\t<\/div>\n\t\t\t\t<\/div>\n\t\t\t\t<\/div>\n\t\t\t\t<div class=\"elementor-element elementor-element-cc13a3d elementor-widget-divider--view-line elementor-widget elementor-widget-divider\" data-id=\"cc13a3d\" data-element_type=\"widget\" data-widget_type=\"divider.default\">\n\t\t\t\t<div class=\"elementor-widget-container\">\n\t\t\t\t\t\t\t<div class=\"elementor-divider\">\n\t\t\t<span class=\"elementor-divider-separator\">\n\t\t\t\t\t\t<\/span>\n\t\t<\/div>\n\t\t\t\t\t\t<\/div>\n\t\t\t\t<\/div>\n\t\t\t\t<\/div>\n\t\t<div class=\"elementor-element elementor-element-14f10a2 e-flex e-con-boxed wpr-particle-no wpr-jarallax-no wpr-parallax-no wpr-sticky-section-no e-con e-parent\" data-id=\"14f10a2\" data-element_type=\"container\">\n\t\t\t\t\t<div class=\"e-con-inner\">\n\t\t\t\t\t<\/div>\n\t\t\t\t<\/div>\n\t\t\t\t<\/div>\n\t\t","protected":false},"excerpt":{"rendered":"<p>Evropa je kontinent koji se najvi\u0161e zagrijava usljed poja\u010danog dejstva klimatskih promjena, a najve\u0107e posljedice po ekonomiju imaju zemlje ju\u017enog dijela \u201estarog kontinenta\u201c. Prema rezultatima studije grupe autora u \u010dasopisu \u201eNej\u010dur Komjunikej\u0161ns\u201c prosje\u010dni ekonomski gubici izazvani toplotnim talasima do 2010.godine iznosili su 0,21%, a ve\u0107 za deset godina oni \u0107e biti 0,77% BDP-a ili mo\u017eda \u010dak vi\u0161e od toga. David Garsija-Leon i njegovi saradnici isti\u010du u pomenutom \u010dlanku da \u0107e gubici koji u ekonomiji nastaju zbog klimatskog faktora do sredine ovog vijeka porasti na vi\u0161e od 1%. Zemlje Ju\u017ene Evrope \u0107e i tada prebaciti prosjek, a takav je slu\u010daj je i danas. U projekcijama za 2050. godinu i period koji dolazi poslje nje ekonomije Portugalije, \u0160panije, Italije, Malte, Hrvatske, Gr\u010dke, Kipra, pa \u010dak i Rumunije, koja se nalazi u Srednjoj Evropi, pretpje\u0107e po klimatskoj osnovi gubitke od preko 2,50%. Sa druge strane, najmanje razloga za brigu ima\u0107e Velika Britanija, R Irska, Belgija i Holandija, \u010dije \u0107e ekonomije zbog globalnog zagrijavanja izgubiti 0,50% BDP-a. Ono \u0161to mora da brine i EK i nacionalne Vlade evropskih zemalja jeste \u010dinjenica da je pad svuda konstantan i da nijedna ekonomija ne mo\u017ee da se pohvali da ostaje vitalna pred klimatskim izazovima sa kojima se planeta suo\u010dava. Visoke temperature smanjuju produktivnost rada, pokazuje studija OECD-a iz 2024. godine. Ova studija nije obuhvatila samo dr\u017eave EU nego i Japan i R Koreju. Autori su pojasnili metodologiju navev\u0161i da je istra\u017eivanje posmatralo visine temperatura i finansijske informacije vezane za preko 2,7 miliona preduze\u0107a od 2000. do 2021. godine. \u201eNa svakih deset novih toplih dana u godini, u odnosu na prijethodni period, produktivnost rada opada za 0,30%\u201c, rezultat je ovog velikog istra\u017eivanja stru\u010dnjaka OECD-a. Me\u0111utim, taj pad nije linearan. \u201eKada temperature pre\u0111u 40 Celzijusovih stepeni, produktivnost pada za 1,50% do \u010dak 1,90%\u201c, dodaju autori. \u0160panija je kao zemlja godinama ve\u0107 najpogo\u0111enija na kontinentu ne samo porastom prosje\u010dnih temperatura nego i onim \u0161to se stru\u010dno navodi kao \u201etoplotni stres\u201c. Medicinski podaci koji do nas sti\u017eu putem medija sa Pirinejskog poluostrva empirijski potvr\u0111uju zaklju\u010dke nau\u010dnika. U posljednja dva mjeseca \u0160panci su se suo\u010dili sa \u010dak 1.180 smrtnih slu\u010dajeva koji su direktna posljedica enormno visokih temperatura. David Garsija-Leon, stru\u010dnjak sa po\u010detka na\u0161eg teksta, zaposlen je u Ministarstvu poljoprivrede, rudarstva i ishrane \u0160panije. Na pitanje novinara \u201eJuronjuza\u201c da li su evropske Vlade dovoljno svjesne negativnih ekolo\u0161kih i ekonomskih trendova, on je odgovorio da su \u201eneki koraci ve\u0107 preduzeti u ranijem periodu poput mjera da radnici na otvorenom u najtoplijim dijelovima dana prekidaju posao i odlaze na pauzu\u201c. \u201eKada ovi talasi postanu jo\u0161 silniji i u\u010destaliji, ovakve mjere \u0107e se pro\u0161iriti na cio kontinent. Za sada su zastupljene samo kod nas, na evropskom jugu\u201c, naveo je Garsija-Leon i dodao da su neke od evropskih dr\u017eava uvele sisteme za rana upozoravanja naj\u0161irih slojeva stanovni\u0161tva na elementarne nepogode. Helija Kosta iz OECD-a dodaje da bi Vlade trebalo da donesu regulativu za uvo\u0111enje boljih i ja\u010dih sistema ventilacije u javnim prostorijama kao i obavezu pro\u0161irivanja ve\u0107 postoje\u0107ih kapaciteta zelenih povr\u0161ina u velikim urbanim cjelinama. Oboje eksperata se sla\u017eu da se Evropa do sada nije dovoljno ozbiljno suo\u010dila sa opasnostima klimatskih promjena. Zaklju\u010duju da je na primarnom mjestu za\u0161tita zdravlja zaposlenih i da se time evropski autoriteti moraju pozabaviti u narednom periodu. Zemlje Ju\u017ene Evrope najvi\u0161e pogo\u0111ene klimatskim promjenama Home \/<\/p>\n","protected":false},"author":1,"featured_media":3826,"comment_status":"open","ping_status":"open","sticky":false,"template":"","format":"standard","meta":{"footnotes":""},"categories":[9],"tags":[],"class_list":["post-3840","post","type-post","status-publish","format-standard","has-post-thumbnail","hentry","category-industrija"],"_links":{"self":[{"href":"https:\/\/ekonomist.me\/index.php\/wp-json\/wp\/v2\/posts\/3840","targetHints":{"allow":["GET"]}}],"collection":[{"href":"https:\/\/ekonomist.me\/index.php\/wp-json\/wp\/v2\/posts"}],"about":[{"href":"https:\/\/ekonomist.me\/index.php\/wp-json\/wp\/v2\/types\/post"}],"author":[{"embeddable":true,"href":"https:\/\/ekonomist.me\/index.php\/wp-json\/wp\/v2\/users\/1"}],"replies":[{"embeddable":true,"href":"https:\/\/ekonomist.me\/index.php\/wp-json\/wp\/v2\/comments?post=3840"}],"version-history":[{"count":1,"href":"https:\/\/ekonomist.me\/index.php\/wp-json\/wp\/v2\/posts\/3840\/revisions"}],"predecessor-version":[{"id":3841,"href":"https:\/\/ekonomist.me\/index.php\/wp-json\/wp\/v2\/posts\/3840\/revisions\/3841"}],"wp:featuredmedia":[{"embeddable":true,"href":"https:\/\/ekonomist.me\/index.php\/wp-json\/wp\/v2\/media\/3826"}],"wp:attachment":[{"href":"https:\/\/ekonomist.me\/index.php\/wp-json\/wp\/v2\/media?parent=3840"}],"wp:term":[{"taxonomy":"category","embeddable":true,"href":"https:\/\/ekonomist.me\/index.php\/wp-json\/wp\/v2\/categories?post=3840"},{"taxonomy":"post_tag","embeddable":true,"href":"https:\/\/ekonomist.me\/index.php\/wp-json\/wp\/v2\/tags?post=3840"}],"curies":[{"name":"wp","href":"https:\/\/api.w.org\/{rel}","templated":true}]}}