{"id":3768,"date":"2025-07-15T08:58:23","date_gmt":"2025-07-15T08:58:23","guid":{"rendered":"https:\/\/ekonomist.me\/?p=3768"},"modified":"2025-07-15T10:01:54","modified_gmt":"2025-07-15T10:01:54","slug":"milanovic-drska-uvreda-za-crnu-goru-je-drzanje-eu-prema-ukrajini","status":"publish","type":"post","link":"https:\/\/ekonomist.me\/index.php\/2025\/07\/15\/milanovic-drska-uvreda-za-crnu-goru-je-drzanje-eu-prema-ukrajini\/","title":{"rendered":"Milanovi\u0107: Drska uvreda za Crnu Goru je dr\u017eanje EU prema Ukrajini"},"content":{"rendered":"\t\t<div data-elementor-type=\"wp-post\" data-elementor-id=\"3768\" class=\"elementor elementor-3768\">\n\t\t\t\t<div class=\"elementor-element elementor-element-2a37b54a e-con-full e-flex wpr-particle-no wpr-jarallax-no wpr-parallax-no wpr-sticky-section-no e-con e-parent\" data-id=\"2a37b54a\" data-element_type=\"container\">\n\t\t<div class=\"elementor-element elementor-element-d2c2a63 e-con-full e-flex wpr-particle-no wpr-jarallax-no wpr-parallax-no wpr-sticky-section-no e-con e-child\" data-id=\"d2c2a63\" data-element_type=\"container\">\n\t\t\t\t<div class=\"elementor-element elementor-element-1812683f elementor-widget elementor-widget-text-editor\" data-id=\"1812683f\" data-element_type=\"widget\" data-widget_type=\"text-editor.default\">\n\t\t\t\t<div class=\"elementor-widget-container\">\n\t\t\t\t\t\t\t\t\t<p>Predsjednik Hrvatske Zoran Milanovi\u0107 istakao da je dr\u017eanje EU prema Ukrajini \u201cdrska uvreda prema Crnoj Gori i Sjevernoj Makedoniji\u201d.<\/p><p>\u201cDrska je uvreda, tako\u0111e, ako ka\u017eete da je Ukrajina najbli\u017ea \u010dlanstvu u EU\u201d, precizirao je prvi \u010dovjek Hrvatske i dodao da je njemu li\u010dno \u201cto veliki cinizam i bezobrazluk koji je postao nezaustavljiv.<\/p><p>\u201eTi ljudi kao da su opsjednuti Ukrajinom i kao da im od toga zavisi opstanak na vlasti. Sa druge strane, Ukrajina je trenutno zemlja bez definisane teritorije i bez sposobnosti da se sama finansira\u201c, naveo je Milanovi\u0107.<\/p><p>On je tokom sastanka sa svojim bugarskim kolegom Rumenom Radevim rekao da \u201epostoji \u017eivot i van granica EU, a najbolji primjer su na\u0161e dvije dr\u017eave koje egzistiraju iako Sofija jo\u0161 nije uvela euro kao valutu\u201c.<\/p><p>Na pitanje zbog \u010dega misli da je Sjeverna Makedonija bli\u017ea zavr\u0161etku svojih evrointegracija od Ukrajine ako se ima u vidu njen spor sa Bugarskom, Milanovi\u0107 je odgovorio da je to \u201estvar odnosa izme\u0111u dvije dr\u017eave\u201c i da je \u201ena njima da to me\u0111usobno rije\u0161e\u201c.<\/p>\t\t\t\t\t\t\t\t<\/div>\n\t\t\t\t<\/div>\n\t\t<div class=\"elementor-element elementor-element-df7e021 e-con-full e-flex wpr-particle-no wpr-jarallax-no wpr-parallax-no wpr-sticky-section-no e-con e-child\" data-id=\"df7e021\" data-element_type=\"container\">\n\t\t\t\t<div class=\"elementor-element elementor-element-c3a1298 elementor-widget elementor-widget-wpr-post-title\" data-id=\"c3a1298\" data-element_type=\"widget\" data-widget_type=\"wpr-post-title.default\">\n\t\t\t\t<div class=\"elementor-widget-container\">\n\t\t\t\t\t<h1 class=\"wpr-post-title\">Milanovi\u0107: Drska uvreda za Crnu Goru je dr\u017eanje EU prema Ukrajini<\/h1>\t\t\t\t<\/div>\n\t\t\t\t<\/div>\n\t\t\t\t<div class=\"elementor-element elementor-element-6e473ff elementor-widget elementor-widget-eael-breadcrumbs\" data-id=\"6e473ff\" data-element_type=\"widget\" data-widget_type=\"eael-breadcrumbs.default\">\n\t\t\t\t<div class=\"elementor-widget-container\">\n\t\t\t\t\t\t\t<div class=\"eael-breadcrumbs\">\n\t\t\t<div class=\"eael-breadcrumbs__content\"><a href=\"https:\/\/ekonomist.me\">Home<\/a> <span class=\"eael-breadcrumb-separator\">\/<\/span> <\/div>\t\t<\/div>\n\t\t\t\t\t\t<\/div>\n\t\t\t\t<\/div>\n\t\t\t\t<\/div>\n\t\t\t\t<\/div>\n\t\t\t\t<div class=\"elementor-element elementor-element-cc13a3d elementor-widget-divider--view-line elementor-widget elementor-widget-divider\" data-id=\"cc13a3d\" data-element_type=\"widget\" data-widget_type=\"divider.default\">\n\t\t\t\t<div class=\"elementor-widget-container\">\n\t\t\t\t\t\t\t<div class=\"elementor-divider\">\n\t\t\t<span class=\"elementor-divider-separator\">\n\t\t\t\t\t\t<\/span>\n\t\t<\/div>\n\t\t\t\t\t\t<\/div>\n\t\t\t\t<\/div>\n\t\t\t\t<\/div>\n\t\t<div class=\"elementor-element elementor-element-14f10a2 e-flex e-con-boxed wpr-particle-no wpr-jarallax-no wpr-parallax-no wpr-sticky-section-no e-con e-parent\" data-id=\"14f10a2\" data-element_type=\"container\">\n\t\t\t\t\t<div class=\"e-con-inner\">\n\t\t\t\t\t<\/div>\n\t\t\t\t<\/div>\n\t\t\t\t<\/div>\n\t\t","protected":false},"excerpt":{"rendered":"<p>Predsjednik Hrvatske Zoran Milanovi\u0107 istakao da je dr\u017eanje EU prema Ukrajini \u201cdrska uvreda prema Crnoj Gori i Sjevernoj Makedoniji\u201d. \u201cDrska je uvreda, tako\u0111e, ako ka\u017eete da je Ukrajina najbli\u017ea \u010dlanstvu u EU\u201d, precizirao je prvi \u010dovjek Hrvatske i dodao da je njemu li\u010dno \u201cto veliki cinizam i bezobrazluk koji je postao nezaustavljiv. \u201eTi ljudi kao da su opsjednuti Ukrajinom i kao da im od toga zavisi opstanak na vlasti. Sa druge strane, Ukrajina je trenutno zemlja bez definisane teritorije i bez sposobnosti da se sama finansira\u201c, naveo je Milanovi\u0107. On je tokom sastanka sa svojim bugarskim kolegom Rumenom Radevim rekao da \u201epostoji \u017eivot i van granica EU, a najbolji primjer su na\u0161e dvije dr\u017eave koje egzistiraju iako Sofija jo\u0161 nije uvela euro kao valutu\u201c. Na pitanje zbog \u010dega misli da je Sjeverna Makedonija bli\u017ea zavr\u0161etku svojih evrointegracija od Ukrajine ako se ima u vidu njen spor sa Bugarskom, Milanovi\u0107 je odgovorio da je to \u201estvar odnosa izme\u0111u dvije dr\u017eave\u201c i da je \u201ena njima da to me\u0111usobno rije\u0161e\u201c. Milanovi\u0107: Drska uvreda za Crnu Goru je dr\u017eanje EU prema Ukrajini Home \/<\/p>\n","protected":false},"author":1,"featured_media":3797,"comment_status":"open","ping_status":"open","sticky":false,"template":"","format":"standard","meta":{"footnotes":""},"categories":[6],"tags":[],"class_list":["post-3768","post","type-post","status-publish","format-standard","has-post-thumbnail","hentry","category-ekonomija"],"_links":{"self":[{"href":"https:\/\/ekonomist.me\/index.php\/wp-json\/wp\/v2\/posts\/3768","targetHints":{"allow":["GET"]}}],"collection":[{"href":"https:\/\/ekonomist.me\/index.php\/wp-json\/wp\/v2\/posts"}],"about":[{"href":"https:\/\/ekonomist.me\/index.php\/wp-json\/wp\/v2\/types\/post"}],"author":[{"embeddable":true,"href":"https:\/\/ekonomist.me\/index.php\/wp-json\/wp\/v2\/users\/1"}],"replies":[{"embeddable":true,"href":"https:\/\/ekonomist.me\/index.php\/wp-json\/wp\/v2\/comments?post=3768"}],"version-history":[{"count":4,"href":"https:\/\/ekonomist.me\/index.php\/wp-json\/wp\/v2\/posts\/3768\/revisions"}],"predecessor-version":[{"id":3773,"href":"https:\/\/ekonomist.me\/index.php\/wp-json\/wp\/v2\/posts\/3768\/revisions\/3773"}],"wp:featuredmedia":[{"embeddable":true,"href":"https:\/\/ekonomist.me\/index.php\/wp-json\/wp\/v2\/media\/3797"}],"wp:attachment":[{"href":"https:\/\/ekonomist.me\/index.php\/wp-json\/wp\/v2\/media?parent=3768"}],"wp:term":[{"taxonomy":"category","embeddable":true,"href":"https:\/\/ekonomist.me\/index.php\/wp-json\/wp\/v2\/categories?post=3768"},{"taxonomy":"post_tag","embeddable":true,"href":"https:\/\/ekonomist.me\/index.php\/wp-json\/wp\/v2\/tags?post=3768"}],"curies":[{"name":"wp","href":"https:\/\/api.w.org\/{rel}","templated":true}]}}