{"id":3751,"date":"2025-07-14T09:51:44","date_gmt":"2025-07-14T09:51:44","guid":{"rendered":"https:\/\/ekonomist.me\/?p=3751"},"modified":"2025-07-14T10:50:29","modified_gmt":"2025-07-14T10:50:29","slug":"zavrsen-posao-tenderske-komisije-za-koncesiju-aerodroma","status":"publish","type":"post","link":"https:\/\/ekonomist.me\/index.php\/2025\/07\/14\/zavrsen-posao-tenderske-komisije-za-koncesiju-aerodroma\/","title":{"rendered":"Zavr\u0161en posao Tenderske komisije za koncesiju aerodroma"},"content":{"rendered":"\t\t<div data-elementor-type=\"wp-post\" data-elementor-id=\"3751\" class=\"elementor elementor-3751\">\n\t\t\t\t<div class=\"elementor-element elementor-element-2a37b54a e-con-full e-flex wpr-particle-no wpr-jarallax-no wpr-parallax-no wpr-sticky-section-no e-con e-parent\" data-id=\"2a37b54a\" data-element_type=\"container\">\n\t\t<div class=\"elementor-element elementor-element-d2c2a63 e-con-full e-flex wpr-particle-no wpr-jarallax-no wpr-parallax-no wpr-sticky-section-no e-con e-child\" data-id=\"d2c2a63\" data-element_type=\"container\">\n\t\t\t\t<div class=\"elementor-element elementor-element-1812683f elementor-widget elementor-widget-text-editor\" data-id=\"1812683f\" data-element_type=\"widget\" data-widget_type=\"text-editor.default\">\n\t\t\t\t<div class=\"elementor-widget-container\">\n\t\t\t\t\t\t\t\t\t<p>Tenderska komisija objavila je danas da je zavr\u0161ila svoj dio posla oko koncesija za crnogorske aerodrome, saop\u0161tio je njen predsjednik Nik \u0110eljo\u0161aj.<\/p><p>Taj posao je okon\u010dan usvajanjem Izvje\u0161taja o sprovedenom postupku vrednovanja ponuda sa rang listom ponu\u0111a\u010da i obrazlo\u017eenjem rang liste i Zapisnika o cijelom toku postupka otvaranja, kontrole, pregleda i vrednovanja ponuda.<\/p><p>Prema rije\u010dima \u0110eljo\u0161aja, koji je ujedno i ministar ekonomskog razvoja u Vladi Crne Gore dalje postupanje u vezi sa koncesionim poslovima nad aerodromima u Podgorici i Tivtu bi\u0107e u nadle\u017enosti Ministarstva saobra\u0107aja.<\/p><p>\u0110eljo\u0161aj je iskoristio priliku da zahvali svim \u010dlanovima komisija \u201ena iscrpnom radu\u201c i objasni javnosti da su odluke unutar tog tijela dono\u0161ene \u201eu skladu sa Poslovnikom o radu\u201c odnosno \u201etek kada su se o njima izjasnili svi \u010dlanovi\u201c.<\/p><p>On je demantovao navode jedne \u010dlanice Tehni\u010dke komisije u podgori\u010dkom dnevniku \u201eVijesti\u201c za koje tvrdi da su \u201ejedna opasna i neistinita konstrukcija\u201c.<\/p><p>\u201eTa \u010dlanica na\u0161e komisije je sve vrijeme kontaminirala njen rad, iznosila javno tajne podatke i vrlo brzo \u0107e svima biti jasni razlozi takvog pona\u0161anja\u201c, poru\u010dio je \u0110eljo\u0161aj.<\/p><p>Ministar je na kraju zaklju\u010dio da je jedini njegov grijeh \u0161to nije dozvolio \u201efalsifikovanje na\u0161eg rada odnosno prikrivanje onoga \u0161to zna cijela Crna Gora, a to je da smo bodovali dva puta, a ja sam upravo zbog toga targetiran po\u0161to smatram da je nezakonito svako skrivanje podataka\u201c.<\/p>\t\t\t\t\t\t\t\t<\/div>\n\t\t\t\t<\/div>\n\t\t<div class=\"elementor-element elementor-element-df7e021 e-con-full e-flex wpr-particle-no wpr-jarallax-no wpr-parallax-no wpr-sticky-section-no e-con e-child\" data-id=\"df7e021\" data-element_type=\"container\">\n\t\t\t\t<div class=\"elementor-element elementor-element-c3a1298 elementor-widget elementor-widget-wpr-post-title\" data-id=\"c3a1298\" data-element_type=\"widget\" data-widget_type=\"wpr-post-title.default\">\n\t\t\t\t<div class=\"elementor-widget-container\">\n\t\t\t\t\t<h1 class=\"wpr-post-title\">Zavr\u0161en posao Tenderske komisije za koncesiju aerodroma<\/h1>\t\t\t\t<\/div>\n\t\t\t\t<\/div>\n\t\t\t\t<div class=\"elementor-element elementor-element-6e473ff elementor-widget elementor-widget-eael-breadcrumbs\" data-id=\"6e473ff\" data-element_type=\"widget\" data-widget_type=\"eael-breadcrumbs.default\">\n\t\t\t\t<div class=\"elementor-widget-container\">\n\t\t\t\t\t\t\t<div class=\"eael-breadcrumbs\">\n\t\t\t<div class=\"eael-breadcrumbs__content\"><a href=\"https:\/\/ekonomist.me\">Home<\/a> <span class=\"eael-breadcrumb-separator\">\/<\/span> <\/div>\t\t<\/div>\n\t\t\t\t\t\t<\/div>\n\t\t\t\t<\/div>\n\t\t\t\t<\/div>\n\t\t\t\t<\/div>\n\t\t\t\t<div class=\"elementor-element elementor-element-cc13a3d elementor-widget-divider--view-line elementor-widget elementor-widget-divider\" data-id=\"cc13a3d\" data-element_type=\"widget\" data-widget_type=\"divider.default\">\n\t\t\t\t<div class=\"elementor-widget-container\">\n\t\t\t\t\t\t\t<div class=\"elementor-divider\">\n\t\t\t<span class=\"elementor-divider-separator\">\n\t\t\t\t\t\t<\/span>\n\t\t<\/div>\n\t\t\t\t\t\t<\/div>\n\t\t\t\t<\/div>\n\t\t\t\t<\/div>\n\t\t<div class=\"elementor-element elementor-element-2fd4285 e-flex e-con-boxed wpr-particle-no wpr-jarallax-no wpr-parallax-no wpr-sticky-section-no e-con e-parent\" data-id=\"2fd4285\" data-element_type=\"container\">\n\t\t\t\t\t<div class=\"e-con-inner\">\n\t\t\t\t\t<\/div>\n\t\t\t\t<\/div>\n\t\t\t\t<\/div>\n\t\t","protected":false},"excerpt":{"rendered":"<p>Tenderska komisija objavila je danas da je zavr\u0161ila svoj dio posla oko koncesija za crnogorske aerodrome, saop\u0161tio je njen predsjednik Nik \u0110eljo\u0161aj.<br \/>\nTaj posao je okon\u010dan usvajanjem Izvje\u0161taja o sprovedenom postupku vrednovanja ponuda sa rang listom ponu\u0111a\u010da i obrazlo\u017eenjem rang liste i Zapisnika o cijelom toku postupka otvaranja, kontrole, pregleda i vrednovanja ponuda.<br \/>\nPrema rije\u010dima \u0110eljo\u0161aja, koji je ujedno i ministar ekonomskog razvoja u Vladi Crne Gore dalje postupanje u vezi sa koncesionim poslovima nad aerodromima u Podgorici i Tivtu bi\u0107e u nadle\u017enosti Ministarstva saobra\u0107aja.<br \/>\n\u0110eljo\u0161aj je iskoristio priliku da zahvali svim \u010dlanovima komisija \u201ena iscrpnom radu\u201c i objasni javnosti da su odluke unutar tog tijela dono\u0161ene \u201eu skladu sa Poslovnikom o radu\u201c odnosno \u201etek kada su se o njima izjasnili svi \u010dlanovi\u201c.<br \/>\nOn je demantovao navode jedne \u010dlanice Tehni\u010dke komisije u podgori\u010dkom dnevniku \u201eVijesti\u201c za koje tvrdi da su \u201ejedna opasna i neistinita konstrukcija\u201c.<br \/>\n\u201eTa \u010dlanica na\u0161e komisije je sve vrijeme kontaminirala njen rad, iznosila javno tajne podatke i vrlo brzo \u0107e svima biti jasni razlozi takvog pona\u0161anja\u201c, poru\u010dio je \u0110eljo\u0161aj.<br \/>\nMinistar je na kraju zaklju\u010dio da je jedini njegov grijeh \u0161to nije dozvolio \u201efalsifikovanje na\u0161eg rada odnosno prikrivanje onoga \u0161to zna cijela Crna Gora, a to je da smo bodovali dva puta, a ja sam upravo zbog toga targetiran po\u0161to smatram da je nezakonito svako skrivanje podataka\u201c.<\/p>\n","protected":false},"author":1,"featured_media":3762,"comment_status":"open","ping_status":"open","sticky":false,"template":"","format":"standard","meta":{"footnotes":""},"categories":[6],"tags":[],"class_list":["post-3751","post","type-post","status-publish","format-standard","has-post-thumbnail","hentry","category-ekonomija"],"_links":{"self":[{"href":"https:\/\/ekonomist.me\/index.php\/wp-json\/wp\/v2\/posts\/3751","targetHints":{"allow":["GET"]}}],"collection":[{"href":"https:\/\/ekonomist.me\/index.php\/wp-json\/wp\/v2\/posts"}],"about":[{"href":"https:\/\/ekonomist.me\/index.php\/wp-json\/wp\/v2\/types\/post"}],"author":[{"embeddable":true,"href":"https:\/\/ekonomist.me\/index.php\/wp-json\/wp\/v2\/users\/1"}],"replies":[{"embeddable":true,"href":"https:\/\/ekonomist.me\/index.php\/wp-json\/wp\/v2\/comments?post=3751"}],"version-history":[{"count":3,"href":"https:\/\/ekonomist.me\/index.php\/wp-json\/wp\/v2\/posts\/3751\/revisions"}],"predecessor-version":[{"id":3755,"href":"https:\/\/ekonomist.me\/index.php\/wp-json\/wp\/v2\/posts\/3751\/revisions\/3755"}],"wp:featuredmedia":[{"embeddable":true,"href":"https:\/\/ekonomist.me\/index.php\/wp-json\/wp\/v2\/media\/3762"}],"wp:attachment":[{"href":"https:\/\/ekonomist.me\/index.php\/wp-json\/wp\/v2\/media?parent=3751"}],"wp:term":[{"taxonomy":"category","embeddable":true,"href":"https:\/\/ekonomist.me\/index.php\/wp-json\/wp\/v2\/categories?post=3751"},{"taxonomy":"post_tag","embeddable":true,"href":"https:\/\/ekonomist.me\/index.php\/wp-json\/wp\/v2\/tags?post=3751"}],"curies":[{"name":"wp","href":"https:\/\/api.w.org\/{rel}","templated":true}]}}