{"id":3691,"date":"2025-07-09T09:45:05","date_gmt":"2025-07-09T09:45:05","guid":{"rendered":"https:\/\/ekonomist.me\/?p=3691"},"modified":"2025-07-09T09:54:57","modified_gmt":"2025-07-09T09:54:57","slug":"klimatske-promjene-gotovo-utrostrucile-smrti-od-vrucine-u-evropskim-gradovima","status":"publish","type":"post","link":"https:\/\/ekonomist.me\/index.php\/2025\/07\/09\/klimatske-promjene-gotovo-utrostrucile-smrti-od-vrucine-u-evropskim-gradovima\/","title":{"rendered":"Klimatske promjene gotovo utrostru\u010dile smrti od vru\u0107ine u evropskim gradovima"},"content":{"rendered":"\t\t<div data-elementor-type=\"wp-post\" data-elementor-id=\"3691\" class=\"elementor elementor-3691\">\n\t\t\t\t<div class=\"elementor-element elementor-element-2a37b54a e-con-full e-flex wpr-particle-no wpr-jarallax-no wpr-parallax-no wpr-sticky-section-no e-con e-parent\" data-id=\"2a37b54a\" data-element_type=\"container\">\n\t\t<div class=\"elementor-element elementor-element-d2c2a63 e-con-full e-flex wpr-particle-no wpr-jarallax-no wpr-parallax-no wpr-sticky-section-no e-con e-child\" data-id=\"d2c2a63\" data-element_type=\"container\">\n\t\t\t\t<div class=\"elementor-element elementor-element-1812683f elementor-widget elementor-widget-text-editor\" data-id=\"1812683f\" data-element_type=\"widget\" data-widget_type=\"text-editor.default\">\n\t\t\t\t<div class=\"elementor-widget-container\">\n\t\t\t\t\t\t\t\t\t<header class=\"article-header\"><p class=\"article__subhead\"><em>Nedavni toplotni talas posebno je pogodio ranjive grupe, poput ljudi s ve\u0107 postoje\u0107im zdravstvenim problemima i starijih osoba.<\/em><\/p><\/header><div class=\"wysiwyg wysiwyg--all-content\" aria-live=\"polite\" aria-atomic=\"true\"><p>Klimatske promjene\u00a0gotovo su utrostru\u010dile broj smrtnih slu\u010dajeva povezanih s vru\u0107inom u ve\u0107im evropskim gradovima tokom ekstremnog\u00a0toplotnog vala\u00a0od kraja juna do po\u010detka jula, prema novoj studiji objavljenoj u srijedu.<\/p><p>Nau\u010dnici iz Ujedinjenog Kraljevstva, Danske, Holandije i \u0160vajcarske analizirali su uslove u 12 velikih evropskih gradova izme\u0111u 23. juna i 2. jula, prenosi Hina.<\/p><p>Studija Koled\u017ea Imperial u Londonu i Londonske \u0161kole higijene i tropske medicine obuhvatila je, me\u0111u ostalim, Barselonu, Madrid, London i Milano, gdje su istra\u017eiva\u010di rekli da su klimatske promjene pove\u0107ale temperature toplotnih talasa do \u010detiri stepena Celzijusovih.<\/p><p>Procjenjuju da je gotovo 2.300 ljudi umrlo od uzroka povezanih s vru\u0107inom tokom razdoblja od deset dana, a oko dvije tre\u0107ine smrtnih slu\u010dajeva \u2013 otprilike 1.500 \u2013 pripisuje se klimatskim promjenama.<\/p><h2 id=\"ekstremne-temperature\">Ekstremne temperature<\/h2><p>Temperature u mnogim gradovima porasle su na ekstremne nivoe tokom tog razdoblja, \u010desto prelaze\u0107i 40 stepeni Celzijusa.<\/p><p>Bez\u00a0globalnog zagrijavanja, za koje studija ka\u017ee da je povisilo dnevne temperature u gradovima za dodatnih jedan do \u010detiri stepena Celzijusa, gotovo 800 ljudi bi umrlo od vru\u0107ine, prema izra\u010dunima nau\u010dnika.<\/p><p>Za analizu, tim je uporedio stvarne temperature zabilje\u017eene u gradovima tokom tog razdoblja s modeliranim vrijednostima koje bi se dogodile bez klimatskih promjena. Zatim je izra\u010dunao o\u010dekivani broj smrtnih slu\u010dajeva povezanih s vru\u0107inom za oba scenarija.<\/p><p>Nedavni toplotni talas posebno je pogodio ranjive grupe, poput ljudi s ve\u0107 postoje\u0107im zdravstvenim problemima i starijih osoba.<\/p><p>Prema izvje\u0161taju tima, 88 posto procijenjenih smrtnih slu\u010dajeva dogodilo se me\u0111u osobama u dobi od 65 i vi\u0161e godina.<\/p><\/div><div class=\"article-source\">Izvor:\u00a0Hina<\/div>\t\t\t\t\t\t\t\t<\/div>\n\t\t\t\t<\/div>\n\t\t<div class=\"elementor-element elementor-element-df7e021 e-con-full e-flex wpr-particle-no wpr-jarallax-no wpr-parallax-no wpr-sticky-section-no e-con e-child\" data-id=\"df7e021\" data-element_type=\"container\">\n\t\t\t\t<div class=\"elementor-element elementor-element-c3a1298 elementor-widget elementor-widget-wpr-post-title\" data-id=\"c3a1298\" data-element_type=\"widget\" data-widget_type=\"wpr-post-title.default\">\n\t\t\t\t<div class=\"elementor-widget-container\">\n\t\t\t\t\t<h1 class=\"wpr-post-title\">Klimatske promjene gotovo utrostru\u010dile smrti od vru\u0107ine u evropskim gradovima<\/h1>\t\t\t\t<\/div>\n\t\t\t\t<\/div>\n\t\t\t\t<div class=\"elementor-element elementor-element-6e473ff elementor-widget elementor-widget-eael-breadcrumbs\" data-id=\"6e473ff\" data-element_type=\"widget\" data-widget_type=\"eael-breadcrumbs.default\">\n\t\t\t\t<div class=\"elementor-widget-container\">\n\t\t\t\t\t\t\t<div class=\"eael-breadcrumbs\">\n\t\t\t<div class=\"eael-breadcrumbs__content\"><a href=\"https:\/\/ekonomist.me\">Home<\/a> <span class=\"eael-breadcrumb-separator\">\/<\/span> <\/div>\t\t<\/div>\n\t\t\t\t\t\t<\/div>\n\t\t\t\t<\/div>\n\t\t\t\t<\/div>\n\t\t\t\t<\/div>\n\t\t\t\t<div class=\"elementor-element elementor-element-cc13a3d elementor-widget-divider--view-line elementor-widget elementor-widget-divider\" data-id=\"cc13a3d\" data-element_type=\"widget\" data-widget_type=\"divider.default\">\n\t\t\t\t<div class=\"elementor-widget-container\">\n\t\t\t\t\t\t\t<div class=\"elementor-divider\">\n\t\t\t<span class=\"elementor-divider-separator\">\n\t\t\t\t\t\t<\/span>\n\t\t<\/div>\n\t\t\t\t\t\t<\/div>\n\t\t\t\t<\/div>\n\t\t\t\t<\/div>\n\t\t\t\t<\/div>\n\t\t","protected":false},"excerpt":{"rendered":"<p>Nedavni toplotni talas posebno je pogodio ranjive grupe, poput ljudi s ve\u0107 postoje\u0107im zdravstvenim problemima i starijih osoba. Klimatske promjene\u00a0gotovo su utrostru\u010dile broj smrtnih slu\u010dajeva povezanih s vru\u0107inom u ve\u0107im evropskim gradovima tokom ekstremnog\u00a0toplotnog vala\u00a0od kraja juna do po\u010detka jula, prema novoj studiji objavljenoj u srijedu. Nau\u010dnici iz Ujedinjenog Kraljevstva, Danske, Holandije i \u0160vajcarske analizirali su uslove u 12 velikih evropskih gradova izme\u0111u 23. juna i 2. jula, prenosi Hina. Studija Koled\u017ea Imperial u Londonu i Londonske \u0161kole higijene i tropske medicine obuhvatila je, me\u0111u ostalim, Barselonu, Madrid, London i Milano, gdje su istra\u017eiva\u010di rekli da su klimatske promjene pove\u0107ale temperature toplotnih talasa do \u010detiri stepena Celzijusovih. Procjenjuju da je gotovo 2.300 ljudi umrlo od uzroka povezanih s vru\u0107inom tokom razdoblja od deset dana, a oko dvije tre\u0107ine smrtnih slu\u010dajeva \u2013 otprilike 1.500 \u2013 pripisuje se klimatskim promjenama. Ekstremne temperature Temperature u mnogim gradovima porasle su na ekstremne nivoe tokom tog razdoblja, \u010desto prelaze\u0107i 40 stepeni Celzijusa. Bez\u00a0globalnog zagrijavanja, za koje studija ka\u017ee da je povisilo dnevne temperature u gradovima za dodatnih jedan do \u010detiri stepena Celzijusa, gotovo 800 ljudi bi umrlo od vru\u0107ine, prema izra\u010dunima nau\u010dnika. Za analizu, tim je uporedio stvarne temperature zabilje\u017eene u gradovima tokom tog razdoblja s modeliranim vrijednostima koje bi se dogodile bez klimatskih promjena. Zatim je izra\u010dunao o\u010dekivani broj smrtnih slu\u010dajeva povezanih s vru\u0107inom za oba scenarija. Nedavni toplotni talas posebno je pogodio ranjive grupe, poput ljudi s ve\u0107 postoje\u0107im zdravstvenim problemima i starijih osoba. Prema izvje\u0161taju tima, 88 posto procijenjenih smrtnih slu\u010dajeva dogodilo se me\u0111u osobama u dobi od 65 i vi\u0161e godina. Izvor:\u00a0Hina Klimatske promjene gotovo utrostru\u010dile smrti od vru\u0107ine u evropskim gradovima Home \/<\/p>\n","protected":false},"author":1,"featured_media":3692,"comment_status":"open","ping_status":"open","sticky":false,"template":"","format":"standard","meta":{"footnotes":""},"categories":[6],"tags":[],"class_list":["post-3691","post","type-post","status-publish","format-standard","has-post-thumbnail","hentry","category-ekonomija"],"_links":{"self":[{"href":"https:\/\/ekonomist.me\/index.php\/wp-json\/wp\/v2\/posts\/3691","targetHints":{"allow":["GET"]}}],"collection":[{"href":"https:\/\/ekonomist.me\/index.php\/wp-json\/wp\/v2\/posts"}],"about":[{"href":"https:\/\/ekonomist.me\/index.php\/wp-json\/wp\/v2\/types\/post"}],"author":[{"embeddable":true,"href":"https:\/\/ekonomist.me\/index.php\/wp-json\/wp\/v2\/users\/1"}],"replies":[{"embeddable":true,"href":"https:\/\/ekonomist.me\/index.php\/wp-json\/wp\/v2\/comments?post=3691"}],"version-history":[{"count":11,"href":"https:\/\/ekonomist.me\/index.php\/wp-json\/wp\/v2\/posts\/3691\/revisions"}],"predecessor-version":[{"id":3703,"href":"https:\/\/ekonomist.me\/index.php\/wp-json\/wp\/v2\/posts\/3691\/revisions\/3703"}],"wp:featuredmedia":[{"embeddable":true,"href":"https:\/\/ekonomist.me\/index.php\/wp-json\/wp\/v2\/media\/3692"}],"wp:attachment":[{"href":"https:\/\/ekonomist.me\/index.php\/wp-json\/wp\/v2\/media?parent=3691"}],"wp:term":[{"taxonomy":"category","embeddable":true,"href":"https:\/\/ekonomist.me\/index.php\/wp-json\/wp\/v2\/categories?post=3691"},{"taxonomy":"post_tag","embeddable":true,"href":"https:\/\/ekonomist.me\/index.php\/wp-json\/wp\/v2\/tags?post=3691"}],"curies":[{"name":"wp","href":"https:\/\/api.w.org\/{rel}","templated":true}]}}