{"id":3472,"date":"2025-06-26T08:18:00","date_gmt":"2025-06-26T08:18:00","guid":{"rendered":"https:\/\/ekonomist.me\/?p=3472"},"modified":"2025-06-26T08:21:23","modified_gmt":"2025-06-26T08:21:23","slug":"odluka-o-zapadnom-balkanu-sad-produzio-vanredno-stanje","status":"publish","type":"post","link":"https:\/\/ekonomist.me\/index.php\/2025\/06\/26\/odluka-o-zapadnom-balkanu-sad-produzio-vanredno-stanje\/","title":{"rendered":"Odluka o Zapadnom Balkanu: SAD produ\u017eio vanredno stanje"},"content":{"rendered":"\t\t<div data-elementor-type=\"wp-post\" data-elementor-id=\"3472\" class=\"elementor elementor-3472\">\n\t\t\t\t<div class=\"elementor-element elementor-element-2a37b54a e-con-full e-flex wpr-particle-no wpr-jarallax-no wpr-parallax-no wpr-sticky-section-no e-con e-parent\" data-id=\"2a37b54a\" data-element_type=\"container\">\n\t\t<div class=\"elementor-element elementor-element-d2c2a63 e-con-full e-flex wpr-particle-no wpr-jarallax-no wpr-parallax-no wpr-sticky-section-no e-con e-child\" data-id=\"d2c2a63\" data-element_type=\"container\">\n\t\t<div class=\"elementor-element elementor-element-df7e021 e-con-full e-flex wpr-particle-no wpr-jarallax-no wpr-parallax-no wpr-sticky-section-no e-con e-child\" data-id=\"df7e021\" data-element_type=\"container\">\n\t\t\t\t<div class=\"elementor-element elementor-element-c3a1298 elementor-widget elementor-widget-wpr-post-title\" data-id=\"c3a1298\" data-element_type=\"widget\" data-widget_type=\"wpr-post-title.default\">\n\t\t\t\t<div class=\"elementor-widget-container\">\n\t\t\t\t\t<h1 class=\"wpr-post-title\">Odluka o Zapadnom Balkanu: SAD produ\u017eio vanredno stanje<\/h1>\t\t\t\t<\/div>\n\t\t\t\t<\/div>\n\t\t\t\t<div class=\"elementor-element elementor-element-6e473ff elementor-widget elementor-widget-eael-breadcrumbs\" data-id=\"6e473ff\" data-element_type=\"widget\" data-widget_type=\"eael-breadcrumbs.default\">\n\t\t\t\t<div class=\"elementor-widget-container\">\n\t\t\t\t\t\t\t<div class=\"eael-breadcrumbs\">\n\t\t\t<div class=\"eael-breadcrumbs__content\"><a href=\"https:\/\/ekonomist.me\">Home<\/a> <span class=\"eael-breadcrumb-separator\">\/<\/span> <\/div>\t\t<\/div>\n\t\t\t\t\t\t<\/div>\n\t\t\t\t<\/div>\n\t\t\t\t<div class=\"elementor-element elementor-element-1812683f elementor-widget elementor-widget-text-editor\" data-id=\"1812683f\" data-element_type=\"widget\" data-widget_type=\"text-editor.default\">\n\t\t\t\t<div class=\"elementor-widget-container\">\n\t\t\t\t\t\t\t\t\t<header class=\"article-header\"><p class=\"article__subhead\"><em>Destabilizuju\u0107e akcije, korupcija i poku\u0161aji potkopavanja suvereniteta zemalja u regiji predstavljaju izuzetnu prijetnju po nacionalnu sigurnost i spoljnu politiku SAD-a, ka\u017ee se u naredbi.<\/em><\/p><\/header><div class=\"wysiwyg wysiwyg--all-content\" aria-live=\"polite\" aria-atomic=\"true\"><p>SAD\u00a0je produ\u017eio nacionalno vanredno stanje u vezi sa\u00a0Zapadnim Balkanom, koje je progla\u0161eno 2001. godine, na jo\u0161 godinu, po\u010dev\u0161i od 26. juna.<\/p><p>Izvr\u0161nu naredbu kojom se produ\u017eava vanredno stanje ameri\u010dki predsjednik\u00a0Donald Trump\u00a0potpisao je 20. maja.<\/p><p>U dokumentu objavljenom u Federalnom registru SAD-a navodi se da su ameri\u010dka nacionalna sigurnost i vanjska politika ugro\u017eene \u201cdjelovanjem osoba koje u\u010destvuju, poma\u017eu, sponzoriraju i podr\u017eavaju ekstremisti\u010dko nasilje u\u00a0Sjevernoj Makedoniji\u00a0i drugdje na Zapadnom Balkanu, kao i opstrukcijom primjene Dejtonskog sporazuma ili kr\u0161enjem\u00a0Rezolucije 1244\u00a0Vije\u0107a sigurnosti Ujedinjenih naroda\u201c, javio je Tanjug.<\/p><p>Rezolucija 1244, poznata kao i Kosovska rezolucija, odre\u0111uje me\u0111unarodno-pravne osnove za osnivanje prelazne upravlja\u010dke misije Ujedinjenih nacija na Kosovu (UNMIK), kroz koju \u0107e se organizovati civilna uprava na podru\u010dju te zemlje kao i stacioniranje me\u0111unarodnih vojnih trupa KFOR.<\/p><h2 id=\"vanredno-stanje-proglaseno-2001-godine\">Vanredno stanje progla\u0161eno 2001. godine<\/h2><p>U tekstu Izvr\u0161ne naredbe stoji i da \u201cdestabilizuju\u0107e akcije, korupcija i poku\u0161aji potkopavanja suvereniteta zemalja u regiji predstavljaju izuzetnu prijetnju po nacionalnu sigurnost i spoljnu politiku SAD-a\u201d.<\/p><p>Izvr\u0161na naredba, kojom je prvi put progla\u0161eno vanredno stanje za SAD u vezi sa Zapadnim Balkanom, progla\u0161ena je 26. juna 2001. godine u vrijeme mandata tada\u0161njeg ameri\u010dkog predsjednika Georgea Busha mla\u0111eg.<\/p><p>Prethodni ameri\u010dki predsjednik Joe Biden je 8. januara, prije nego \u0161to je tada\u0161nji novoizabrani predsjednik Tramp preuzeo du\u017enost, potpisao Izvr\u0161nu naredbu 14140, kojom je vanredno stranje u vezi sa Zapadnim Balkanom produ\u017eio do 26. juna ove godine.<\/p><\/div><div class=\"article-source\">Izvor: Aljazeera<\/div>\t\t\t\t\t\t\t\t<\/div>\n\t\t\t\t<\/div>\n\t\t\t\t<\/div>\n\t\t\t\t<\/div>\n\t\t\t\t<div class=\"elementor-element elementor-element-cc13a3d elementor-widget-divider--view-line elementor-widget elementor-widget-divider\" data-id=\"cc13a3d\" data-element_type=\"widget\" data-widget_type=\"divider.default\">\n\t\t\t\t<div class=\"elementor-widget-container\">\n\t\t\t\t\t\t\t<div class=\"elementor-divider\">\n\t\t\t<span class=\"elementor-divider-separator\">\n\t\t\t\t\t\t<\/span>\n\t\t<\/div>\n\t\t\t\t\t\t<\/div>\n\t\t\t\t<\/div>\n\t\t\t\t<\/div>\n\t\t\t\t<\/div>\n\t\t","protected":false},"excerpt":{"rendered":"<p>Odluka o Zapadnom Balkanu: SAD produ\u017eio vanredno stanje Home \/ Destabilizuju\u0107e akcije, korupcija i poku\u0161aji potkopavanja suvereniteta zemalja u regiji predstavljaju izuzetnu prijetnju po nacionalnu sigurnost i spoljnu politiku SAD-a, ka\u017ee se u naredbi. SAD\u00a0je produ\u017eio nacionalno vanredno stanje u vezi sa\u00a0Zapadnim Balkanom, koje je progla\u0161eno 2001. godine, na jo\u0161 godinu, po\u010dev\u0161i od 26. juna. Izvr\u0161nu naredbu kojom se produ\u017eava vanredno stanje ameri\u010dki predsjednik\u00a0Donald Trump\u00a0potpisao je 20. maja. U dokumentu objavljenom u Federalnom registru SAD-a navodi se da su ameri\u010dka nacionalna sigurnost i vanjska politika ugro\u017eene \u201cdjelovanjem osoba koje u\u010destvuju, poma\u017eu, sponzoriraju i podr\u017eavaju ekstremisti\u010dko nasilje u\u00a0Sjevernoj Makedoniji\u00a0i drugdje na Zapadnom Balkanu, kao i opstrukcijom primjene Dejtonskog sporazuma ili kr\u0161enjem\u00a0Rezolucije 1244\u00a0Vije\u0107a sigurnosti Ujedinjenih naroda\u201c, javio je Tanjug. Rezolucija 1244, poznata kao i Kosovska rezolucija, odre\u0111uje me\u0111unarodno-pravne osnove za osnivanje prelazne upravlja\u010dke misije Ujedinjenih nacija na Kosovu (UNMIK), kroz koju \u0107e se organizovati civilna uprava na podru\u010dju te zemlje kao i stacioniranje me\u0111unarodnih vojnih trupa KFOR. Vanredno stanje progla\u0161eno 2001. godine U tekstu Izvr\u0161ne naredbe stoji i da \u201cdestabilizuju\u0107e akcije, korupcija i poku\u0161aji potkopavanja suvereniteta zemalja u regiji predstavljaju izuzetnu prijetnju po nacionalnu sigurnost i spoljnu politiku SAD-a\u201d. Izvr\u0161na naredba, kojom je prvi put progla\u0161eno vanredno stanje za SAD u vezi sa Zapadnim Balkanom, progla\u0161ena je 26. juna 2001. godine u vrijeme mandata tada\u0161njeg ameri\u010dkog predsjednika Georgea Busha mla\u0111eg. Prethodni ameri\u010dki predsjednik Joe Biden je 8. januara, prije nego \u0161to je tada\u0161nji novoizabrani predsjednik Tramp preuzeo du\u017enost, potpisao Izvr\u0161nu naredbu 14140, kojom je vanredno stranje u vezi sa Zapadnim Balkanom produ\u017eio do 26. juna ove godine. Izvor: Aljazeera<\/p>\n","protected":false},"author":1,"featured_media":3473,"comment_status":"open","ping_status":"open","sticky":false,"template":"","format":"standard","meta":{"footnotes":""},"categories":[9],"tags":[],"class_list":["post-3472","post","type-post","status-publish","format-standard","has-post-thumbnail","hentry","category-industrija"],"_links":{"self":[{"href":"https:\/\/ekonomist.me\/index.php\/wp-json\/wp\/v2\/posts\/3472","targetHints":{"allow":["GET"]}}],"collection":[{"href":"https:\/\/ekonomist.me\/index.php\/wp-json\/wp\/v2\/posts"}],"about":[{"href":"https:\/\/ekonomist.me\/index.php\/wp-json\/wp\/v2\/types\/post"}],"author":[{"embeddable":true,"href":"https:\/\/ekonomist.me\/index.php\/wp-json\/wp\/v2\/users\/1"}],"replies":[{"embeddable":true,"href":"https:\/\/ekonomist.me\/index.php\/wp-json\/wp\/v2\/comments?post=3472"}],"version-history":[{"count":7,"href":"https:\/\/ekonomist.me\/index.php\/wp-json\/wp\/v2\/posts\/3472\/revisions"}],"predecessor-version":[{"id":3480,"href":"https:\/\/ekonomist.me\/index.php\/wp-json\/wp\/v2\/posts\/3472\/revisions\/3480"}],"wp:featuredmedia":[{"embeddable":true,"href":"https:\/\/ekonomist.me\/index.php\/wp-json\/wp\/v2\/media\/3473"}],"wp:attachment":[{"href":"https:\/\/ekonomist.me\/index.php\/wp-json\/wp\/v2\/media?parent=3472"}],"wp:term":[{"taxonomy":"category","embeddable":true,"href":"https:\/\/ekonomist.me\/index.php\/wp-json\/wp\/v2\/categories?post=3472"},{"taxonomy":"post_tag","embeddable":true,"href":"https:\/\/ekonomist.me\/index.php\/wp-json\/wp\/v2\/tags?post=3472"}],"curies":[{"name":"wp","href":"https:\/\/api.w.org\/{rel}","templated":true}]}}