{"id":3301,"date":"2025-06-24T08:14:03","date_gmt":"2025-06-24T08:14:03","guid":{"rendered":"https:\/\/ekonomist.me\/?p=3301"},"modified":"2025-06-24T08:17:53","modified_gmt":"2025-06-24T08:17:53","slug":"kanada-potpisala-odbrambeni-sporazum-sa-eu","status":"publish","type":"post","link":"https:\/\/ekonomist.me\/index.php\/2025\/06\/24\/kanada-potpisala-odbrambeni-sporazum-sa-eu\/","title":{"rendered":"Kanada potpisala odbrambeni sporazum sa EU"},"content":{"rendered":"\t\t<div data-elementor-type=\"wp-post\" data-elementor-id=\"3301\" class=\"elementor elementor-3301\">\n\t\t\t\t<div class=\"elementor-element elementor-element-2a37b54a e-con-full e-flex wpr-particle-no wpr-jarallax-no wpr-parallax-no wpr-sticky-section-no e-con e-parent\" data-id=\"2a37b54a\" data-element_type=\"container\">\n\t\t<div class=\"elementor-element elementor-element-d2c2a63 e-con-full e-flex wpr-particle-no wpr-jarallax-no wpr-parallax-no wpr-sticky-section-no e-con e-child\" data-id=\"d2c2a63\" data-element_type=\"container\">\n\t\t<div class=\"elementor-element elementor-element-df7e021 e-con-full e-flex wpr-particle-no wpr-jarallax-no wpr-parallax-no wpr-sticky-section-no e-con e-child\" data-id=\"df7e021\" data-element_type=\"container\">\n\t\t\t\t<div class=\"elementor-element elementor-element-c3a1298 elementor-widget elementor-widget-wpr-post-title\" data-id=\"c3a1298\" data-element_type=\"widget\" data-widget_type=\"wpr-post-title.default\">\n\t\t\t\t<div class=\"elementor-widget-container\">\n\t\t\t\t\t<h1 class=\"wpr-post-title\">Kanada potpisala odbrambeni sporazum sa EU<\/h1>\t\t\t\t<\/div>\n\t\t\t\t<\/div>\n\t\t\t\t<div class=\"elementor-element elementor-element-6e473ff elementor-widget elementor-widget-eael-breadcrumbs\" data-id=\"6e473ff\" data-element_type=\"widget\" data-widget_type=\"eael-breadcrumbs.default\">\n\t\t\t\t<div class=\"elementor-widget-container\">\n\t\t\t\t\t\t\t<div class=\"eael-breadcrumbs\">\n\t\t\t<div class=\"eael-breadcrumbs__content\"><a href=\"https:\/\/ekonomist.me\">Home<\/a> <span class=\"eael-breadcrumb-separator\">\/<\/span> <\/div>\t\t<\/div>\n\t\t\t\t\t\t<\/div>\n\t\t\t\t<\/div>\n\t\t\t\t<div class=\"elementor-element elementor-element-1812683f elementor-widget elementor-widget-text-editor\" data-id=\"1812683f\" data-element_type=\"widget\" data-widget_type=\"text-editor.default\">\n\t\t\t\t<div class=\"elementor-widget-container\">\n\t\t\t\t\t\t\t\t\t<p>BRISEL- U nastojanju da smanji zavisnost Kanade od SAD koje predvodi predsjednik Donald Tramp, premijer zemlje Mark Karni je potpisao partnerstvo o bezbjednosti i odbrani sa Evropskom unijom, prenosi Politiko. Cilj sporazuma koji je potpisan u ponedjeljak je da se kanadski odnosi u oblasti odbrane i bezbjednosti pomjere dalje od SAD nakon Trampovih prijetnji da \u0107e anektirati sjevernog susjeda.<\/p><p>Kanada i evropske zemlje NATO tako\u0111e su obe\u0107ali da \u0107e dramati\u010dno pove\u0107ati svoje vojne izdatke, \u0161to \u0107e lideri alijanse potvrditi tokom samita u Hagu koji po\u010dinje danas, navodi briselski portal.<\/p><p>\u201eIako NATO ostaje kamen temeljac na\u0161e kolektivne odbrane, ovo partnerstvo \u0107e nam omogu\u0107iti da br\u017ee i bolje oja\u010damo na\u0161u spremnost &#8211; da vi\u0161e i pametnije investiramo\u201d, rekao je predsjednik Evropskog savjeta Antonio Kosta na konferenciji za novinare nakon sastanka.<\/p><p>Predsjednica Evropske komisije Ursula fon der Lajen dodala je da \u0107e partnerstvo oja\u010dati ulogu Kanade u brzo razvijaju\u0107oj evropskoj odbrambenoj arhitekturi. \u201eTo je samo po\u010detak. To \u0107e biti dobro za na\u0161e industrije, bi\u0107e dobro za na\u0161e ljude i bi\u0107e dobro za transatlantski bezbjednosni instrument\u201d, rekla je Fon der Lajen, prenosi Tanjug.<\/p><p>\u00a0Ona je dodala da je Karni bio \u201eme\u0111u prijateljima\u201d u Briselu. Prema zajedni\u010dkom saop\u0161tenju objavljenom u ponedjeljak uve\u010de, Otava \u0107e sada sara\u0111ivati sa Briselom na bilateralnom sporazumu vezanom za plan EU \u201eBezbjednosna akcija za Evropu\u201d (SAFE) vrijedan 150 milijardi evra.<\/p><p>Program je ograni\u010den na zemlje EU i bliske saveznike, a \u010dlanicama se odobravaju krediti za kupovinu oru\u017eja, a drugim zemljama se omogu\u0107ava u\u010de\u0161\u0107e u zajedni\u010dkim nabavkama, navodi Politko.<\/p><p>Karni je na konferenciji za novinare rekao da je \u201eveoma zadovoljan\u201d \u0161to je napravio korak ka u\u010de\u0161\u0107u u SAFE-u. \u201eTo \u0107e nam pomo\u0107i da br\u017ee i efikasnije ispunimo na\u0161e nove zahtjeve za kapacitetima, pomo\u0107i \u0107e u izgradnji na\u0161ih industrija, obezbje\u0111ivanju na\u0161ih jurisdikcija\u201d, rekao je Karni.<\/p><p>Prema Partnerstvu za bezbjednost i odbranu, EU i Kanada \u0107e istra\u017eiti na\u010dine saradnje u vezi sa vojnom pomo\u0107i Ukrajini i pobolj\u0161anjem interoperabilnosti i kretanja kanadske i evropske vojne opreme, osoblja i zaliha. Tako\u0111e \u0107e pro\u0161iriti saradnju na projektima stalne strukturirane saradnje (PESCO) o vojnoj mobilnosti kako bi se pobolj\u0161ala kanadska vojna mobilnost \u0161irom teritorije EU, i istra\u017eiti dalje mogu\u0107nosti za u\u010de\u0161\u0107e Kanade u dodatnim PESCO projektima.<\/p><p>Karni je pozvao na ve\u0107i napredak u oblastima odbrambene saradnje, kao \u0161to su vazduhoplovstvo i industrijski projekti dvostruke namjene. EU i Kanada \u0107e tako\u0111e odr\u017eavati godi\u0161nji dijalog o bezbjednosti i odbrani i istra\u017eiti uspostavljanje administrativnog sporazuma izme\u0111u Kanade i Evropske odbrambene agencije, navodi briselski portal.<\/p><p>\u00a0<\/p><p>Izvor: Politika<\/p>\t\t\t\t\t\t\t\t<\/div>\n\t\t\t\t<\/div>\n\t\t\t\t<\/div>\n\t\t\t\t<\/div>\n\t\t\t\t<div class=\"elementor-element elementor-element-cc13a3d elementor-widget-divider--view-line elementor-widget elementor-widget-divider\" data-id=\"cc13a3d\" data-element_type=\"widget\" data-widget_type=\"divider.default\">\n\t\t\t\t<div class=\"elementor-widget-container\">\n\t\t\t\t\t\t\t<div class=\"elementor-divider\">\n\t\t\t<span class=\"elementor-divider-separator\">\n\t\t\t\t\t\t<\/span>\n\t\t<\/div>\n\t\t\t\t\t\t<\/div>\n\t\t\t\t<\/div>\n\t\t\t\t<\/div>\n\t\t\t\t<\/div>\n\t\t","protected":false},"excerpt":{"rendered":"<p>Kanada potpisala odbrambeni sporazum sa EU Home \/ BRISEL- U nastojanju da smanji zavisnost Kanade od SAD koje predvodi predsjednik Donald Tramp, premijer zemlje Mark Karni je potpisao partnerstvo o bezbjednosti i odbrani sa Evropskom unijom, prenosi Politiko. Cilj sporazuma koji je potpisan u ponedjeljak je da se kanadski odnosi u oblasti odbrane i bezbjednosti pomjere dalje od SAD nakon Trampovih prijetnji da \u0107e anektirati sjevernog susjeda. Kanada i evropske zemlje NATO tako\u0111e su obe\u0107ali da \u0107e dramati\u010dno pove\u0107ati svoje vojne izdatke, \u0161to \u0107e lideri alijanse potvrditi tokom samita u Hagu koji po\u010dinje danas, navodi briselski portal. \u201eIako NATO ostaje kamen temeljac na\u0161e kolektivne odbrane, ovo partnerstvo \u0107e nam omogu\u0107iti da br\u017ee i bolje oja\u010damo na\u0161u spremnost &#8211; da vi\u0161e i pametnije investiramo\u201d, rekao je predsjednik Evropskog savjeta Antonio Kosta na konferenciji za novinare nakon sastanka. Predsjednica Evropske komisije Ursula fon der Lajen dodala je da \u0107e partnerstvo oja\u010dati ulogu Kanade u brzo razvijaju\u0107oj evropskoj odbrambenoj arhitekturi. \u201eTo je samo po\u010detak. To \u0107e biti dobro za na\u0161e industrije, bi\u0107e dobro za na\u0161e ljude i bi\u0107e dobro za transatlantski bezbjednosni instrument\u201d, rekla je Fon der Lajen, prenosi Tanjug. \u00a0Ona je dodala da je Karni bio \u201eme\u0111u prijateljima\u201d u Briselu. Prema zajedni\u010dkom saop\u0161tenju objavljenom u ponedjeljak uve\u010de, Otava \u0107e sada sara\u0111ivati sa Briselom na bilateralnom sporazumu vezanom za plan EU \u201eBezbjednosna akcija za Evropu\u201d (SAFE) vrijedan 150 milijardi evra. Program je ograni\u010den na zemlje EU i bliske saveznike, a \u010dlanicama se odobravaju krediti za kupovinu oru\u017eja, a drugim zemljama se omogu\u0107ava u\u010de\u0161\u0107e u zajedni\u010dkim nabavkama, navodi Politko. Karni je na konferenciji za novinare rekao da je \u201eveoma zadovoljan\u201d \u0161to je napravio korak ka u\u010de\u0161\u0107u u SAFE-u. \u201eTo \u0107e nam pomo\u0107i da br\u017ee i efikasnije ispunimo na\u0161e nove zahtjeve za kapacitetima, pomo\u0107i \u0107e u izgradnji na\u0161ih industrija, obezbje\u0111ivanju na\u0161ih jurisdikcija\u201d, rekao je Karni. Prema Partnerstvu za bezbjednost i odbranu, EU i Kanada \u0107e istra\u017eiti na\u010dine saradnje u vezi sa vojnom pomo\u0107i Ukrajini i pobolj\u0161anjem interoperabilnosti i kretanja kanadske i evropske vojne opreme, osoblja i zaliha. Tako\u0111e \u0107e pro\u0161iriti saradnju na projektima stalne strukturirane saradnje (PESCO) o vojnoj mobilnosti kako bi se pobolj\u0161ala kanadska vojna mobilnost \u0161irom teritorije EU, i istra\u017eiti dalje mogu\u0107nosti za u\u010de\u0161\u0107e Kanade u dodatnim PESCO projektima. Karni je pozvao na ve\u0107i napredak u oblastima odbrambene saradnje, kao \u0161to su vazduhoplovstvo i industrijski projekti dvostruke namjene. EU i Kanada \u0107e tako\u0111e odr\u017eavati godi\u0161nji dijalog o bezbjednosti i odbrani i istra\u017eiti uspostavljanje administrativnog sporazuma izme\u0111u Kanade i Evropske odbrambene agencije, navodi briselski portal. \u00a0 Izvor: Politika<\/p>\n","protected":false},"author":1,"featured_media":3302,"comment_status":"open","ping_status":"open","sticky":false,"template":"","format":"standard","meta":{"footnotes":""},"categories":[9],"tags":[],"class_list":["post-3301","post","type-post","status-publish","format-standard","has-post-thumbnail","hentry","category-industrija"],"_links":{"self":[{"href":"https:\/\/ekonomist.me\/index.php\/wp-json\/wp\/v2\/posts\/3301","targetHints":{"allow":["GET"]}}],"collection":[{"href":"https:\/\/ekonomist.me\/index.php\/wp-json\/wp\/v2\/posts"}],"about":[{"href":"https:\/\/ekonomist.me\/index.php\/wp-json\/wp\/v2\/types\/post"}],"author":[{"embeddable":true,"href":"https:\/\/ekonomist.me\/index.php\/wp-json\/wp\/v2\/users\/1"}],"replies":[{"embeddable":true,"href":"https:\/\/ekonomist.me\/index.php\/wp-json\/wp\/v2\/comments?post=3301"}],"version-history":[{"count":7,"href":"https:\/\/ekonomist.me\/index.php\/wp-json\/wp\/v2\/posts\/3301\/revisions"}],"predecessor-version":[{"id":3309,"href":"https:\/\/ekonomist.me\/index.php\/wp-json\/wp\/v2\/posts\/3301\/revisions\/3309"}],"wp:featuredmedia":[{"embeddable":true,"href":"https:\/\/ekonomist.me\/index.php\/wp-json\/wp\/v2\/media\/3302"}],"wp:attachment":[{"href":"https:\/\/ekonomist.me\/index.php\/wp-json\/wp\/v2\/media?parent=3301"}],"wp:term":[{"taxonomy":"category","embeddable":true,"href":"https:\/\/ekonomist.me\/index.php\/wp-json\/wp\/v2\/categories?post=3301"},{"taxonomy":"post_tag","embeddable":true,"href":"https:\/\/ekonomist.me\/index.php\/wp-json\/wp\/v2\/tags?post=3301"}],"curies":[{"name":"wp","href":"https:\/\/api.w.org\/{rel}","templated":true}]}}