{"id":3292,"date":"2025-06-24T07:21:45","date_gmt":"2025-06-24T07:21:45","guid":{"rendered":"https:\/\/ekonomist.me\/?p=3292"},"modified":"2025-06-24T07:25:39","modified_gmt":"2025-06-24T07:25:39","slug":"kako-se-odvijalo-dogovaranje-primirja-izraela-i-irana","status":"publish","type":"post","link":"https:\/\/ekonomist.me\/index.php\/2025\/06\/24\/kako-se-odvijalo-dogovaranje-primirja-izraela-i-irana\/","title":{"rendered":"Kako se odvijalo dogovaranje primirja Izraela i Irana"},"content":{"rendered":"\t\t<div data-elementor-type=\"wp-post\" data-elementor-id=\"3292\" class=\"elementor elementor-3292\">\n\t\t\t\t<div class=\"elementor-element elementor-element-2a37b54a e-con-full e-flex wpr-particle-no wpr-jarallax-no wpr-parallax-no wpr-sticky-section-no e-con e-parent\" data-id=\"2a37b54a\" data-element_type=\"container\">\n\t\t<div class=\"elementor-element elementor-element-d2c2a63 e-con-full e-flex wpr-particle-no wpr-jarallax-no wpr-parallax-no wpr-sticky-section-no e-con e-child\" data-id=\"d2c2a63\" data-element_type=\"container\">\n\t\t<div class=\"elementor-element elementor-element-df7e021 e-con-full e-flex wpr-particle-no wpr-jarallax-no wpr-parallax-no wpr-sticky-section-no e-con e-child\" data-id=\"df7e021\" data-element_type=\"container\">\n\t\t\t\t<div class=\"elementor-element elementor-element-c3a1298 elementor-widget elementor-widget-wpr-post-title\" data-id=\"c3a1298\" data-element_type=\"widget\" data-widget_type=\"wpr-post-title.default\">\n\t\t\t\t<div class=\"elementor-widget-container\">\n\t\t\t\t\t<h1 class=\"wpr-post-title\">Kako se odvijalo dogovaranje primirja Izraela i Irana<\/h1>\t\t\t\t<\/div>\n\t\t\t\t<\/div>\n\t\t\t\t<div class=\"elementor-element elementor-element-6e473ff elementor-widget elementor-widget-eael-breadcrumbs\" data-id=\"6e473ff\" data-element_type=\"widget\" data-widget_type=\"eael-breadcrumbs.default\">\n\t\t\t\t<div class=\"elementor-widget-container\">\n\t\t\t\t\t\t\t<div class=\"eael-breadcrumbs\">\n\t\t\t<div class=\"eael-breadcrumbs__content\"><a href=\"https:\/\/ekonomist.me\">Home<\/a> <span class=\"eael-breadcrumb-separator\">\/<\/span> <\/div>\t\t<\/div>\n\t\t\t\t\t\t<\/div>\n\t\t\t\t<\/div>\n\t\t\t\t<div class=\"elementor-element elementor-element-1812683f elementor-widget elementor-widget-text-editor\" data-id=\"1812683f\" data-element_type=\"widget\" data-widget_type=\"text-editor.default\">\n\t\t\t\t<div class=\"elementor-widget-container\">\n\t\t\t\t\t\t\t\t\t<header class=\"article-header\"><p class=\"article__subhead\"><em>Ameri\u010dki predsjednik Donald Trump izjavio je rano jutros da su se Iran i Izrael dogovorili o \u201cpotpunom\u201d prekidu vatre koji \u0107e stupiti na snagu u nadolaze\u0107im satima.<\/em><\/p><\/header><div class=\"wysiwyg wysiwyg--all-content\" aria-live=\"polite\" aria-atomic=\"true\"><p>Postizanje primirja Izraela i Irana udarna je vijest u svijetu.<\/p><p>Ameri\u010dki predsjednik Donald Trump je, u poruci na svojoj platformi Truth Social, rekao da je to bio taj \u201csavr\u0161eni pogodak\u201d na Iran koji je sve okupio i pomogao u postizanju dogovora. Tako\u0111e je rekao da su mu se Izrael i Iran istovremeno obratili tra\u017ee\u0107i mir.<\/p><p>Iranci to mo\u017eda ne vide na ovaj na\u010din. Jedan od njihovih urednika vijesti rekao je malo ranije da je Trump nazvao mole\u0107ivo nakon napada na ameri\u010dku bazu u Kataru.<\/p><p>Ali evo kako se to odvijalo, prema izvje\u0161taju iz Bijele ku\u0107e.<\/p><p>Trump je razgovarao s Netanyahuom i uspio je posredovati na izraelskoj strani. Nakon \u0161to je pridobio Izraelce, vjerujemo da je zatim nazvao katarskog emira i rekao: \u201cGle, efektivno, mo\u017eete li se nositi s Irancima? Mo\u017eete li ih vratiti na svoju stranu?\u201d Imam Izraelce, ali trebaju nam Iranci na svojoj strani. Emir i katarski premijer su tada uspjeli to u\u010diniti.<\/p><p>U me\u0111uvremenu, J. D. Vance, potpredsjednik, dr\u017eavni sekretar Marco Rubio i Steve Witkoff, izaslanik za Bliski Istok, vodili su direktne i indirektne razgovore s Irancima, a onda, kada se situacija po\u010dela slagati, J. D. Vance i katarski premijer su doveli logistiku u red. Tako se situacija odvijala.<\/p><p>To primirje je sada slu\u017ebeno na snazi. Ali pitanje je ho\u0107e li potrajati?<\/p><h2 id=\"trump-obznanio-pimirje\">Trump obznanio pimirje<\/h2><p>Ameri\u010dki predsjednik Donald Trump izjavio je rano jutros da su se Iran i Izrael dogovorili o \u201cpotpunom\u201d prekidu vatre koji \u0107e stupiti na snagu u nadolaze\u0107im satima.<\/p><p>Trumpova objava u ponedjeljak uslijedila je nedugo nakon iranskog raketnog napada na vazdu\u0161nu bazu Al-Udeid u Kataru, u kojoj se nalaze ameri\u010dke trupe.<\/p><p>\u201ePod pretpostavkom da sve funkcioni\u0161e kako treba, \u0161to \u0107e i biti, \u017eelio bih \u010destitati objema zemljama, Izraelu i Iranu, na izdr\u017eljivosti, hrabrosti i inteligenciji da okon\u010daju ono \u0161to bi se trebalo nazvati <em>DVANAESTODNEVNI RAT<\/em>\u201c, objavio je Trump na dru\u0161tvenim mre\u017eama.<\/p><div id=\"article-newsletter-slot\"><div class=\"sib-newsletter-form general-style\" aria-label=\"Newsletter signup Widget\">\u00a0<\/div><\/div><p>\u201eOvo je rat koji je mogao trajati godinama i uni\u0161titi cijeli Bliski istok, ali nije trajao i nikada ne\u0107e! Bog blagoslovio Izrael, Bog blagoslovio Iran, Bog blagoslovio Bliski Istok, Bog blagoslovio Sjedinjene Ameri\u010dke Dr\u017eave i BOG BLAGOSLOVIO SVIJET!\u201c<\/p><p>Istovremeno, brojni su glasovi u svijetu koji pozivaju na zaustavljanje izraelskih napada na Gazu i stradanje Palestinaca, dok i porodice izraelskih zarobljenika zahtijevaju da primirje uklju\u010di i Gazu.<\/p><\/div><div class=\"article-source\">Izvor: Al Jazeera<\/div>\t\t\t\t\t\t\t\t<\/div>\n\t\t\t\t<\/div>\n\t\t\t\t<\/div>\n\t\t\t\t<\/div>\n\t\t\t\t<div class=\"elementor-element elementor-element-cc13a3d elementor-widget-divider--view-line elementor-widget elementor-widget-divider\" data-id=\"cc13a3d\" data-element_type=\"widget\" data-widget_type=\"divider.default\">\n\t\t\t\t<div class=\"elementor-widget-container\">\n\t\t\t\t\t\t\t<div class=\"elementor-divider\">\n\t\t\t<span class=\"elementor-divider-separator\">\n\t\t\t\t\t\t<\/span>\n\t\t<\/div>\n\t\t\t\t\t\t<\/div>\n\t\t\t\t<\/div>\n\t\t\t\t<\/div>\n\t\t\t\t<\/div>\n\t\t","protected":false},"excerpt":{"rendered":"<p>Kako se odvijalo dogovaranje primirja Izraela i Irana Home \/ Ameri\u010dki predsjednik Donald Trump izjavio je rano jutros da su se Iran i Izrael dogovorili o \u201cpotpunom\u201d prekidu vatre koji \u0107e stupiti na snagu u nadolaze\u0107im satima. Postizanje primirja Izraela i Irana udarna je vijest u svijetu. Ameri\u010dki predsjednik Donald Trump je, u poruci na svojoj platformi Truth Social, rekao da je to bio taj \u201csavr\u0161eni pogodak\u201d na Iran koji je sve okupio i pomogao u postizanju dogovora. Tako\u0111e je rekao da su mu se Izrael i Iran istovremeno obratili tra\u017ee\u0107i mir. Iranci to mo\u017eda ne vide na ovaj na\u010din. Jedan od njihovih urednika vijesti rekao je malo ranije da je Trump nazvao mole\u0107ivo nakon napada na ameri\u010dku bazu u Kataru. Ali evo kako se to odvijalo, prema izvje\u0161taju iz Bijele ku\u0107e. Trump je razgovarao s Netanyahuom i uspio je posredovati na izraelskoj strani. Nakon \u0161to je pridobio Izraelce, vjerujemo da je zatim nazvao katarskog emira i rekao: \u201cGle, efektivno, mo\u017eete li se nositi s Irancima? Mo\u017eete li ih vratiti na svoju stranu?\u201d Imam Izraelce, ali trebaju nam Iranci na svojoj strani. Emir i katarski premijer su tada uspjeli to u\u010diniti. U me\u0111uvremenu, J. D. Vance, potpredsjednik, dr\u017eavni sekretar Marco Rubio i Steve Witkoff, izaslanik za Bliski Istok, vodili su direktne i indirektne razgovore s Irancima, a onda, kada se situacija po\u010dela slagati, J. D. Vance i katarski premijer su doveli logistiku u red. Tako se situacija odvijala. To primirje je sada slu\u017ebeno na snazi. Ali pitanje je ho\u0107e li potrajati? Trump obznanio pimirje Ameri\u010dki predsjednik Donald Trump izjavio je rano jutros da su se Iran i Izrael dogovorili o \u201cpotpunom\u201d prekidu vatre koji \u0107e stupiti na snagu u nadolaze\u0107im satima. Trumpova objava u ponedjeljak uslijedila je nedugo nakon iranskog raketnog napada na vazdu\u0161nu bazu Al-Udeid u Kataru, u kojoj se nalaze ameri\u010dke trupe. \u201ePod pretpostavkom da sve funkcioni\u0161e kako treba, \u0161to \u0107e i biti, \u017eelio bih \u010destitati objema zemljama, Izraelu i Iranu, na izdr\u017eljivosti, hrabrosti i inteligenciji da okon\u010daju ono \u0161to bi se trebalo nazvati DVANAESTODNEVNI RAT\u201c, objavio je Trump na dru\u0161tvenim mre\u017eama. \u00a0 \u201eOvo je rat koji je mogao trajati godinama i uni\u0161titi cijeli Bliski istok, ali nije trajao i nikada ne\u0107e! Bog blagoslovio Izrael, Bog blagoslovio Iran, Bog blagoslovio Bliski Istok, Bog blagoslovio Sjedinjene Ameri\u010dke Dr\u017eave i BOG BLAGOSLOVIO SVIJET!\u201c Istovremeno, brojni su glasovi u svijetu koji pozivaju na zaustavljanje izraelskih napada na Gazu i stradanje Palestinaca, dok i porodice izraelskih zarobljenika zahtijevaju da primirje uklju\u010di i Gazu. Izvor: Al Jazeera<\/p>\n","protected":false},"author":1,"featured_media":3293,"comment_status":"open","ping_status":"open","sticky":false,"template":"","format":"standard","meta":{"footnotes":""},"categories":[9],"tags":[],"class_list":["post-3292","post","type-post","status-publish","format-standard","has-post-thumbnail","hentry","category-industrija"],"_links":{"self":[{"href":"https:\/\/ekonomist.me\/index.php\/wp-json\/wp\/v2\/posts\/3292","targetHints":{"allow":["GET"]}}],"collection":[{"href":"https:\/\/ekonomist.me\/index.php\/wp-json\/wp\/v2\/posts"}],"about":[{"href":"https:\/\/ekonomist.me\/index.php\/wp-json\/wp\/v2\/types\/post"}],"author":[{"embeddable":true,"href":"https:\/\/ekonomist.me\/index.php\/wp-json\/wp\/v2\/users\/1"}],"replies":[{"embeddable":true,"href":"https:\/\/ekonomist.me\/index.php\/wp-json\/wp\/v2\/comments?post=3292"}],"version-history":[{"count":7,"href":"https:\/\/ekonomist.me\/index.php\/wp-json\/wp\/v2\/posts\/3292\/revisions"}],"predecessor-version":[{"id":3300,"href":"https:\/\/ekonomist.me\/index.php\/wp-json\/wp\/v2\/posts\/3292\/revisions\/3300"}],"wp:featuredmedia":[{"embeddable":true,"href":"https:\/\/ekonomist.me\/index.php\/wp-json\/wp\/v2\/media\/3293"}],"wp:attachment":[{"href":"https:\/\/ekonomist.me\/index.php\/wp-json\/wp\/v2\/media?parent=3292"}],"wp:term":[{"taxonomy":"category","embeddable":true,"href":"https:\/\/ekonomist.me\/index.php\/wp-json\/wp\/v2\/categories?post=3292"},{"taxonomy":"post_tag","embeddable":true,"href":"https:\/\/ekonomist.me\/index.php\/wp-json\/wp\/v2\/tags?post=3292"}],"curies":[{"name":"wp","href":"https:\/\/api.w.org\/{rel}","templated":true}]}}