{"id":3180,"date":"2025-06-21T09:09:25","date_gmt":"2025-06-21T09:09:25","guid":{"rendered":"https:\/\/ekonomist.me\/?p=3180"},"modified":"2025-06-21T09:14:52","modified_gmt":"2025-06-21T09:14:52","slug":"iran-napao-centralni-i-juzni-izrael-tel-aviv-gadao-skladista-i-lansirne-polozaje-raketa-u-iranu","status":"publish","type":"post","link":"https:\/\/ekonomist.me\/index.php\/2025\/06\/21\/iran-napao-centralni-i-juzni-izrael-tel-aviv-gadao-skladista-i-lansirne-polozaje-raketa-u-iranu\/","title":{"rendered":"Iran napao centralni i ju\u017eni Izrael, Tel Aviv ga\u0111ao skladi\u0161ta i lansirne polo\u017eaje raketa u Iranu"},"content":{"rendered":"\t\t<div data-elementor-type=\"wp-post\" data-elementor-id=\"3180\" class=\"elementor elementor-3180\">\n\t\t\t\t<div class=\"elementor-element elementor-element-2a37b54a e-con-full e-flex wpr-particle-no wpr-jarallax-no wpr-parallax-no wpr-sticky-section-no e-con e-parent\" data-id=\"2a37b54a\" data-element_type=\"container\">\n\t\t<div class=\"elementor-element elementor-element-d2c2a63 e-con-full e-flex wpr-particle-no wpr-jarallax-no wpr-parallax-no wpr-sticky-section-no e-con e-child\" data-id=\"d2c2a63\" data-element_type=\"container\">\n\t\t<div class=\"elementor-element elementor-element-df7e021 e-con-full e-flex wpr-particle-no wpr-jarallax-no wpr-parallax-no wpr-sticky-section-no e-con e-child\" data-id=\"df7e021\" data-element_type=\"container\">\n\t\t\t\t<div class=\"elementor-element elementor-element-c3a1298 elementor-widget elementor-widget-wpr-post-title\" data-id=\"c3a1298\" data-element_type=\"widget\" data-widget_type=\"wpr-post-title.default\">\n\t\t\t\t<div class=\"elementor-widget-container\">\n\t\t\t\t\t<h1 class=\"wpr-post-title\">Iran napao centralni i ju\u017eni Izrael, Tel Aviv ga\u0111ao skladi\u0161ta i lansirne polo\u017eaje raketa u Iranu<\/h1>\t\t\t\t<\/div>\n\t\t\t\t<\/div>\n\t\t\t\t<div class=\"elementor-element elementor-element-6e473ff elementor-widget elementor-widget-eael-breadcrumbs\" data-id=\"6e473ff\" data-element_type=\"widget\" data-widget_type=\"eael-breadcrumbs.default\">\n\t\t\t\t<div class=\"elementor-widget-container\">\n\t\t\t\t\t\t\t<div class=\"eael-breadcrumbs\">\n\t\t\t<div class=\"eael-breadcrumbs__content\"><a href=\"https:\/\/ekonomist.me\">Home<\/a> <span class=\"eael-breadcrumb-separator\">\/<\/span> <\/div>\t\t<\/div>\n\t\t\t\t\t\t<\/div>\n\t\t\t\t<\/div>\n\t\t\t\t<div class=\"elementor-element elementor-element-1812683f elementor-widget elementor-widget-text-editor\" data-id=\"1812683f\" data-element_type=\"widget\" data-widget_type=\"text-editor.default\">\n\t\t\t\t<div class=\"elementor-widget-container\">\n\t\t\t\t\t\t\t\t\t<h5>Sukob Izraela i Irana u\u0161ao je u drugu nedjelju. Me\u0111usobni vazdu\u0161ni udari ne prestaju. Iran napao centralni i ju\u017eni Izrael. Izrael ga\u0111ao skladi\u0161ta i lansirne polo\u017eaje raketa u Iranu. Verbalni sukob ambasadora u Savetu bezbjednosti \u2013 obje strane obe\u0107avaju da \u0107e nastaviti borbu.<\/h5><p>Sukob Izraela i Irana u\u0161ao je u drugu nedjelju. Me\u0111usobni vazdu\u0161ni udari ne prestaju. Iran napao centralni i ju\u017eni Izrael. Izrael ga\u0111ao skladi\u0161ta i lansirne polo\u017eaje raketa u Iranu. Verbalni sukob ambasadora u Savjetu bezbjednosti \u2013 obje strane obe\u0107avaju da \u0107e nastaviti borbu.<\/p><p>Gideon Sar, izraelski ministar spoljnih poslova izjavio je da je sposobnost Teherana da razvije nuklearnu bombu odlo\u017eena za najmanje dvije do tri godine kao rezultat izraelskih vojnih operacija protiv Irana.<\/p><p>U intervjuu za njema\u010dki list Bild, Sar je naveo da Izrael ne\u0107e stati dok potpuno ne ukloni nuklearnu prijetnju iz Irana.<\/p><p>Govore\u0107i o teku\u0107im razgovorima u \u017denevi izme\u0111u Irana i evropskih zemalja \u2013 Njema\u010dke, Francuske i Velike Britanije, Sar je izrazio duboki skepticizam prema mogu\u0107nosti diplomatskog rje\u0161enja.<\/p><p>Iranski nuklearni objekat u Isfahanu bio je meta Izraela, objavila je iranska novinska agencija Fars, dodaju\u0107i da nije bilo curenja opasnih materijala.<\/p><p>Eksplozije su prijavljene u Isfahanu ranije jutros.<\/p><p>Izraelske odbrambene snage (IDF) saop\u0161tile su da su u vazdu\u0161nom napadu eliminisale drugog visokorangiranog komandanta u jedinici bespilotnih letjelica (BPL) iranskog Korpusa islamske revolucionarne garde (IRGC).<\/p><p>U objavi na dru\u0161tvenim mre\u017eama, IDF je naveo da su borbeni avioni ciljali i ubili Amina Pur D\u017eokija, za koga tvrde da je nadgledao lansiranje \u201estotina\u201c dronova iz jugozapadnog Irana ka teritoriji Izraela, prenio je Tajms of Izrael.<\/p><p>Vojska je precizirala da je D\u017eoki preuzeo klju\u010dnu ulogu u komandnoj strukturi jedinice nakon \u0161to je 13. juna u prethodnom napadu ubijen Tahar Fur, tako\u0111e komandant snaga za bespilotne letelice pri IRGC.<\/p><p>Za sada nije bilo reakcije iz Teherana\u2026<\/p><p>Iran i Izrael izveli su nove napade jedan na drugog rano jutros, dan nakon \u0161to je Teheran poru\u010dio da ne\u0107e pregovarati o svom nuklearnom programu dok je pod prijetnjom, prenio je Rojters.<\/p><p>Izraelska vojska saop\u0161tila je da je malo posle 2.30 jutros po lokalnom vremenu otkrivena bara\u017ena raketna vatra iz Irana, zbog \u010dega su aktivirane sirene za vazdu\u0161nu opasnost u centralnom Izraelu, uklju\u010duju\u0107i Tel Aviv, kao i Zapadnu obalu.<\/p><p>Izraelski sistemi protivvazdu\u0161ne odbrane presreli su vi\u0161e projektila, a eksplozije su odjekivale \u0161irom Tel Aviva.<\/p><p>Nacionalna slu\u017eba za vanredne situacije, Magen David Adom, saop\u0161tila je da su se sirene oglasile i na jugu zemlje.<\/p><p>Prema navodima jednog izraelskog vojnog zvani\u010dnika, Iran je ispalio pet balisti\u010dkih raketa, ali nije bilo neposrednih izvje\u0161taja o direktnim napadima.<\/p><p>Izraelska vojska je istovremeno pokrenula novu seriju vazdu\u0161nih napada na ciljeve u Iranu, uklju\u010duju\u0107i, kako navode, skladi\u0161ta i lansirne polo\u017eaje raketa.<\/p><p>Slu\u017ebe za vanredne situacije objavile su fotografije po\u017eara na krovu stambene zgrade u centralnom Izraelu, za koji lokalni mediji navode da je izazvan ostacima presretnute rakete.<\/p><p>Iran je ga\u0111ao jug i sjever Izraela, povre\u0111eno je vi\u0161e od 90 ljudi. Samo su u napadu na Haifu, povre\u0111ene 33 osobe, prenosi Si-En-En, pozivaju\u0107i se na izvje\u0161taje lokalnih bolnica. Eksplozije su se \u010dule i u Tel Avivu i Jerusalimu.<\/p><p>S druge strane, izraelske odbrambene snage izvele su jo\u0161 jedan talas vazdu\u0161nih napada u zapadnom Iranu. Udari su bili usmjereni na skladi\u0161ta i mjesta za lansiranje balisti\u010dkih raketa.<\/p><p>Izraelski mediji tvrde da je ubijen jo\u0161 jedan iranski stru\u010dnjak za atomsku tehnologiju.<\/p><p>Ameri\u010dki predsjednik Tramp ka\u017ee da bi slanje trupa u Iran bila \u201eposlednja stvar koju bi uradio\u201c. Teheran ponavlja da ne\u0107e ni sa kim pregovarati dok se ne okon\u010da izraelska agresija. Mnoge zemlje preduzimaju mjere za evakuaciju svojih dr\u017eavljana iz Izraela i Irana.<\/p><p>Na sjednici Savjeta bezbjednosti UN, do\u0161lo je do verbalnog sukoba iranskog i izraelskog ambasadora pri Ujedinjenim nacijama. Amir Said Iravani i Deni Danon, optu\u017eili su jedan drugog za kr\u0161enje me\u0111unarodnog prava i obe\u0107ali da \u0107e njihove zemlje nastaviti svoje kampanje.<\/p><p>Generalni sekretar UN Antonio Guteres upozorio je da bi sukob izme\u0111u dvije zemlje mogao brzo da eskalira i pozvao je na uzdr\u017eanost.<\/p><p>\u00a0<\/p><p>Izvor: Novi Magazin<\/p>\t\t\t\t\t\t\t\t<\/div>\n\t\t\t\t<\/div>\n\t\t\t\t<\/div>\n\t\t\t\t<\/div>\n\t\t\t\t<div class=\"elementor-element elementor-element-cc13a3d elementor-widget-divider--view-line elementor-widget elementor-widget-divider\" data-id=\"cc13a3d\" data-element_type=\"widget\" data-widget_type=\"divider.default\">\n\t\t\t\t<div class=\"elementor-widget-container\">\n\t\t\t\t\t\t\t<div class=\"elementor-divider\">\n\t\t\t<span class=\"elementor-divider-separator\">\n\t\t\t\t\t\t<\/span>\n\t\t<\/div>\n\t\t\t\t\t\t<\/div>\n\t\t\t\t<\/div>\n\t\t\t\t<\/div>\n\t\t\t\t<\/div>\n\t\t","protected":false},"excerpt":{"rendered":"<p>Iran napao centralni i ju\u017eni Izrael, Tel Aviv ga\u0111ao skladi\u0161ta i lansirne polo\u017eaje raketa u Iranu Home \/ Sukob Izraela i Irana u\u0161ao je u drugu nedjelju. Me\u0111usobni vazdu\u0161ni udari ne prestaju. Iran napao centralni i ju\u017eni Izrael. Izrael ga\u0111ao skladi\u0161ta i lansirne polo\u017eaje raketa u Iranu. Verbalni sukob ambasadora u Savetu bezbjednosti \u2013 obje strane obe\u0107avaju da \u0107e nastaviti borbu. Sukob Izraela i Irana u\u0161ao je u drugu nedjelju. Me\u0111usobni vazdu\u0161ni udari ne prestaju. Iran napao centralni i ju\u017eni Izrael. Izrael ga\u0111ao skladi\u0161ta i lansirne polo\u017eaje raketa u Iranu. Verbalni sukob ambasadora u Savjetu bezbjednosti \u2013 obje strane obe\u0107avaju da \u0107e nastaviti borbu. Gideon Sar, izraelski ministar spoljnih poslova izjavio je da je sposobnost Teherana da razvije nuklearnu bombu odlo\u017eena za najmanje dvije do tri godine kao rezultat izraelskih vojnih operacija protiv Irana. U intervjuu za njema\u010dki list Bild, Sar je naveo da Izrael ne\u0107e stati dok potpuno ne ukloni nuklearnu prijetnju iz Irana. Govore\u0107i o teku\u0107im razgovorima u \u017denevi izme\u0111u Irana i evropskih zemalja \u2013 Njema\u010dke, Francuske i Velike Britanije, Sar je izrazio duboki skepticizam prema mogu\u0107nosti diplomatskog rje\u0161enja. Iranski nuklearni objekat u Isfahanu bio je meta Izraela, objavila je iranska novinska agencija Fars, dodaju\u0107i da nije bilo curenja opasnih materijala. Eksplozije su prijavljene u Isfahanu ranije jutros. Izraelske odbrambene snage (IDF) saop\u0161tile su da su u vazdu\u0161nom napadu eliminisale drugog visokorangiranog komandanta u jedinici bespilotnih letjelica (BPL) iranskog Korpusa islamske revolucionarne garde (IRGC). U objavi na dru\u0161tvenim mre\u017eama, IDF je naveo da su borbeni avioni ciljali i ubili Amina Pur D\u017eokija, za koga tvrde da je nadgledao lansiranje \u201estotina\u201c dronova iz jugozapadnog Irana ka teritoriji Izraela, prenio je Tajms of Izrael. Vojska je precizirala da je D\u017eoki preuzeo klju\u010dnu ulogu u komandnoj strukturi jedinice nakon \u0161to je 13. juna u prethodnom napadu ubijen Tahar Fur, tako\u0111e komandant snaga za bespilotne letelice pri IRGC. Za sada nije bilo reakcije iz Teherana\u2026 Iran i Izrael izveli su nove napade jedan na drugog rano jutros, dan nakon \u0161to je Teheran poru\u010dio da ne\u0107e pregovarati o svom nuklearnom programu dok je pod prijetnjom, prenio je Rojters. Izraelska vojska saop\u0161tila je da je malo posle 2.30 jutros po lokalnom vremenu otkrivena bara\u017ena raketna vatra iz Irana, zbog \u010dega su aktivirane sirene za vazdu\u0161nu opasnost u centralnom Izraelu, uklju\u010duju\u0107i Tel Aviv, kao i Zapadnu obalu. Izraelski sistemi protivvazdu\u0161ne odbrane presreli su vi\u0161e projektila, a eksplozije su odjekivale \u0161irom Tel Aviva. Nacionalna slu\u017eba za vanredne situacije, Magen David Adom, saop\u0161tila je da su se sirene oglasile i na jugu zemlje. Prema navodima jednog izraelskog vojnog zvani\u010dnika, Iran je ispalio pet balisti\u010dkih raketa, ali nije bilo neposrednih izvje\u0161taja o direktnim napadima. Izraelska vojska je istovremeno pokrenula novu seriju vazdu\u0161nih napada na ciljeve u Iranu, uklju\u010duju\u0107i, kako navode, skladi\u0161ta i lansirne polo\u017eaje raketa. Slu\u017ebe za vanredne situacije objavile su fotografije po\u017eara na krovu stambene zgrade u centralnom Izraelu, za koji lokalni mediji navode da je izazvan ostacima presretnute rakete. Iran je ga\u0111ao jug i sjever Izraela, povre\u0111eno je vi\u0161e od 90 ljudi. Samo su u napadu na Haifu, povre\u0111ene 33 osobe, prenosi Si-En-En, pozivaju\u0107i se na izvje\u0161taje lokalnih bolnica. Eksplozije su se \u010dule i u Tel Avivu i Jerusalimu. S druge strane, izraelske odbrambene snage izvele su jo\u0161 jedan talas vazdu\u0161nih napada u zapadnom Iranu. Udari su bili usmjereni na skladi\u0161ta i mjesta za lansiranje balisti\u010dkih raketa. Izraelski mediji tvrde da je ubijen jo\u0161 jedan iranski stru\u010dnjak za atomsku tehnologiju. Ameri\u010dki predsjednik Tramp ka\u017ee da bi slanje trupa u Iran bila \u201eposlednja stvar koju bi uradio\u201c. Teheran ponavlja da ne\u0107e ni sa kim pregovarati dok se ne okon\u010da izraelska agresija. Mnoge zemlje preduzimaju mjere za evakuaciju svojih dr\u017eavljana iz Izraela i Irana. Na sjednici Savjeta bezbjednosti UN, do\u0161lo je do verbalnog sukoba iranskog i izraelskog ambasadora pri Ujedinjenim nacijama. Amir Said Iravani i Deni Danon, optu\u017eili su jedan drugog za kr\u0161enje me\u0111unarodnog prava i obe\u0107ali da \u0107e njihove zemlje nastaviti svoje kampanje. Generalni sekretar UN Antonio Guteres upozorio je da bi sukob izme\u0111u dvije zemlje mogao brzo da eskalira i pozvao je na uzdr\u017eanost. \u00a0 Izvor: Novi Magazin<\/p>\n","protected":false},"author":1,"featured_media":3181,"comment_status":"open","ping_status":"open","sticky":false,"template":"","format":"standard","meta":{"footnotes":""},"categories":[9],"tags":[],"class_list":["post-3180","post","type-post","status-publish","format-standard","has-post-thumbnail","hentry","category-industrija"],"_links":{"self":[{"href":"https:\/\/ekonomist.me\/index.php\/wp-json\/wp\/v2\/posts\/3180","targetHints":{"allow":["GET"]}}],"collection":[{"href":"https:\/\/ekonomist.me\/index.php\/wp-json\/wp\/v2\/posts"}],"about":[{"href":"https:\/\/ekonomist.me\/index.php\/wp-json\/wp\/v2\/types\/post"}],"author":[{"embeddable":true,"href":"https:\/\/ekonomist.me\/index.php\/wp-json\/wp\/v2\/users\/1"}],"replies":[{"embeddable":true,"href":"https:\/\/ekonomist.me\/index.php\/wp-json\/wp\/v2\/comments?post=3180"}],"version-history":[{"count":7,"href":"https:\/\/ekonomist.me\/index.php\/wp-json\/wp\/v2\/posts\/3180\/revisions"}],"predecessor-version":[{"id":3188,"href":"https:\/\/ekonomist.me\/index.php\/wp-json\/wp\/v2\/posts\/3180\/revisions\/3188"}],"wp:featuredmedia":[{"embeddable":true,"href":"https:\/\/ekonomist.me\/index.php\/wp-json\/wp\/v2\/media\/3181"}],"wp:attachment":[{"href":"https:\/\/ekonomist.me\/index.php\/wp-json\/wp\/v2\/media?parent=3180"}],"wp:term":[{"taxonomy":"category","embeddable":true,"href":"https:\/\/ekonomist.me\/index.php\/wp-json\/wp\/v2\/categories?post=3180"},{"taxonomy":"post_tag","embeddable":true,"href":"https:\/\/ekonomist.me\/index.php\/wp-json\/wp\/v2\/tags?post=3180"}],"curies":[{"name":"wp","href":"https:\/\/api.w.org\/{rel}","templated":true}]}}