{"id":3077,"date":"2025-06-19T06:23:00","date_gmt":"2025-06-19T06:23:00","guid":{"rendered":"https:\/\/ekonomist.me\/?p=3077"},"modified":"2025-06-19T06:26:00","modified_gmt":"2025-06-19T06:26:00","slug":"reuters-sad-premjesta-neke-vojne-avione-i-brodove-iz-baza-na-bliskom-istoku","status":"publish","type":"post","link":"https:\/\/ekonomist.me\/index.php\/2025\/06\/19\/reuters-sad-premjesta-neke-vojne-avione-i-brodove-iz-baza-na-bliskom-istoku\/","title":{"rendered":"Reuters: SAD premje\u0161ta neke vojne avione i brodove iz baza na Bliskom istoku"},"content":{"rendered":"\t\t<div data-elementor-type=\"wp-post\" data-elementor-id=\"3077\" class=\"elementor elementor-3077\">\n\t\t\t\t<div class=\"elementor-element elementor-element-2a37b54a e-con-full e-flex wpr-particle-no wpr-jarallax-no wpr-parallax-no wpr-sticky-section-no e-con e-parent\" data-id=\"2a37b54a\" data-element_type=\"container\">\n\t\t<div class=\"elementor-element elementor-element-d2c2a63 e-con-full e-flex wpr-particle-no wpr-jarallax-no wpr-parallax-no wpr-sticky-section-no e-con e-child\" data-id=\"d2c2a63\" data-element_type=\"container\">\n\t\t<div class=\"elementor-element elementor-element-df7e021 e-con-full e-flex wpr-particle-no wpr-jarallax-no wpr-parallax-no wpr-sticky-section-no e-con e-child\" data-id=\"df7e021\" data-element_type=\"container\">\n\t\t\t\t<div class=\"elementor-element elementor-element-c3a1298 elementor-widget elementor-widget-wpr-post-title\" data-id=\"c3a1298\" data-element_type=\"widget\" data-widget_type=\"wpr-post-title.default\">\n\t\t\t\t<div class=\"elementor-widget-container\">\n\t\t\t\t\t<h1 class=\"wpr-post-title\">Reuters: SAD premje\u0161ta neke vojne avione i brodove iz baza na Bliskom istoku<\/h1>\t\t\t\t<\/div>\n\t\t\t\t<\/div>\n\t\t\t\t<div class=\"elementor-element elementor-element-6e473ff elementor-widget elementor-widget-eael-breadcrumbs\" data-id=\"6e473ff\" data-element_type=\"widget\" data-widget_type=\"eael-breadcrumbs.default\">\n\t\t\t\t<div class=\"elementor-widget-container\">\n\t\t\t\t\t\t\t<div class=\"eael-breadcrumbs\">\n\t\t\t<div class=\"eael-breadcrumbs__content\"><a href=\"https:\/\/ekonomist.me\">Home<\/a> <span class=\"eael-breadcrumb-separator\">\/<\/span> <\/div>\t\t<\/div>\n\t\t\t\t\t\t<\/div>\n\t\t\t\t<\/div>\n\t\t\t\t<div class=\"elementor-element elementor-element-1812683f elementor-widget elementor-widget-text-editor\" data-id=\"1812683f\" data-element_type=\"widget\" data-widget_type=\"text-editor.default\">\n\t\t\t\t<div class=\"elementor-widget-container\">\n\t\t\t\t\t\t\t\t\t<header class=\"article-header\"><p class=\"article__subhead\"><em>Zvani\u010dnici su naveli u srijedu da je premje\u0161tanje aviona i brodova dio planova za za\u0161titu ameri\u010dkih snaga, ali su odbili da ka\u017eu koliko ih je premje\u0161teno i gdje.<\/em><img decoding=\"async\" src=\"https:\/\/balkans.aljazeera.net\/wp-content\/uploads\/2025\/06\/2023-03-19T080449Z_758190766_RC2QWZ92KS0T_RTRMADP_3_NORTHKOREA-MISSILES-1750312775.jpg?resize=770%2C513&amp;quality=80\" sizes=\"(max-width: 120px) 120px, (max-width: 270px) 270px, (max-width: 375px) 375px, (max-width: 570px) 570px, (max-width: 770px) 770px, 770px\" srcset=\"\/wp-content\/uploads\/2025\/06\/2023-03-19T080449Z_758190766_RC2QWZ92KS0T_RTRMADP_3_NORTHKOREA-MISSILES-1750312775.jpg?resize=120%2C80&amp;quality=80 120w, \/wp-content\/uploads\/2025\/06\/2023-03-19T080449Z_758190766_RC2QWZ92KS0T_RTRMADP_3_NORTHKOREA-MISSILES-1750312775.jpg?resize=270%2C180&amp;quality=80 270w, \/wp-content\/uploads\/2025\/06\/2023-03-19T080449Z_758190766_RC2QWZ92KS0T_RTRMADP_3_NORTHKOREA-MISSILES-1750312775.jpg?resize=375%2C250&amp;quality=80 375w, \/wp-content\/uploads\/2025\/06\/2023-03-19T080449Z_758190766_RC2QWZ92KS0T_RTRMADP_3_NORTHKOREA-MISSILES-1750312775.jpg?resize=570%2C380&amp;quality=80 570w, \/wp-content\/uploads\/2025\/06\/2023-03-19T080449Z_758190766_RC2QWZ92KS0T_RTRMADP_3_NORTHKOREA-MISSILES-1750312775.jpg?resize=770%2C513&amp;quality=80 770w\" alt=\"\" \/><\/p><\/header><figure class=\"article-featured-image\"><figcaption><\/figcaption><\/figure><div class=\"wysiwyg wysiwyg--all-content\" aria-live=\"polite\" aria-atomic=\"true\"><p>Ameri\u010dka vojska\u00a0premjestila je pojedine avione i brodove iz baza na Bliskom istoku koji bi mogli biti izlo\u017eeni bilo kakvom potencijalnom\u00a0iranskom\u00a0napadu, rekla su dva neimenovana ameri\u010dka zvani\u010dnika za Reuters, prenosi Tanjug.<\/p><p>Zvani\u010dnici su naveli u srijedu da je premje\u0161tanje aviona i brodova dio planova za za\u0161titu ameri\u010dkih snaga, ali su odbili da ka\u017eu koliko ih je premje\u0161teno i gdje.<\/p><p>Jedan od zvani\u010dnika je rekao da su avioni koji nisu bili u oja\u010danim skloni\u0161tima premje\u0161teni iz baze Al Udeid, a da su ratni brodovi premje\u0161teni iz luke u Bahreinu, gdje se nalazi Peta ameri\u010dka flota.<\/p><p>\u201cTo nije neuobi\u010dajena praksa\u201d, rekao je zvani\u010dnik, navode\u0107i da je prioritet za\u0161tita ameri\u010dkih snaga.<\/p><h2 id=\"americka-ambasada-u-kataru-izdala-upozorenje\">Ameri\u010dka ambasada u Kataru izdala upozorenje<\/h2><p>Odvojeno, ameri\u010dka ambasada u Kataru izdala je jutros upozorenje kojim privremeno ograni\u010dava svom osoblju pristup vazduhoplovnoj bazi Al Udeid, najvec\u0301oj ameri\u010dkoj vojnoj bazi na Bliskom istoku koja se nalazi u pustinji u blizini Dohe.<\/p><p>Ambasada je poru\u010dila osoblju i ameri\u010dkim gra\u0111anima u Kataru da poja\u010daju oprez \u201cu svjetlu tekuc\u0301ih regionalnih neprijateljstava\u201d.<\/p><p>Ameri\u010dki predsjednik Donald Trump u srijedu je javno razmatrao mogu\u0107i napad na Iran, navode\u0107i da ima \u201cideje \u0161ta da uradi\u201d.<\/p><p>Nekoliko sati ranije, Trump je rekao: \u201cMo\u017eda c\u0301u to uraditi. Mo\u017eda nec\u0301u to uraditi\u201d, kada su ga pitali da li se pribli\u017eava napad na Iran.<\/p><p>Iran je poru\u010dio Washingtonu da c\u0301e sna\u017eno odgovoriti Sjedinjenim Ameri\u010dkim Dr\u017eavama ako se direktno uklju\u010di u izraelsku vojnu kampanju, rekao je u srijedu iranski ambasador pri Ujedinjenim narodima u \u017denevi.<\/p><\/div><div class=\"article-source\">Izvor:\u00a0Reuters<\/div>\t\t\t\t\t\t\t\t<\/div>\n\t\t\t\t<\/div>\n\t\t\t\t<\/div>\n\t\t\t\t<\/div>\n\t\t\t\t<div class=\"elementor-element elementor-element-cc13a3d elementor-widget-divider--view-line elementor-widget elementor-widget-divider\" data-id=\"cc13a3d\" data-element_type=\"widget\" data-widget_type=\"divider.default\">\n\t\t\t\t<div class=\"elementor-widget-container\">\n\t\t\t\t\t\t\t<div class=\"elementor-divider\">\n\t\t\t<span class=\"elementor-divider-separator\">\n\t\t\t\t\t\t<\/span>\n\t\t<\/div>\n\t\t\t\t\t\t<\/div>\n\t\t\t\t<\/div>\n\t\t\t\t<\/div>\n\t\t\t\t<\/div>\n\t\t","protected":false},"excerpt":{"rendered":"<p>Reuters: SAD premje\u0161ta neke vojne avione i brodove iz baza na Bliskom istoku Home \/ Zvani\u010dnici su naveli u srijedu da je premje\u0161tanje aviona i brodova dio planova za za\u0161titu ameri\u010dkih snaga, ali su odbili da ka\u017eu koliko ih je premje\u0161teno i gdje. Ameri\u010dka vojska\u00a0premjestila je pojedine avione i brodove iz baza na Bliskom istoku koji bi mogli biti izlo\u017eeni bilo kakvom potencijalnom\u00a0iranskom\u00a0napadu, rekla su dva neimenovana ameri\u010dka zvani\u010dnika za Reuters, prenosi Tanjug. Zvani\u010dnici su naveli u srijedu da je premje\u0161tanje aviona i brodova dio planova za za\u0161titu ameri\u010dkih snaga, ali su odbili da ka\u017eu koliko ih je premje\u0161teno i gdje. Jedan od zvani\u010dnika je rekao da su avioni koji nisu bili u oja\u010danim skloni\u0161tima premje\u0161teni iz baze Al Udeid, a da su ratni brodovi premje\u0161teni iz luke u Bahreinu, gdje se nalazi Peta ameri\u010dka flota. \u201cTo nije neuobi\u010dajena praksa\u201d, rekao je zvani\u010dnik, navode\u0107i da je prioritet za\u0161tita ameri\u010dkih snaga. Ameri\u010dka ambasada u Kataru izdala upozorenje Odvojeno, ameri\u010dka ambasada u Kataru izdala je jutros upozorenje kojim privremeno ograni\u010dava svom osoblju pristup vazduhoplovnoj bazi Al Udeid, najvec\u0301oj ameri\u010dkoj vojnoj bazi na Bliskom istoku koja se nalazi u pustinji u blizini Dohe. Ambasada je poru\u010dila osoblju i ameri\u010dkim gra\u0111anima u Kataru da poja\u010daju oprez \u201cu svjetlu tekuc\u0301ih regionalnih neprijateljstava\u201d. Ameri\u010dki predsjednik Donald Trump u srijedu je javno razmatrao mogu\u0107i napad na Iran, navode\u0107i da ima \u201cideje \u0161ta da uradi\u201d. Nekoliko sati ranije, Trump je rekao: \u201cMo\u017eda c\u0301u to uraditi. Mo\u017eda nec\u0301u to uraditi\u201d, kada su ga pitali da li se pribli\u017eava napad na Iran. Iran je poru\u010dio Washingtonu da c\u0301e sna\u017eno odgovoriti Sjedinjenim Ameri\u010dkim Dr\u017eavama ako se direktno uklju\u010di u izraelsku vojnu kampanju, rekao je u srijedu iranski ambasador pri Ujedinjenim narodima u \u017denevi. Izvor:\u00a0Reuters<\/p>\n","protected":false},"author":1,"featured_media":3078,"comment_status":"open","ping_status":"open","sticky":false,"template":"","format":"standard","meta":{"footnotes":""},"categories":[9],"tags":[],"class_list":["post-3077","post","type-post","status-publish","format-standard","has-post-thumbnail","hentry","category-industrija"],"_links":{"self":[{"href":"https:\/\/ekonomist.me\/index.php\/wp-json\/wp\/v2\/posts\/3077","targetHints":{"allow":["GET"]}}],"collection":[{"href":"https:\/\/ekonomist.me\/index.php\/wp-json\/wp\/v2\/posts"}],"about":[{"href":"https:\/\/ekonomist.me\/index.php\/wp-json\/wp\/v2\/types\/post"}],"author":[{"embeddable":true,"href":"https:\/\/ekonomist.me\/index.php\/wp-json\/wp\/v2\/users\/1"}],"replies":[{"embeddable":true,"href":"https:\/\/ekonomist.me\/index.php\/wp-json\/wp\/v2\/comments?post=3077"}],"version-history":[{"count":7,"href":"https:\/\/ekonomist.me\/index.php\/wp-json\/wp\/v2\/posts\/3077\/revisions"}],"predecessor-version":[{"id":3085,"href":"https:\/\/ekonomist.me\/index.php\/wp-json\/wp\/v2\/posts\/3077\/revisions\/3085"}],"wp:featuredmedia":[{"embeddable":true,"href":"https:\/\/ekonomist.me\/index.php\/wp-json\/wp\/v2\/media\/3078"}],"wp:attachment":[{"href":"https:\/\/ekonomist.me\/index.php\/wp-json\/wp\/v2\/media?parent=3077"}],"wp:term":[{"taxonomy":"category","embeddable":true,"href":"https:\/\/ekonomist.me\/index.php\/wp-json\/wp\/v2\/categories?post=3077"},{"taxonomy":"post_tag","embeddable":true,"href":"https:\/\/ekonomist.me\/index.php\/wp-json\/wp\/v2\/tags?post=3077"}],"curies":[{"name":"wp","href":"https:\/\/api.w.org\/{rel}","templated":true}]}}