{"id":2985,"date":"2025-06-16T07:24:37","date_gmt":"2025-06-16T07:24:37","guid":{"rendered":"https:\/\/ekonomist.me\/?p=2985"},"modified":"2025-06-16T07:27:58","modified_gmt":"2025-06-16T07:27:58","slug":"predsjednica-ek-izraelskom-premijeru-diplomatija-najbolje-rjesenje-sukoba-sa-iranom","status":"publish","type":"post","link":"https:\/\/ekonomist.me\/index.php\/2025\/06\/16\/predsjednica-ek-izraelskom-premijeru-diplomatija-najbolje-rjesenje-sukoba-sa-iranom\/","title":{"rendered":"Predsjednica EK izraelskom premijeru: Diplomatija najbolje rje\u0161enje sukoba sa Iranom"},"content":{"rendered":"\t\t<div data-elementor-type=\"wp-post\" data-elementor-id=\"2985\" class=\"elementor elementor-2985\">\n\t\t\t\t<div class=\"elementor-element elementor-element-2a37b54a e-con-full e-flex wpr-particle-no wpr-jarallax-no wpr-parallax-no wpr-sticky-section-no e-con e-parent\" data-id=\"2a37b54a\" data-element_type=\"container\">\n\t\t<div class=\"elementor-element elementor-element-d2c2a63 e-con-full e-flex wpr-particle-no wpr-jarallax-no wpr-parallax-no wpr-sticky-section-no e-con e-child\" data-id=\"d2c2a63\" data-element_type=\"container\">\n\t\t<div class=\"elementor-element elementor-element-df7e021 e-con-full e-flex wpr-particle-no wpr-jarallax-no wpr-parallax-no wpr-sticky-section-no e-con e-child\" data-id=\"df7e021\" data-element_type=\"container\">\n\t\t\t\t<div class=\"elementor-element elementor-element-c3a1298 elementor-widget elementor-widget-wpr-post-title\" data-id=\"c3a1298\" data-element_type=\"widget\" data-widget_type=\"wpr-post-title.default\">\n\t\t\t\t<div class=\"elementor-widget-container\">\n\t\t\t\t\t<h1 class=\"wpr-post-title\">Predsjednica EK izraelskom premijeru: Diplomatija najbolje rje\u0161enje sukoba sa Iranom<\/h1>\t\t\t\t<\/div>\n\t\t\t\t<\/div>\n\t\t\t\t<div class=\"elementor-element elementor-element-6e473ff elementor-widget elementor-widget-eael-breadcrumbs\" data-id=\"6e473ff\" data-element_type=\"widget\" data-widget_type=\"eael-breadcrumbs.default\">\n\t\t\t\t<div class=\"elementor-widget-container\">\n\t\t\t\t\t\t\t<div class=\"eael-breadcrumbs\">\n\t\t\t<div class=\"eael-breadcrumbs__content\"><a href=\"https:\/\/ekonomist.me\">Home<\/a> <span class=\"eael-breadcrumb-separator\">\/<\/span> <\/div>\t\t<\/div>\n\t\t\t\t\t\t<\/div>\n\t\t\t\t<\/div>\n\t\t\t\t<div class=\"elementor-element elementor-element-1812683f elementor-widget elementor-widget-text-editor\" data-id=\"1812683f\" data-element_type=\"widget\" data-widget_type=\"text-editor.default\">\n\t\t\t\t<div class=\"elementor-widget-container\">\n\t\t\t\t\t\t\t\t\t<p><strong data-attribute-id=\"emphasized-text\">Predsjednica Evropske komisije (EK) Ursula fon der Lajen (von der Leyen) izjavila je da je u nedjelju u telefonskom razgovoru sa izraelskim premijerom Benjaminom Netanjahuom rekla da je diplomatija najbolje dugoro\u010dno rje\u0161enje sukoba sa Iranom.<\/strong><\/p><p>Me\u0111utim, predsjednica EK nije pozvala na trenutni prekid vatre, navodec\u0301i da \u201eIran o\u010digledno ne bi trebalo da ima nuklearno oru\u017eje\u201c. ; \u201eAli naravno da mislim da je rje\u0161enje uz pregovore, na dugi rok, najbolje rje\u0161enje\u201c, dodala je Ursula fon der Lajen prvog dana samita u Kanadi Grupe razvijenih ekonomija, koju \u010dine SAD, Japan, Njema\u010dka, Velika Britanija, Francuska, Italija i Kanada, kao i EU.<\/p><p>Ursula fon der Lajen rekla je da je Netanjahu obec\u0301ao da c\u0301e u\u010diniti vi\u0161e kako bi se dopremila pomoc\u0301 ratom razorenom Pojasu Gaze.<\/p><p>\u201eInsistirala sam da humanitarna pomoc\u0301 koja ne sti\u017ee u Pojas Gaze mora da u\u0111e na tu teritoriju. On (Netanjahu) je obec\u0301ao da hoc\u0301e\u201c, rekla je ona novinarima u Kananaskisu, zapadnom dijelu Kanade, gdje se odr\u017eava samit G7.<\/p><p>\u00a0<\/p><p>Izvor: Nova.rs<\/p>\t\t\t\t\t\t\t\t<\/div>\n\t\t\t\t<\/div>\n\t\t\t\t<\/div>\n\t\t\t\t<\/div>\n\t\t\t\t<div class=\"elementor-element elementor-element-cc13a3d elementor-widget-divider--view-line elementor-widget elementor-widget-divider\" data-id=\"cc13a3d\" data-element_type=\"widget\" data-widget_type=\"divider.default\">\n\t\t\t\t<div class=\"elementor-widget-container\">\n\t\t\t\t\t\t\t<div class=\"elementor-divider\">\n\t\t\t<span class=\"elementor-divider-separator\">\n\t\t\t\t\t\t<\/span>\n\t\t<\/div>\n\t\t\t\t\t\t<\/div>\n\t\t\t\t<\/div>\n\t\t\t\t<\/div>\n\t\t\t\t<\/div>\n\t\t","protected":false},"excerpt":{"rendered":"<p>Predsjednica EK izraelskom premijeru: Diplomatija najbolje rje\u0161enje sukoba sa Iranom Home \/ Predsjednica Evropske komisije (EK) Ursula fon der Lajen (von der Leyen) izjavila je da je u nedjelju u telefonskom razgovoru sa izraelskim premijerom Benjaminom Netanjahuom rekla da je diplomatija najbolje dugoro\u010dno rje\u0161enje sukoba sa Iranom. Me\u0111utim, predsjednica EK nije pozvala na trenutni prekid vatre, navodec\u0301i da \u201eIran o\u010digledno ne bi trebalo da ima nuklearno oru\u017eje\u201c. ; \u201eAli naravno da mislim da je rje\u0161enje uz pregovore, na dugi rok, najbolje rje\u0161enje\u201c, dodala je Ursula fon der Lajen prvog dana samita u Kanadi Grupe razvijenih ekonomija, koju \u010dine SAD, Japan, Njema\u010dka, Velika Britanija, Francuska, Italija i Kanada, kao i EU. Ursula fon der Lajen rekla je da je Netanjahu obec\u0301ao da c\u0301e u\u010diniti vi\u0161e kako bi se dopremila pomoc\u0301 ratom razorenom Pojasu Gaze. \u201eInsistirala sam da humanitarna pomoc\u0301 koja ne sti\u017ee u Pojas Gaze mora da u\u0111e na tu teritoriju. On (Netanjahu) je obec\u0301ao da hoc\u0301e\u201c, rekla je ona novinarima u Kananaskisu, zapadnom dijelu Kanade, gdje se odr\u017eava samit G7. \u00a0 Izvor: Nova.rs<\/p>\n","protected":false},"author":1,"featured_media":2988,"comment_status":"open","ping_status":"open","sticky":false,"template":"","format":"standard","meta":{"footnotes":""},"categories":[9],"tags":[],"class_list":["post-2985","post","type-post","status-publish","format-standard","has-post-thumbnail","hentry","category-industrija"],"_links":{"self":[{"href":"https:\/\/ekonomist.me\/index.php\/wp-json\/wp\/v2\/posts\/2985","targetHints":{"allow":["GET"]}}],"collection":[{"href":"https:\/\/ekonomist.me\/index.php\/wp-json\/wp\/v2\/posts"}],"about":[{"href":"https:\/\/ekonomist.me\/index.php\/wp-json\/wp\/v2\/types\/post"}],"author":[{"embeddable":true,"href":"https:\/\/ekonomist.me\/index.php\/wp-json\/wp\/v2\/users\/1"}],"replies":[{"embeddable":true,"href":"https:\/\/ekonomist.me\/index.php\/wp-json\/wp\/v2\/comments?post=2985"}],"version-history":[{"count":4,"href":"https:\/\/ekonomist.me\/index.php\/wp-json\/wp\/v2\/posts\/2985\/revisions"}],"predecessor-version":[{"id":2992,"href":"https:\/\/ekonomist.me\/index.php\/wp-json\/wp\/v2\/posts\/2985\/revisions\/2992"}],"wp:featuredmedia":[{"embeddable":true,"href":"https:\/\/ekonomist.me\/index.php\/wp-json\/wp\/v2\/media\/2988"}],"wp:attachment":[{"href":"https:\/\/ekonomist.me\/index.php\/wp-json\/wp\/v2\/media?parent=2985"}],"wp:term":[{"taxonomy":"category","embeddable":true,"href":"https:\/\/ekonomist.me\/index.php\/wp-json\/wp\/v2\/categories?post=2985"},{"taxonomy":"post_tag","embeddable":true,"href":"https:\/\/ekonomist.me\/index.php\/wp-json\/wp\/v2\/tags?post=2985"}],"curies":[{"name":"wp","href":"https:\/\/api.w.org\/{rel}","templated":true}]}}