{"id":2979,"date":"2025-06-16T07:13:40","date_gmt":"2025-06-16T07:13:40","guid":{"rendered":"https:\/\/ekonomist.me\/?p=2979"},"modified":"2025-06-16T07:19:12","modified_gmt":"2025-06-16T07:19:12","slug":"netanjahu-napali-smo-iran-da-sprijecimo-nuklearni-holokaust","status":"publish","type":"post","link":"https:\/\/ekonomist.me\/index.php\/2025\/06\/16\/netanjahu-napali-smo-iran-da-sprijecimo-nuklearni-holokaust\/","title":{"rendered":"Netanjahu: Napali smo Iran da sprije\u010dimo &#8220;nuklearni holokaust&#8221;"},"content":{"rendered":"\t\t<div data-elementor-type=\"wp-post\" data-elementor-id=\"2979\" class=\"elementor elementor-2979\">\n\t\t\t\t<div class=\"elementor-element elementor-element-2a37b54a e-con-full e-flex wpr-particle-no wpr-jarallax-no wpr-parallax-no wpr-sticky-section-no e-con e-parent\" data-id=\"2a37b54a\" data-element_type=\"container\">\n\t\t<div class=\"elementor-element elementor-element-d2c2a63 e-con-full e-flex wpr-particle-no wpr-jarallax-no wpr-parallax-no wpr-sticky-section-no e-con e-child\" data-id=\"d2c2a63\" data-element_type=\"container\">\n\t\t<div class=\"elementor-element elementor-element-df7e021 e-con-full e-flex wpr-particle-no wpr-jarallax-no wpr-parallax-no wpr-sticky-section-no e-con e-child\" data-id=\"df7e021\" data-element_type=\"container\">\n\t\t\t\t<div class=\"elementor-element elementor-element-c3a1298 elementor-widget elementor-widget-wpr-post-title\" data-id=\"c3a1298\" data-element_type=\"widget\" data-widget_type=\"wpr-post-title.default\">\n\t\t\t\t<div class=\"elementor-widget-container\">\n\t\t\t\t\t<h1 class=\"wpr-post-title\">Netanjahu: Napali smo Iran da sprije\u010dimo &#8220;nuklearni holokaust&#8221;<\/h1>\t\t\t\t<\/div>\n\t\t\t\t<\/div>\n\t\t\t\t<div class=\"elementor-element elementor-element-6e473ff elementor-widget elementor-widget-eael-breadcrumbs\" data-id=\"6e473ff\" data-element_type=\"widget\" data-widget_type=\"eael-breadcrumbs.default\">\n\t\t\t\t<div class=\"elementor-widget-container\">\n\t\t\t\t\t\t\t<div class=\"eael-breadcrumbs\">\n\t\t\t<div class=\"eael-breadcrumbs__content\"><a href=\"https:\/\/ekonomist.me\">Home<\/a> <span class=\"eael-breadcrumb-separator\">\/<\/span> <\/div>\t\t<\/div>\n\t\t\t\t\t\t<\/div>\n\t\t\t\t<\/div>\n\t\t\t\t<div class=\"elementor-element elementor-element-1812683f elementor-widget elementor-widget-text-editor\" data-id=\"1812683f\" data-element_type=\"widget\" data-widget_type=\"text-editor.default\">\n\t\t\t\t<div class=\"elementor-widget-container\">\n\t\t\t\t\t\t\t\t\t<div id=\"newsLead\" class=\"b\"><p class=\"selectionShareable\">Izraelski premijer Benjamin Netanjahu izjavio je ju\u010de da je pokrenuo vazdu\u0161ne napade na Iran kako bi sprije\u010dio &#8220;nuklearni holokaust&#8221;.<\/p><\/div><div id=\"newsContent\"><p class=\"selectionShareable\">&#8220;Morali smo da djelujemo. Bio je posljednji \u010das, i mi smo djelovali. Da bismo spasili sebe, ali i&#8230; da bismo za\u0161titili svijet od ovog zapaljivog re\u017eima. Ne mo\u017eemo dozvoliti da najopasniji re\u017eim na svijetu ima najopasnije oru\u017eje na svijetu&#8230; Ne\u0107emo imati drugi holokaust, nuklearni holokaust. Ve\u0107 smo ga imali, u prethodnom vijeku, jevrejska dr\u017eava ne\u0107e dozvoliti da se holokaust po\u010dini nad jevrejskim narodom. To se ne\u0107e dogoditi&#8221;, rekao je on za Foks njuz.<\/p><p class=\"selectionShareable\">On je naveo da njegova vlada ima obavje\u0161tajne podatke da je Iran mjesecima udaljen od razvoja po\u010detnog nuklearnog oru\u017eja.<\/p><p class=\"selectionShareable\">&#8220;Obavje\u0161tajne informacije koje smo dobili i podijelili sa Sjedinjenim Ameri\u010dkim Dr\u017eavama bile su apsolutno jasne: da rade na tajnom planu da pretvore uranijum u oru\u017eje, da se kre\u0107u veoma brzo, da \u0107e sti\u0107i do probnog ure\u0111aja, a mogu\u0107e i po\u010detnog ure\u0111aja, u roku od nekoliko mjeseci, a svakako manje od godinu dana. To je ne\u0161to \u0161to nikako ne bismo mogli da prihvatimo&#8221;, rekao je Netanjahu.<\/p><p class=\"selectionShareable\">On tvrdi &#8221;da Iran ima dovoljno oboga\u0107enog uranijuma za devet bombi&#8221;.<\/p><p class=\"selectionShareable\">&#8220;Sve \u0161to je trebalo da urade jeste da ih naoru\u017eaju. Mi smo to zaustavili&#8221;, rekao je izraelski premijer.<\/p><p class=\"selectionShareable\">On je, tako\u0111e, optu\u017eio Iran da razvija planove za isporuku nuklearnog oru\u017eja Hutima u Jemenu i naglasio da su Izrael i SAD &#8220;potpuno koordinisani&#8221;.<\/p><p class=\"selectionShareable\">&#8220;U stalnom sam kontaktu sa predsjednikom (SAD Donaldom) Trampom. Poznajemo se ve\u0107 mnogo godina. I naravno da smo unapred obavijestili na\u0161e ameri\u010dke prijatelje i predsjednika Trampa, na\u0161eg velikog prijatelja. Jesmo&#8221;, naveo je Netanjahu.<\/p><p class=\"selectionShareable\">Kako je ocijenio, Tramp je &#8220;neprijatelj broj jedan&#8221; za Iran.<\/p><p class=\"selectionShareable\">&#8220;On je odlu\u010dan vo\u0111a. Nikada nije krenuo putem kojim su drugi i\u0161li poku\u0161avaju\u0107i da se pregovara sa njima na na\u010din koji je slab, daju\u0107i im u osnovi put ka oboga\u0107ivanju uranijuma, \u0161to zna\u010di put ka bombi, dopunjavaju\u0107i ga milijardama i milijardama dolara. Uzeo je ovaj la\u017eni sporazum i u osnovi ga pocijepao. Ubio je \u0161efa IRGC-a Kasema Sulejmanija&#8221;, dodao je.<\/p><p class=\"selectionShareable\">Na pitanje da li Izrael ima kapacitet da ukloni iranska postrojenja duboko pod zemljom, Netanjahu je odgovorio da je &#8220;svakako dosta ura\u0111eno&#8221;.<\/p><p class=\"selectionShareable\">&#8220;Uni\u0161tili smo glavno postrojenje u Natanzu. To je glavno postrojenje za oboga\u0107ivanje. I ako bude potrebno, doda\u0107emo \u0161ta god je potrebno. Ali da, posve\u0107eni smo postizanju oba cilja&#8230; Ne \u017eelim da ulazim u konkretne operativne planove&#8221;, rekao je on i dodao da su Iranci &#8220;bili potpuno iznena\u0111eni&#8221; izraelskom operacijom.<\/p><p class=\"selectionShareable\">Na pitanje da li je promjena iranskog re\u017eima me\u0111u njegovim ciljevima u Iranu, Netanjahu je rekao da bi &#8220;to bi svakako mogla biti posljedica, jer je iranski re\u017eim veoma slab&#8221;.<\/p><p class=\"selectionShareable\">&#8220;Spremni smo da u\u010dinimo sve \u0161to je potrebno da bismo postigli na\u0161 dvostruki cilj, da uklonimo&#8230; dvije egzistencijalne prijetnje &#8211; nuklearnu prijetnju i prijetnju balisti\u010dkih raketa, rekao je Netanjahu.<\/p><p class=\"selectionShareable\">Kako je naveo, 80 odsto ljudi bi &#8220;uklonilo ove teolo\u0161ke nasilnike&#8221;.<\/p><p class=\"selectionShareable\">&#8220;Pucaju u \u017eene zato \u0161to im je kosa nepokrivena. Pucaju u studente. Samo isisavaju kiseonik iz ovih hrabrih i nadarenih ljudi, iranskog naroda. Odluka da se djeluje, da se ovog puta ustane, odluka je iranskog naroda&#8221;, ka\u017ee Netanjahu.<\/p><p class=\"selectionShareable\">On je istakao da je Izrael spreman da obustavi svoju kampanju ako Iran prihvati zahtjeve SAD da demontira svoj nuklearni program.<\/p><p class=\"selectionShareable\">&#8220;U suprotnom zavr\u0161i\u0107e se kada uklonimo te kapacitete, a ho\u0107emo&#8221;, upozorio je izraelski premijer.<\/p><p class=\"selectionShareable\">On nije \u017eeleo da komentari\u0161e informaciju koju su danas objavili ameri\u010dki mediji da je Tramp stavio veto na izraelski napad na iranskog vrhovnog vo\u0111u ajatolaha Alija Hamneija.<\/p><p class=\"selectionShareable\">&#8220;Postoji toliko la\u017enih vesti o razgovorima koji se nikada nisu dogodili, i ne\u0107u ulaziti u to. Ali mogu vam re\u0107i, mislim da radimo ono \u0161to treba&#8221;, dodao je izraelski premijer.<\/p><\/div>\t\t\t\t\t\t\t\t<\/div>\n\t\t\t\t<\/div>\n\t\t\t\t<\/div>\n\t\t\t\t<\/div>\n\t\t\t\t<div class=\"elementor-element elementor-element-cc13a3d elementor-widget-divider--view-line elementor-widget elementor-widget-divider\" data-id=\"cc13a3d\" data-element_type=\"widget\" data-widget_type=\"divider.default\">\n\t\t\t\t<div class=\"elementor-widget-container\">\n\t\t\t\t\t\t\t<div class=\"elementor-divider\">\n\t\t\t<span class=\"elementor-divider-separator\">\n\t\t\t\t\t\t<\/span>\n\t\t<\/div>\n\t\t\t\t\t\t<\/div>\n\t\t\t\t<\/div>\n\t\t\t\t<\/div>\n\t\t\t\t<\/div>\n\t\t","protected":false},"excerpt":{"rendered":"<p>Netanjahu: Napali smo Iran da sprije\u010dimo &#8220;nuklearni holokaust&#8221; Home \/ Izraelski premijer Benjamin Netanjahu izjavio je ju\u010de da je pokrenuo vazdu\u0161ne napade na Iran kako bi sprije\u010dio &#8220;nuklearni holokaust&#8221;. &#8220;Morali smo da djelujemo. Bio je posljednji \u010das, i mi smo djelovali. Da bismo spasili sebe, ali i&#8230; da bismo za\u0161titili svijet od ovog zapaljivog re\u017eima. Ne mo\u017eemo dozvoliti da najopasniji re\u017eim na svijetu ima najopasnije oru\u017eje na svijetu&#8230; Ne\u0107emo imati drugi holokaust, nuklearni holokaust. Ve\u0107 smo ga imali, u prethodnom vijeku, jevrejska dr\u017eava ne\u0107e dozvoliti da se holokaust po\u010dini nad jevrejskim narodom. To se ne\u0107e dogoditi&#8221;, rekao je on za Foks njuz. On je naveo da njegova vlada ima obavje\u0161tajne podatke da je Iran mjesecima udaljen od razvoja po\u010detnog nuklearnog oru\u017eja. &#8220;Obavje\u0161tajne informacije koje smo dobili i podijelili sa Sjedinjenim Ameri\u010dkim Dr\u017eavama bile su apsolutno jasne: da rade na tajnom planu da pretvore uranijum u oru\u017eje, da se kre\u0107u veoma brzo, da \u0107e sti\u0107i do probnog ure\u0111aja, a mogu\u0107e i po\u010detnog ure\u0111aja, u roku od nekoliko mjeseci, a svakako manje od godinu dana. To je ne\u0161to \u0161to nikako ne bismo mogli da prihvatimo&#8221;, rekao je Netanjahu. On tvrdi &#8221;da Iran ima dovoljno oboga\u0107enog uranijuma za devet bombi&#8221;. &#8220;Sve \u0161to je trebalo da urade jeste da ih naoru\u017eaju. Mi smo to zaustavili&#8221;, rekao je izraelski premijer. On je, tako\u0111e, optu\u017eio Iran da razvija planove za isporuku nuklearnog oru\u017eja Hutima u Jemenu i naglasio da su Izrael i SAD &#8220;potpuno koordinisani&#8221;. &#8220;U stalnom sam kontaktu sa predsjednikom (SAD Donaldom) Trampom. Poznajemo se ve\u0107 mnogo godina. I naravno da smo unapred obavijestili na\u0161e ameri\u010dke prijatelje i predsjednika Trampa, na\u0161eg velikog prijatelja. Jesmo&#8221;, naveo je Netanjahu. Kako je ocijenio, Tramp je &#8220;neprijatelj broj jedan&#8221; za Iran. &#8220;On je odlu\u010dan vo\u0111a. Nikada nije krenuo putem kojim su drugi i\u0161li poku\u0161avaju\u0107i da se pregovara sa njima na na\u010din koji je slab, daju\u0107i im u osnovi put ka oboga\u0107ivanju uranijuma, \u0161to zna\u010di put ka bombi, dopunjavaju\u0107i ga milijardama i milijardama dolara. Uzeo je ovaj la\u017eni sporazum i u osnovi ga pocijepao. Ubio je \u0161efa IRGC-a Kasema Sulejmanija&#8221;, dodao je. Na pitanje da li Izrael ima kapacitet da ukloni iranska postrojenja duboko pod zemljom, Netanjahu je odgovorio da je &#8220;svakako dosta ura\u0111eno&#8221;. &#8220;Uni\u0161tili smo glavno postrojenje u Natanzu. To je glavno postrojenje za oboga\u0107ivanje. I ako bude potrebno, doda\u0107emo \u0161ta god je potrebno. Ali da, posve\u0107eni smo postizanju oba cilja&#8230; Ne \u017eelim da ulazim u konkretne operativne planove&#8221;, rekao je on i dodao da su Iranci &#8220;bili potpuno iznena\u0111eni&#8221; izraelskom operacijom. Na pitanje da li je promjena iranskog re\u017eima me\u0111u njegovim ciljevima u Iranu, Netanjahu je rekao da bi &#8220;to bi svakako mogla biti posljedica, jer je iranski re\u017eim veoma slab&#8221;. &#8220;Spremni smo da u\u010dinimo sve \u0161to je potrebno da bismo postigli na\u0161 dvostruki cilj, da uklonimo&#8230; dvije egzistencijalne prijetnje &#8211; nuklearnu prijetnju i prijetnju balisti\u010dkih raketa, rekao je Netanjahu. Kako je naveo, 80 odsto ljudi bi &#8220;uklonilo ove teolo\u0161ke nasilnike&#8221;. &#8220;Pucaju u \u017eene zato \u0161to im je kosa nepokrivena. Pucaju u studente. Samo isisavaju kiseonik iz ovih hrabrih i nadarenih ljudi, iranskog naroda. Odluka da se djeluje, da se ovog puta ustane, odluka je iranskog naroda&#8221;, ka\u017ee Netanjahu. On je istakao da je Izrael spreman da obustavi svoju kampanju ako Iran prihvati zahtjeve SAD da demontira svoj nuklearni program. &#8220;U suprotnom zavr\u0161i\u0107e se kada uklonimo te kapacitete, a ho\u0107emo&#8221;, upozorio je izraelski premijer. On nije \u017eeleo da komentari\u0161e informaciju koju su danas objavili ameri\u010dki mediji da je Tramp stavio veto na izraelski napad na iranskog vrhovnog vo\u0111u ajatolaha Alija Hamneija. &#8220;Postoji toliko la\u017enih vesti o razgovorima koji se nikada nisu dogodili, i ne\u0107u ulaziti u to. Ali mogu vam re\u0107i, mislim da radimo ono \u0161to treba&#8221;, dodao je izraelski premijer.<\/p>\n","protected":false},"author":1,"featured_media":2980,"comment_status":"open","ping_status":"open","sticky":false,"template":"","format":"standard","meta":{"footnotes":""},"categories":[9],"tags":[],"class_list":["post-2979","post","type-post","status-publish","format-standard","has-post-thumbnail","hentry","category-industrija"],"_links":{"self":[{"href":"https:\/\/ekonomist.me\/index.php\/wp-json\/wp\/v2\/posts\/2979","targetHints":{"allow":["GET"]}}],"collection":[{"href":"https:\/\/ekonomist.me\/index.php\/wp-json\/wp\/v2\/posts"}],"about":[{"href":"https:\/\/ekonomist.me\/index.php\/wp-json\/wp\/v2\/types\/post"}],"author":[{"embeddable":true,"href":"https:\/\/ekonomist.me\/index.php\/wp-json\/wp\/v2\/users\/1"}],"replies":[{"embeddable":true,"href":"https:\/\/ekonomist.me\/index.php\/wp-json\/wp\/v2\/comments?post=2979"}],"version-history":[{"count":4,"href":"https:\/\/ekonomist.me\/index.php\/wp-json\/wp\/v2\/posts\/2979\/revisions"}],"predecessor-version":[{"id":2984,"href":"https:\/\/ekonomist.me\/index.php\/wp-json\/wp\/v2\/posts\/2979\/revisions\/2984"}],"wp:featuredmedia":[{"embeddable":true,"href":"https:\/\/ekonomist.me\/index.php\/wp-json\/wp\/v2\/media\/2980"}],"wp:attachment":[{"href":"https:\/\/ekonomist.me\/index.php\/wp-json\/wp\/v2\/media?parent=2979"}],"wp:term":[{"taxonomy":"category","embeddable":true,"href":"https:\/\/ekonomist.me\/index.php\/wp-json\/wp\/v2\/categories?post=2979"},{"taxonomy":"post_tag","embeddable":true,"href":"https:\/\/ekonomist.me\/index.php\/wp-json\/wp\/v2\/tags?post=2979"}],"curies":[{"name":"wp","href":"https:\/\/api.w.org\/{rel}","templated":true}]}}