{"id":2958,"date":"2025-06-15T10:39:27","date_gmt":"2025-06-15T10:39:27","guid":{"rendered":"https:\/\/ekonomist.me\/?p=2958"},"modified":"2025-06-15T10:43:35","modified_gmt":"2025-06-15T10:43:35","slug":"ministar-iran-ce-prekinuti-lansiranje-raketa-zaustavi-li-izrael-svoje-napade","status":"publish","type":"post","link":"https:\/\/ekonomist.me\/index.php\/2025\/06\/15\/ministar-iran-ce-prekinuti-lansiranje-raketa-zaustavi-li-izrael-svoje-napade\/","title":{"rendered":"Ministar: Iran \u0107e prekinuti lansiranje raketa zaustavi li Izrael svoje napade"},"content":{"rendered":"\t\t<div data-elementor-type=\"wp-post\" data-elementor-id=\"2958\" class=\"elementor elementor-2958\">\n\t\t\t\t<div class=\"elementor-element elementor-element-2a37b54a e-con-full e-flex wpr-particle-no wpr-jarallax-no wpr-parallax-no wpr-sticky-section-no e-con e-parent\" data-id=\"2a37b54a\" data-element_type=\"container\">\n\t\t<div class=\"elementor-element elementor-element-d2c2a63 e-con-full e-flex wpr-particle-no wpr-jarallax-no wpr-parallax-no wpr-sticky-section-no e-con e-child\" data-id=\"d2c2a63\" data-element_type=\"container\">\n\t\t<div class=\"elementor-element elementor-element-df7e021 e-con-full e-flex wpr-particle-no wpr-jarallax-no wpr-parallax-no wpr-sticky-section-no e-con e-child\" data-id=\"df7e021\" data-element_type=\"container\">\n\t\t\t\t<div class=\"elementor-element elementor-element-c3a1298 elementor-widget elementor-widget-wpr-post-title\" data-id=\"c3a1298\" data-element_type=\"widget\" data-widget_type=\"wpr-post-title.default\">\n\t\t\t\t<div class=\"elementor-widget-container\">\n\t\t\t\t\t<h1 class=\"wpr-post-title\">Ministar: Iran \u0107e prekinuti lansiranje raketa zaustavi li Izrael svoje napade<\/h1>\t\t\t\t<\/div>\n\t\t\t\t<\/div>\n\t\t\t\t<div class=\"elementor-element elementor-element-6e473ff elementor-widget elementor-widget-eael-breadcrumbs\" data-id=\"6e473ff\" data-element_type=\"widget\" data-widget_type=\"eael-breadcrumbs.default\">\n\t\t\t\t<div class=\"elementor-widget-container\">\n\t\t\t\t\t\t\t<div class=\"eael-breadcrumbs\">\n\t\t\t<div class=\"eael-breadcrumbs__content\"><a href=\"https:\/\/ekonomist.me\">Home<\/a> <span class=\"eael-breadcrumb-separator\">\/<\/span> <\/div>\t\t<\/div>\n\t\t\t\t\t\t<\/div>\n\t\t\t\t<\/div>\n\t\t\t\t<div class=\"elementor-element elementor-element-1812683f elementor-widget elementor-widget-text-editor\" data-id=\"1812683f\" data-element_type=\"widget\" data-widget_type=\"text-editor.default\">\n\t\t\t\t<div class=\"elementor-widget-container\">\n\t\t\t\t\t\t\t\t\t<header class=\"article-header\"><header class=\"article-header\"><p class=\"article__subhead\"><em>Izrael napadima poku\u0161ava sabotirati razgovore o nuklearnom programu izme\u0111u Irana i SAD-a, rekao je \u0161ef iranske diplomatije.<\/em><\/p><p class=\"article__subhead\">Iranski ministar spoljnih poslova Abbas Araghchi u nedjelju je signalizirao spremnost Irana da zaustavi raketne napade na Izrael, rekav\u0161i kako se oni izvode isklju\u010divo u samoodbrani, prenosi Hina pozivaju\u0107i se na Reuters i DPA.<\/p><\/header><div class=\"wysiwyg wysiwyg--all-content\" aria-live=\"polite\" aria-atomic=\"true\"><p>Napadi su bili \u201cisklju\u010divo u samoodbrani i kao odgovor na agresiju\u201d, rekao je \u0161ef iranske diplomatije, prema dr\u017eavnoj novinskoj agenciji IRNA.<\/p><p>\u201cAko agresija prestane, i na\u0161 odgovor \u0107e prestati\u201d, istakao je u nedjelju na okupljanju stranih ambasadora u Teheranu. Tako\u0111e je izrazio \u017ealjenje zbog otkazivanja za nedjelju planiranih nuklearnih pregovora u Omanu sa Sjedinjenim Ameri\u010dkim Dr\u017eavama.<\/p><p>\u201cDanas smo trebali predstaviti vlastiti prijedlog za nuklearni sporazum sa SAD-om koji je mogao utrti put dogovoru\u201d, rekao je istakav\u0161i kako je protiv toga bio Izrael.<\/p><h2 id=\"prekid-pregovora-izraelski-cilj\">Prekid pregovora izraelski cilj<\/h2><p>Sabota\u017ea tih razgovora bio je cilj izraelskih napada, kazao je Araghchi, izraziv\u0161i \u017ealjenje \u0161to je u tome u\u010destvovao SAD.<\/p><p>Washington i Teheran pregovaraju o kontroverznom iranskom nuklearnom programu ve\u0107 pribli\u017eno dva mjeseca, a Oman igra posredni\u010dku ulogu. No, pregovori su prekinuti izraelskim pokretanjem velike vazdu\u0161ne ofanzive protiv Irana u petak, nakon \u010dega su uslijedili kontra napadi Teherana.<\/p><p>Iran ne \u017eeli da se sukob s Izraelom pro\u0161iri na susjedne dr\u017eave, osim ako na to ne bude prisiljen, rekao je iranski \u0161ef diplomatije. Poru\u010dio je kako SAD treba osuditi izraelske napade na iranska nuklearna postrojenja te da Izrael nikada ne bi izvr\u0161io napad bez ameri\u010dkog zelenog svjetla i podr\u0161ke.<\/p><\/div><div class=\"article-source\">Izvor:\u00a0DPA<span data-testid=\"source-separator\">\u00a0+\u00a0<\/span>Hina<span data-testid=\"source-separator\">\u00a0+\u00a0<\/span>Reuters<\/div><\/header>\t\t\t\t\t\t\t\t<\/div>\n\t\t\t\t<\/div>\n\t\t\t\t<\/div>\n\t\t\t\t<\/div>\n\t\t\t\t<div class=\"elementor-element elementor-element-cc13a3d elementor-widget-divider--view-line elementor-widget elementor-widget-divider\" data-id=\"cc13a3d\" data-element_type=\"widget\" data-widget_type=\"divider.default\">\n\t\t\t\t<div class=\"elementor-widget-container\">\n\t\t\t\t\t\t\t<div class=\"elementor-divider\">\n\t\t\t<span class=\"elementor-divider-separator\">\n\t\t\t\t\t\t<\/span>\n\t\t<\/div>\n\t\t\t\t\t\t<\/div>\n\t\t\t\t<\/div>\n\t\t\t\t<\/div>\n\t\t\t\t<\/div>\n\t\t","protected":false},"excerpt":{"rendered":"<p>Ministar: Iran \u0107e prekinuti lansiranje raketa zaustavi li Izrael svoje napade Home \/ Izrael napadima poku\u0161ava sabotirati razgovore o nuklearnom programu izme\u0111u Irana i SAD-a, rekao je \u0161ef iranske diplomatije. Iranski ministar spoljnih poslova Abbas Araghchi u nedjelju je signalizirao spremnost Irana da zaustavi raketne napade na Izrael, rekav\u0161i kako se oni izvode isklju\u010divo u samoodbrani, prenosi Hina pozivaju\u0107i se na Reuters i DPA. Napadi su bili \u201cisklju\u010divo u samoodbrani i kao odgovor na agresiju\u201d, rekao je \u0161ef iranske diplomatije, prema dr\u017eavnoj novinskoj agenciji IRNA. \u201cAko agresija prestane, i na\u0161 odgovor \u0107e prestati\u201d, istakao je u nedjelju na okupljanju stranih ambasadora u Teheranu. Tako\u0111e je izrazio \u017ealjenje zbog otkazivanja za nedjelju planiranih nuklearnih pregovora u Omanu sa Sjedinjenim Ameri\u010dkim Dr\u017eavama. \u201cDanas smo trebali predstaviti vlastiti prijedlog za nuklearni sporazum sa SAD-om koji je mogao utrti put dogovoru\u201d, rekao je istakav\u0161i kako je protiv toga bio Izrael. Prekid pregovora izraelski cilj Sabota\u017ea tih razgovora bio je cilj izraelskih napada, kazao je Araghchi, izraziv\u0161i \u017ealjenje \u0161to je u tome u\u010destvovao SAD. Washington i Teheran pregovaraju o kontroverznom iranskom nuklearnom programu ve\u0107 pribli\u017eno dva mjeseca, a Oman igra posredni\u010dku ulogu. No, pregovori su prekinuti izraelskim pokretanjem velike vazdu\u0161ne ofanzive protiv Irana u petak, nakon \u010dega su uslijedili kontra napadi Teherana. Iran ne \u017eeli da se sukob s Izraelom pro\u0161iri na susjedne dr\u017eave, osim ako na to ne bude prisiljen, rekao je iranski \u0161ef diplomatije. Poru\u010dio je kako SAD treba osuditi izraelske napade na iranska nuklearna postrojenja te da Izrael nikada ne bi izvr\u0161io napad bez ameri\u010dkog zelenog svjetla i podr\u0161ke. Izvor:\u00a0DPA\u00a0+\u00a0Hina\u00a0+\u00a0Reuters<\/p>\n","protected":false},"author":1,"featured_media":2959,"comment_status":"open","ping_status":"open","sticky":false,"template":"","format":"standard","meta":{"footnotes":""},"categories":[9],"tags":[],"class_list":["post-2958","post","type-post","status-publish","format-standard","has-post-thumbnail","hentry","category-industrija"],"_links":{"self":[{"href":"https:\/\/ekonomist.me\/index.php\/wp-json\/wp\/v2\/posts\/2958","targetHints":{"allow":["GET"]}}],"collection":[{"href":"https:\/\/ekonomist.me\/index.php\/wp-json\/wp\/v2\/posts"}],"about":[{"href":"https:\/\/ekonomist.me\/index.php\/wp-json\/wp\/v2\/types\/post"}],"author":[{"embeddable":true,"href":"https:\/\/ekonomist.me\/index.php\/wp-json\/wp\/v2\/users\/1"}],"replies":[{"embeddable":true,"href":"https:\/\/ekonomist.me\/index.php\/wp-json\/wp\/v2\/comments?post=2958"}],"version-history":[{"count":4,"href":"https:\/\/ekonomist.me\/index.php\/wp-json\/wp\/v2\/posts\/2958\/revisions"}],"predecessor-version":[{"id":2963,"href":"https:\/\/ekonomist.me\/index.php\/wp-json\/wp\/v2\/posts\/2958\/revisions\/2963"}],"wp:featuredmedia":[{"embeddable":true,"href":"https:\/\/ekonomist.me\/index.php\/wp-json\/wp\/v2\/media\/2959"}],"wp:attachment":[{"href":"https:\/\/ekonomist.me\/index.php\/wp-json\/wp\/v2\/media?parent=2958"}],"wp:term":[{"taxonomy":"category","embeddable":true,"href":"https:\/\/ekonomist.me\/index.php\/wp-json\/wp\/v2\/categories?post=2958"},{"taxonomy":"post_tag","embeddable":true,"href":"https:\/\/ekonomist.me\/index.php\/wp-json\/wp\/v2\/tags?post=2958"}],"curies":[{"name":"wp","href":"https:\/\/api.w.org\/{rel}","templated":true}]}}