{"id":2926,"date":"2025-06-13T09:32:22","date_gmt":"2025-06-13T09:32:22","guid":{"rendered":"https:\/\/ekonomist.me\/?p=2926"},"modified":"2025-06-13T09:38:29","modified_gmt":"2025-06-13T09:38:29","slug":"izrael-izveo-raketni-napad-na-iran-sad-tvrde-da-nisu-ucestvovale-teheran-najavljuje-odmazdu","status":"publish","type":"post","link":"https:\/\/ekonomist.me\/index.php\/2025\/06\/13\/izrael-izveo-raketni-napad-na-iran-sad-tvrde-da-nisu-ucestvovale-teheran-najavljuje-odmazdu\/","title":{"rendered":"Izrael izveo raketni napad na Iran \u2013 SAD tvrde da nisu u\u010destvovale, Teheran najavljuje odmazdu"},"content":{"rendered":"\t\t<div data-elementor-type=\"wp-post\" data-elementor-id=\"2926\" class=\"elementor elementor-2926\">\n\t\t\t\t<div class=\"elementor-element elementor-element-2a37b54a e-con-full e-flex wpr-particle-no wpr-jarallax-no wpr-parallax-no wpr-sticky-section-no e-con e-parent\" data-id=\"2a37b54a\" data-element_type=\"container\">\n\t\t<div class=\"elementor-element elementor-element-d2c2a63 e-con-full e-flex wpr-particle-no wpr-jarallax-no wpr-parallax-no wpr-sticky-section-no e-con e-child\" data-id=\"d2c2a63\" data-element_type=\"container\">\n\t\t<div class=\"elementor-element elementor-element-df7e021 e-con-full e-flex wpr-particle-no wpr-jarallax-no wpr-parallax-no wpr-sticky-section-no e-con e-child\" data-id=\"df7e021\" data-element_type=\"container\">\n\t\t\t\t<div class=\"elementor-element elementor-element-c3a1298 elementor-widget elementor-widget-wpr-post-title\" data-id=\"c3a1298\" data-element_type=\"widget\" data-widget_type=\"wpr-post-title.default\">\n\t\t\t\t<div class=\"elementor-widget-container\">\n\t\t\t\t\t<h1 class=\"wpr-post-title\">Izrael izveo raketni napad na Iran \u2013 SAD tvrde da nisu u\u010destvovale, Teheran najavljuje odmazdu<\/h1>\t\t\t\t<\/div>\n\t\t\t\t<\/div>\n\t\t\t\t<div class=\"elementor-element elementor-element-6e473ff elementor-widget elementor-widget-eael-breadcrumbs\" data-id=\"6e473ff\" data-element_type=\"widget\" data-widget_type=\"eael-breadcrumbs.default\">\n\t\t\t\t<div class=\"elementor-widget-container\">\n\t\t\t\t\t\t\t<div class=\"eael-breadcrumbs\">\n\t\t\t<div class=\"eael-breadcrumbs__content\"><a href=\"https:\/\/ekonomist.me\">Home<\/a> <span class=\"eael-breadcrumb-separator\">\/<\/span> <\/div>\t\t<\/div>\n\t\t\t\t\t\t<\/div>\n\t\t\t\t<\/div>\n\t\t\t\t<div class=\"elementor-element elementor-element-1812683f elementor-widget elementor-widget-text-editor\" data-id=\"1812683f\" data-element_type=\"widget\" data-widget_type=\"text-editor.default\">\n\t\t\t\t<div class=\"elementor-widget-container\">\n\t\t\t\t\t\t\t\t\t<header class=\"article-header\"><p class=\"article__subhead\"><em>Iranski vrhovni vo\u0111a Ali Khamenei upozorio je da se Izrael suo\u010dava s \u2018gorkom i bolnom\u2019 sudbinom nakon napada.<\/em><\/p><\/header><div class=\"wysiwyg wysiwyg--all-content\" aria-live=\"polite\" aria-atomic=\"true\"><p>Izrael je napao\u00a0nekoliko iranskih nuklearnih postrojenja i vojnih lokacija te\u00a0izvr\u0161io atentate\u00a0na visoke vojne du\u017enosnike i nuklearne nau\u010dnike.<\/p><p>Napad je doveo do straha od \u0161ireg vojnog sukoba u regiji, a Teheran je obe\u0107ao \u201co\u0161tar odgovor\u201d.<\/p><p>Iranski vrhovni vo\u0111a Ali Khamenei upozorio je da Izrael nakon napada \u010deka \u201egorka i bolna\u201c sudbina.<\/p><p>\u201eBo\u017eijom voljom, sna\u017ena ruka Oru\u017eanih snaga Islamske Republike ne\u0107e dopustiti da Izrael pro\u0111e neka\u017enjeno\u201c, rekao je.<\/p><figure id=\"attachment_1607470\" class=\"wp-caption aligncenter\" aria-describedby=\"caption-attachment-1607470\"><img decoding=\"async\" class=\"size-arc-image-770 wp-image-1607470\" src=\"https:\/\/balkans.aljazeera.net\/wp-content\/uploads\/2025\/06\/reuters_684bb620-1749792288-1749796634.webp?w=770&amp;resize=770%2C513&amp;quality=80\" alt=\"\" data-recalc-dims=\"1\" \/><figcaption id=\"caption-attachment-1607470\" class=\"wp-caption-text\">Iranski vrhovni vo\u0111a ajatolah Ali Khamenei obe\u0107ao je da \u0107e Iran dati \u2018o\u0161tar odgovor\u2019 [Kancelarija iranskog vrhovnog vo\u0111e\/WANA putem Reutersa]<\/figcaption><\/figure><p>Izraelski premijer Benjamin Netanyahu u unaprijed snimljenoj poruci rekao je da su napadi rano u petak bili usmjereni na o\u0161te\u0107enje iranske nuklearne infrastrukture i fabrika balisti\u010dkih projektila.<\/p><h2 id=\"sta-je-izrael-napao-u-iranu\">\u0160ta je Izrael napao u Iranu?<\/h2><p>Napadi su potvr\u0111eni na sljede\u0107im lokacijama:<\/p><ul><li>Glavni grad Teheran i vojni objekti u okolnom podru\u010dju.<\/li><li>Grad Natanz, gdje su prijavljene eksplozije u glavnom postrojenju za oboga\u0107ivanje uranija.<\/li><li>Grad Tabriz, gdje su prijavljene eksplozije u blizini centra za nuklearna istra\u017eivanja i dvije vojne baze.<\/li><li>Grad Isfahan, ju\u017eno od Teherana.<\/li><li>Grad Arak, jugozapadno od Teherana.<\/li><li>Grad Kermanshah, zapadno od Teherana.<\/li><\/ul><p>Fotografije objavljene na dru\u0161tvenim mre\u017eama prikazuju o\u0161te\u0107ene strukture, uklju\u010duju\u0107i stambene zgrade, diljem iranske prijestolnice.<\/p><h2 id=\"koga-je-izrael-ubio\">Koga je Izrael ubio?<\/h2><p>Prema iranskim medijima, Hossein Salami, vrhovni komandant Korpusa islamske revolucionarne garde i Mohammad Bagheri, na\u010delnik Glavnog \u0161taba Iranske vojske, bili su me\u0111u ubijenima u izraelskom napadu.<\/p><p>Dr\u017eavna novinska ku\u0107a Nour News izvijestila je da je Khameneijev savjetnik Ali Shamkhani \u201cte\u0161ko povrije\u0111en\u201d.<\/p><p>Prema Tasnimu, komandant \u0161taba Khatam al-Anbiya, generalmajor Gholamali Rashid, ubijen je.<\/p><figure id=\"attachment_1607467\" class=\"wp-caption aligncenter\" aria-describedby=\"caption-attachment-1607467\"><img decoding=\"async\" class=\"size-arc-image-770 wp-image-1607467\" src=\"https:\/\/balkans.aljazeera.net\/wp-content\/uploads\/2025\/06\/2025-06-13T022626Z_1641628925_RC22JY9YJCJB_RTRMADP_3_IRAN-NUCLEAR-STRIKE-CHIEF-1749789666-1749796564.webp?w=770&amp;resize=770%2C513&amp;quality=80\" alt=\"\" data-recalc-dims=\"1\" \/><figcaption id=\"caption-attachment-1607467\" class=\"wp-caption-text\">U napadima je navodno ubijen vrhovni komandant IRGC-a, general-major Hossein Salami [Majid Asgaripour\/WANA Reuters]<\/figcaption><\/figure><p>Reporter Al Jazeere Tohid Asadi izvje\u0161tava iz iranskog glavnog grada Teherana da su, osim vojnih du\u017enosnika, u ciljanim atentatima ubijena i dva vrhunska nuklearna nau\u010dnika Fereydoon Abbasi i Mohammad Tehranchi.<\/p><p>Abbasi je bio biv\u0161i \u0161ef Iranske organizacije za atomsku energiju, dok je Tehranchi bio na \u010delu Islamskog univerziteta Azad.<\/p><h2 id=\"kakva-je-bila-reakcija-u-iranu\">Kakva je bila reakcija u Iranu?<\/h2><p>Ljudi u Iranu probudili su se uz zastra\u0161uju\u0107e prizore razaranja u svojim susjedstvima.<\/p><p>U izjavi je Khamenei rekao da je Izrael \u201cotvorio svoju prljavu i krvavu ruku zlo\u010dinu\u201d protiv Irana, \u201cotkrivaju\u0107i svoju zlu prirodu vi\u0161e nego ikad\u201d napadima na stambene centre.<\/p><p>\u201cRe\u017eim mora o\u010dekivati \u200b\u200bstrogu kaznu.\u201d<\/p><p>Iranski mediji citirali su Abolfazla Shekarchija, glasnogovornika Iranskih oru\u017eanih snaga, koji je rekao da \u0107e Izrael platiti \u201cvisoku cijenu\u201d za svoje napade.<\/p><h2 id=\"kakva-je-bila-reakcija-u-izraelu\">Kakva je bila reakcija u Izraelu?<\/h2><p>Na\u010delnik Izraelskog vojnog \u0161taba Eyal Zamir rekao je da je Izrael napadom u petak dosegao \u201cta\u010dku bez povratka\u201d. Opisuju\u0107i jutarnje napade na Iran kao \u201cborbu za o\u010duvanje na\u0161eg postojanja\u201d, Zamir je rekao da je Izrael pokrenuo napade jer nije mogao \u201c\u010dekati jo\u0161 jedan trenutak za djelovanje\u201d.<\/p><figure id=\"attachment_1607464\" class=\"wp-caption aligncenter\" aria-describedby=\"caption-attachment-1607464\"><img decoding=\"async\" class=\"size-arc-image-770 wp-image-1607464\" src=\"https:\/\/balkans.aljazeera.net\/wp-content\/uploads\/2025\/06\/AFP__20250613__626Z4R4__v1__HighRes__IranIsraelConflictStrike-1749782023-1749796492.webp?w=770&amp;resize=770%2C493&amp;quality=80\" alt=\"\" data-recalc-dims=\"1\" \/><figcaption id=\"caption-attachment-1607464\" class=\"wp-caption-text\">Ova fotografija koju je objavio slu\u017ebeni Telegram kanal Sepah News IRGC-a prikazuje dim koji se di\u017ee s mjesta koje je Izrael bombardirao u Teheranu rano ujutro 13. juna 2025. [Sepah News\/AFP]<\/figcaption><\/figure><p>\u201cSvako ko nas poku\u0161a izazvati platit \u0107e visoku cijenu\u201c, dodao je.<\/p><p>Izraelski opozicijski politi\u010dar Yair Lapid objavio je poruku na X-u, ranije poznatom kao Twitter, \u010destitaju\u0107i izraelskoj vojsci na napadu.<\/p><h2 id=\"kakav-je-bio-odgovor-sad-a\">Kakav je bio odgovor SAD-a?<\/h2><p>Iran i Sjedinjene Ameri\u010dke Dr\u017eave trenutno u\u010destvuju u pregovorima o iranskom nuklearnom programu, s ciljem postizanja sporazuma koji bi ograni\u010dio program u zamjenu za ubla\u017eavanje sankcija Iranu.<\/p><p>U intervjuu za Fox News ameri\u010dki predsjednik Donald Trump rekao je da Washington nije bio uklju\u010den u izraelske napade.<\/p><p>\u201eIran ne mo\u017ee imati nuklearnu bombu i nadamo se da \u0107emo se vratiti za pregovara\u010dki sto. Vidjet \u0107emo\u201c, rekao je Trump, dodaju\u0107i da \u0107e SAD pomo\u0107i u odbrani Izraela ako Iran uzvrati.<\/p><p>O\u010dekuje se da \u0107e Trump tokom dana sazvati sastanak Vije\u0107a nacionalne sigurnosti, saop\u0161tila je Bijela ku\u0107a.<\/p><figure id=\"attachment_1607460\" class=\"wp-caption aligncenter\" aria-describedby=\"caption-attachment-1607460\"><img decoding=\"async\" class=\"size-arc-image-770 wp-image-1607460\" src=\"https:\/\/balkans.aljazeera.net\/wp-content\/uploads\/2025\/06\/2025-06-13T024138Z_273057175_RC2E1FAFRUGE_RTRMADP_3_IRAN-NUCLEAR-1749782795-1749796435.webp?w=770&amp;resize=770%2C519&amp;quality=80\" alt=\"\" data-recalc-dims=\"1\" \/><figcaption id=\"caption-attachment-1607460\" class=\"wp-caption-text\">Ljudi se okupljaju u blizini o\u0161te\u0107enih vozila nakon izraelskih napada u Teheranu rano u petak [Majid Asgaripour\/WANA via Reuters]<\/figcaption><\/figure><p>U izjavi, ameri\u010dki dr\u017eavni sekretar Marco Rubio rekao je da SAD nije bio uklju\u010den u operaciju.<\/p><p>\u201eNa\u0161 glavni prioritet je za\u0161tita ameri\u010dkih snaga u regiji\u201c, rekao je Rubio. \u201eDozvolite mi da budem jasan: Iran ne bi trebao ciljati ameri\u010dke interese ili osoblje.\u201c<\/p><p>Opozicijski demokratski senator Chris Murphy rekao je da su izraelski napadi \u201ejasno namijenjeni uni\u0161tavanju\u201c diplomatije Trumpove administracije s Iranom.<\/p><h2 id=\"koja-je-opasnost-od-napada-na-nuklearna-postrojenja\">Koja je opasnost od napada na nuklearna postrojenja?<\/h2><p>Napad na nuklearna postrojenja mo\u017ee imati nekoliko posljedica nepredvidivog opsega, uklju\u010duju\u0107i radioaktivna curenja, eksplozije i dugotrajnu kontaminaciju.<\/p><p>Rafael Grossi, \u010delnik Me\u0111unarodne agencije za atomsku energiju (IAEA), ka\u017ee da to tijelo UN-a pomno prati situaciju u Iranu.<\/p><figure id=\"attachment_1607456\" class=\"wp-caption aligncenter\" aria-describedby=\"caption-attachment-1607456\"><img decoding=\"async\" class=\"size-arc-image-770 wp-image-1607456\" src=\"https:\/\/balkans.aljazeera.net\/wp-content\/uploads\/2025\/06\/AP25163619691284-1749779046-1749796376.webp?w=770&amp;resize=770%2C513&amp;quality=80\" alt=\"\" data-recalc-dims=\"1\" \/><figcaption id=\"caption-attachment-1607456\" class=\"wp-caption-text\">Ova satelitska fotografija kompanije Planet Labs PBC prikazuje nuklearni objekt Natanz u Iranu 20. maja 2025. [Planet Labs PBC putem AP-a]<\/figcaption><\/figure><p>Rekao je da IAEA mo\u017ee potvrditi da je lokacija u Natanzu bila me\u0111u ciljevima koje je Izrael pogodio.<\/p><p>\u201eAgencija je u kontaktu s iranskim vlastima u vezi sa stepenom zra\u010denja. Tako\u0111er smo u kontaktu s na\u0161im inspektorima u zemlji.\u201c<\/p><h2 id=\"kakva-je-globalna-reakcija-na-napad\">Kakva je globalna reakcija na napad?<\/h2><p>Generalni sekretar Ujedinjenih naroda Antonio Guterres pozvao je na \u201emaksimalnu suzdr\u017eanost\u201c kako bi se izbjegao \u201edublji sukob\u201c nakon izraelskog napada.<\/p><p>\u201eGeneralni sekretar osu\u0111uje svaku vojnu eskalaciju na Bliskom istoku\u201c, rekao je zamjenik glasnogovornika Farhan Haq.<\/p><p>\u201ePosebno je zabrinut zbog izraelskih napada na nuklearne instalacije u Iranu dok su u toku razgovori izme\u0111u Irana i Sjedinjenih Ameri\u010dkih Dr\u017eava o statusu iranskog nuklearnog programa.\u201c<\/p><figure id=\"attachment_1607452\" class=\"wp-caption aligncenter\" aria-describedby=\"caption-attachment-1607452\"><img decoding=\"async\" class=\"size-arc-image-770 wp-image-1607452\" src=\"https:\/\/balkans.aljazeera.net\/wp-content\/uploads\/2025\/06\/2022-09-08T161226Z_1778990593_RC2KBW9CNUM3_RTRMADP_3_IRAN-MILITARY-1749790318-1-1749796324.webp?w=770&amp;resize=770%2C513&amp;quality=80\" alt=\"\" data-recalc-dims=\"1\" \/><figcaption id=\"caption-attachment-1607452\" class=\"wp-caption-text\">Na\u010delnik Glavnog \u0161taba Iranskih oru\u017eanih snaga, generalmajor Mohammad Bagheri, navodno je ubijen u napadu [Iranska vojska\/WANA putem Reutersa]<\/figcaption><\/figure><p>Oman, koji posreduje u nuklearnim pregovorima izme\u0111u SAD-a i Irana, nazvao je izraelsku akciju \u201eopasnom, nepromi\u0161ljenom eskalacijom, koja predstavlja flagrantno kr\u0161enje\u201c povelje UN-a.<\/p><p>\u201eTakvo agresivno, uporno pona\u0161anje je neprihvatljivo i dodatno destabilizira regionalni mir i sigurnost.\u201d<\/p><p>\u201eSultanat Oman smatra Izrael odgovornim za ovu eskalaciju i njene posljedice te poziva me\u0111unarodnu zajednicu da zauzme \u010dvrst i nedvosmislen stav kako bi se zaustavio ovaj opasan tok djelovanja.\u201c<\/p><\/div><div class=\"article-source\">Izvor:\u00a0Al Jazeera i agencije<\/div>\t\t\t\t\t\t\t\t<\/div>\n\t\t\t\t<\/div>\n\t\t\t\t<\/div>\n\t\t\t\t<\/div>\n\t\t\t\t<div class=\"elementor-element elementor-element-cc13a3d elementor-widget-divider--view-line elementor-widget elementor-widget-divider\" data-id=\"cc13a3d\" data-element_type=\"widget\" data-widget_type=\"divider.default\">\n\t\t\t\t<div class=\"elementor-widget-container\">\n\t\t\t\t\t\t\t<div class=\"elementor-divider\">\n\t\t\t<span class=\"elementor-divider-separator\">\n\t\t\t\t\t\t<\/span>\n\t\t<\/div>\n\t\t\t\t\t\t<\/div>\n\t\t\t\t<\/div>\n\t\t\t\t<\/div>\n\t\t\t\t<\/div>\n\t\t","protected":false},"excerpt":{"rendered":"<p>Izrael izveo raketni napad na Iran \u2013 SAD tvrde da nisu u\u010destvovale, Teheran najavljuje odmazdu Home \/ Iranski vrhovni vo\u0111a Ali Khamenei upozorio je da se Izrael suo\u010dava s \u2018gorkom i bolnom\u2019 sudbinom nakon napada. Izrael je napao\u00a0nekoliko iranskih nuklearnih postrojenja i vojnih lokacija te\u00a0izvr\u0161io atentate\u00a0na visoke vojne du\u017enosnike i nuklearne nau\u010dnike. Napad je doveo do straha od \u0161ireg vojnog sukoba u regiji, a Teheran je obe\u0107ao \u201co\u0161tar odgovor\u201d. Iranski vrhovni vo\u0111a Ali Khamenei upozorio je da Izrael nakon napada \u010deka \u201egorka i bolna\u201c sudbina. \u201eBo\u017eijom voljom, sna\u017ena ruka Oru\u017eanih snaga Islamske Republike ne\u0107e dopustiti da Izrael pro\u0111e neka\u017enjeno\u201c, rekao je. Iranski vrhovni vo\u0111a ajatolah Ali Khamenei obe\u0107ao je da \u0107e Iran dati \u2018o\u0161tar odgovor\u2019 [Kancelarija iranskog vrhovnog vo\u0111e\/WANA putem Reutersa] Izraelski premijer Benjamin Netanyahu u unaprijed snimljenoj poruci rekao je da su napadi rano u petak bili usmjereni na o\u0161te\u0107enje iranske nuklearne infrastrukture i fabrika balisti\u010dkih projektila. \u0160ta je Izrael napao u Iranu? Napadi su potvr\u0111eni na sljede\u0107im lokacijama: Glavni grad Teheran i vojni objekti u okolnom podru\u010dju. Grad Natanz, gdje su prijavljene eksplozije u glavnom postrojenju za oboga\u0107ivanje uranija. Grad Tabriz, gdje su prijavljene eksplozije u blizini centra za nuklearna istra\u017eivanja i dvije vojne baze. Grad Isfahan, ju\u017eno od Teherana. Grad Arak, jugozapadno od Teherana. Grad Kermanshah, zapadno od Teherana. Fotografije objavljene na dru\u0161tvenim mre\u017eama prikazuju o\u0161te\u0107ene strukture, uklju\u010duju\u0107i stambene zgrade, diljem iranske prijestolnice. Koga je Izrael ubio? Prema iranskim medijima, Hossein Salami, vrhovni komandant Korpusa islamske revolucionarne garde i Mohammad Bagheri, na\u010delnik Glavnog \u0161taba Iranske vojske, bili su me\u0111u ubijenima u izraelskom napadu. Dr\u017eavna novinska ku\u0107a Nour News izvijestila je da je Khameneijev savjetnik Ali Shamkhani \u201cte\u0161ko povrije\u0111en\u201d. Prema Tasnimu, komandant \u0161taba Khatam al-Anbiya, generalmajor Gholamali Rashid, ubijen je. U napadima je navodno ubijen vrhovni komandant IRGC-a, general-major Hossein Salami [Majid Asgaripour\/WANA Reuters] Reporter Al Jazeere Tohid Asadi izvje\u0161tava iz iranskog glavnog grada Teherana da su, osim vojnih du\u017enosnika, u ciljanim atentatima ubijena i dva vrhunska nuklearna nau\u010dnika Fereydoon Abbasi i Mohammad Tehranchi. Abbasi je bio biv\u0161i \u0161ef Iranske organizacije za atomsku energiju, dok je Tehranchi bio na \u010delu Islamskog univerziteta Azad. Kakva je bila reakcija u Iranu? Ljudi u Iranu probudili su se uz zastra\u0161uju\u0107e prizore razaranja u svojim susjedstvima. U izjavi je Khamenei rekao da je Izrael \u201cotvorio svoju prljavu i krvavu ruku zlo\u010dinu\u201d protiv Irana, \u201cotkrivaju\u0107i svoju zlu prirodu vi\u0161e nego ikad\u201d napadima na stambene centre. \u201cRe\u017eim mora o\u010dekivati \u200b\u200bstrogu kaznu.\u201d Iranski mediji citirali su Abolfazla Shekarchija, glasnogovornika Iranskih oru\u017eanih snaga, koji je rekao da \u0107e Izrael platiti \u201cvisoku cijenu\u201d za svoje napade. Kakva je bila reakcija u Izraelu? Na\u010delnik Izraelskog vojnog \u0161taba Eyal Zamir rekao je da je Izrael napadom u petak dosegao \u201cta\u010dku bez povratka\u201d. Opisuju\u0107i jutarnje napade na Iran kao \u201cborbu za o\u010duvanje na\u0161eg postojanja\u201d, Zamir je rekao da je Izrael pokrenuo napade jer nije mogao \u201c\u010dekati jo\u0161 jedan trenutak za djelovanje\u201d. Ova fotografija koju je objavio slu\u017ebeni Telegram kanal Sepah News IRGC-a prikazuje dim koji se di\u017ee s mjesta koje je Izrael bombardirao u Teheranu rano ujutro 13. juna 2025. [Sepah News\/AFP] \u201cSvako ko nas poku\u0161a izazvati platit \u0107e visoku cijenu\u201c, dodao je. Izraelski opozicijski politi\u010dar Yair Lapid objavio je poruku na X-u, ranije poznatom kao Twitter, \u010destitaju\u0107i izraelskoj vojsci na napadu. Kakav je bio odgovor SAD-a? Iran i Sjedinjene Ameri\u010dke Dr\u017eave trenutno u\u010destvuju u pregovorima o iranskom nuklearnom programu, s ciljem postizanja sporazuma koji bi ograni\u010dio program u zamjenu za ubla\u017eavanje sankcija Iranu. U intervjuu za Fox News ameri\u010dki predsjednik Donald Trump rekao je da Washington nije bio uklju\u010den u izraelske napade. \u201eIran ne mo\u017ee imati nuklearnu bombu i nadamo se da \u0107emo se vratiti za pregovara\u010dki sto. Vidjet \u0107emo\u201c, rekao je Trump, dodaju\u0107i da \u0107e SAD pomo\u0107i u odbrani Izraela ako Iran uzvrati. O\u010dekuje se da \u0107e Trump tokom dana sazvati sastanak Vije\u0107a nacionalne sigurnosti, saop\u0161tila je Bijela ku\u0107a. Ljudi se okupljaju u blizini o\u0161te\u0107enih vozila nakon izraelskih napada u Teheranu rano u petak [Majid Asgaripour\/WANA via Reuters] U izjavi, ameri\u010dki dr\u017eavni sekretar Marco Rubio rekao je da SAD nije bio uklju\u010den u operaciju. \u201eNa\u0161 glavni prioritet je za\u0161tita ameri\u010dkih snaga u regiji\u201c, rekao je Rubio. \u201eDozvolite mi da budem jasan: Iran ne bi trebao ciljati ameri\u010dke interese ili osoblje.\u201c Opozicijski demokratski senator Chris Murphy rekao je da su izraelski napadi \u201ejasno namijenjeni uni\u0161tavanju\u201c diplomatije Trumpove administracije s Iranom. Koja je opasnost od napada na nuklearna postrojenja? Napad na nuklearna postrojenja mo\u017ee imati nekoliko posljedica nepredvidivog opsega, uklju\u010duju\u0107i radioaktivna curenja, eksplozije i dugotrajnu kontaminaciju. Rafael Grossi, \u010delnik Me\u0111unarodne agencije za atomsku energiju (IAEA), ka\u017ee da to tijelo UN-a pomno prati situaciju u Iranu. Ova satelitska fotografija kompanije Planet Labs PBC prikazuje nuklearni objekt Natanz u Iranu 20. maja 2025. [Planet Labs PBC putem AP-a] Rekao je da IAEA mo\u017ee potvrditi da je lokacija u Natanzu bila me\u0111u ciljevima koje je Izrael pogodio. \u201eAgencija je u kontaktu s iranskim vlastima u vezi sa stepenom zra\u010denja. Tako\u0111er smo u kontaktu s na\u0161im inspektorima u zemlji.\u201c Kakva je globalna reakcija na napad? Generalni sekretar Ujedinjenih naroda Antonio Guterres pozvao je na \u201emaksimalnu suzdr\u017eanost\u201c kako bi se izbjegao \u201edublji sukob\u201c nakon izraelskog napada. \u201eGeneralni sekretar osu\u0111uje svaku vojnu eskalaciju na Bliskom istoku\u201c, rekao je zamjenik glasnogovornika Farhan Haq. \u201ePosebno je zabrinut zbog izraelskih napada na nuklearne instalacije u Iranu dok su u toku razgovori izme\u0111u Irana i Sjedinjenih Ameri\u010dkih Dr\u017eava o statusu iranskog nuklearnog programa.\u201c Na\u010delnik Glavnog \u0161taba Iranskih oru\u017eanih snaga, generalmajor Mohammad Bagheri, navodno je ubijen u napadu [Iranska vojska\/WANA putem Reutersa] Oman, koji posreduje u nuklearnim pregovorima izme\u0111u SAD-a i Irana, nazvao je izraelsku akciju \u201eopasnom, nepromi\u0161ljenom eskalacijom, koja predstavlja flagrantno kr\u0161enje\u201c povelje UN-a. \u201eTakvo agresivno, uporno pona\u0161anje je neprihvatljivo i dodatno destabilizira regionalni mir i sigurnost.\u201d \u201eSultanat Oman smatra Izrael odgovornim za ovu eskalaciju i njene posljedice te poziva me\u0111unarodnu zajednicu da zauzme \u010dvrst i nedvosmislen stav kako bi se zaustavio ovaj opasan tok djelovanja.\u201c Izvor:\u00a0Al Jazeera i agencije<\/p>\n","protected":false},"author":1,"featured_media":2927,"comment_status":"open","ping_status":"open","sticky":false,"template":"","format":"standard","meta":{"footnotes":""},"categories":[9],"tags":[],"class_list":["post-2926","post","type-post","status-publish","format-standard","has-post-thumbnail","hentry","category-industrija"],"_links":{"self":[{"href":"https:\/\/ekonomist.me\/index.php\/wp-json\/wp\/v2\/posts\/2926","targetHints":{"allow":["GET"]}}],"collection":[{"href":"https:\/\/ekonomist.me\/index.php\/wp-json\/wp\/v2\/posts"}],"about":[{"href":"https:\/\/ekonomist.me\/index.php\/wp-json\/wp\/v2\/types\/post"}],"author":[{"embeddable":true,"href":"https:\/\/ekonomist.me\/index.php\/wp-json\/wp\/v2\/users\/1"}],"replies":[{"embeddable":true,"href":"https:\/\/ekonomist.me\/index.php\/wp-json\/wp\/v2\/comments?post=2926"}],"version-history":[{"count":7,"href":"https:\/\/ekonomist.me\/index.php\/wp-json\/wp\/v2\/posts\/2926\/revisions"}],"predecessor-version":[{"id":2934,"href":"https:\/\/ekonomist.me\/index.php\/wp-json\/wp\/v2\/posts\/2926\/revisions\/2934"}],"wp:featuredmedia":[{"embeddable":true,"href":"https:\/\/ekonomist.me\/index.php\/wp-json\/wp\/v2\/media\/2927"}],"wp:attachment":[{"href":"https:\/\/ekonomist.me\/index.php\/wp-json\/wp\/v2\/media?parent=2926"}],"wp:term":[{"taxonomy":"category","embeddable":true,"href":"https:\/\/ekonomist.me\/index.php\/wp-json\/wp\/v2\/categories?post=2926"},{"taxonomy":"post_tag","embeddable":true,"href":"https:\/\/ekonomist.me\/index.php\/wp-json\/wp\/v2\/tags?post=2926"}],"curies":[{"name":"wp","href":"https:\/\/api.w.org\/{rel}","templated":true}]}}