{"id":2895,"date":"2025-06-11T07:33:50","date_gmt":"2025-06-11T07:33:50","guid":{"rendered":"https:\/\/ekonomist.me\/?p=2895"},"modified":"2025-06-11T07:37:29","modified_gmt":"2025-06-11T07:37:29","slug":"njemacka-obavjestajna-agencija-afd-privlaci-sve-veci-broj-desnicarskih-ekstremista","status":"publish","type":"post","link":"https:\/\/ekonomist.me\/index.php\/2025\/06\/11\/njemacka-obavjestajna-agencija-afd-privlaci-sve-veci-broj-desnicarskih-ekstremista\/","title":{"rendered":"Njema\u010dka obavje\u0161tajna agencija: AfD privla\u010di sve ve\u0107i broj desni\u010darskih ekstremista"},"content":{"rendered":"\t\t<div data-elementor-type=\"wp-post\" data-elementor-id=\"2895\" class=\"elementor elementor-2895\">\n\t\t\t\t<div class=\"elementor-element elementor-element-2a37b54a e-con-full e-flex wpr-particle-no wpr-jarallax-no wpr-parallax-no wpr-sticky-section-no e-con e-parent\" data-id=\"2a37b54a\" data-element_type=\"container\">\n\t\t<div class=\"elementor-element elementor-element-d2c2a63 e-con-full e-flex wpr-particle-no wpr-jarallax-no wpr-parallax-no wpr-sticky-section-no e-con e-child\" data-id=\"d2c2a63\" data-element_type=\"container\">\n\t\t<div class=\"elementor-element elementor-element-df7e021 e-con-full e-flex wpr-particle-no wpr-jarallax-no wpr-parallax-no wpr-sticky-section-no e-con e-child\" data-id=\"df7e021\" data-element_type=\"container\">\n\t\t\t\t<div class=\"elementor-element elementor-element-c3a1298 elementor-widget elementor-widget-wpr-post-title\" data-id=\"c3a1298\" data-element_type=\"widget\" data-widget_type=\"wpr-post-title.default\">\n\t\t\t\t<div class=\"elementor-widget-container\">\n\t\t\t\t\t<h1 class=\"wpr-post-title\">Njema\u010dka obavje\u0161tajna agencija: AfD privla\u010di sve ve\u0107i broj desni\u010darskih ekstremista<\/h1>\t\t\t\t<\/div>\n\t\t\t\t<\/div>\n\t\t\t\t<div class=\"elementor-element elementor-element-6e473ff elementor-widget elementor-widget-eael-breadcrumbs\" data-id=\"6e473ff\" data-element_type=\"widget\" data-widget_type=\"eael-breadcrumbs.default\">\n\t\t\t\t<div class=\"elementor-widget-container\">\n\t\t\t\t\t\t\t<div class=\"eael-breadcrumbs\">\n\t\t\t<div class=\"eael-breadcrumbs__content\"><a href=\"https:\/\/ekonomist.me\">Home<\/a> <span class=\"eael-breadcrumb-separator\">\/<\/span> <\/div>\t\t<\/div>\n\t\t\t\t\t\t<\/div>\n\t\t\t\t<\/div>\n\t\t\t\t<div class=\"elementor-element elementor-element-1812683f elementor-widget elementor-widget-text-editor\" data-id=\"1812683f\" data-element_type=\"widget\" data-widget_type=\"text-editor.default\">\n\t\t\t\t<div class=\"elementor-widget-container\">\n\t\t\t\t\t\t\t\t\t<header class=\"article-header\"><p class=\"article__subhead\"><em>Broj ekstremista unutar AfD-a, koji je bio drugi na saveznim izborima u februaru, porastao je za 77 posto pro\u0161le godine na 20.000, navodi Njema\u010dka obavje\u0161tajna agencija.<\/em><\/p><\/header><div class=\"wysiwyg wysiwyg--all-content\" aria-live=\"polite\" aria-atomic=\"true\"><p>Najve\u0107a\u00a0njema\u010dka\u00a0opoziciona partija Alternativa za Njema\u010dku (AfD) sve vi\u0161e privla\u010di desni\u010darske ekstremiste, saop\u0161tila je Njema\u010dka obavje\u0161tajna agencija (NOA) u svom godi\u0161njem izvje\u0161taju.<\/p><p>U objavljenom dokumentu, NOA tako\u0111e ukazuje se da je primjetan porast zlo\u010dina motiviranih desni\u010darskim\u00a0ekstremizmom, prenosi Tanjug agenciju Reuters.<\/p><p>\u201cBroj ekstremista unutar AfD-a, koji je bio drugi na saveznim izborima u februaru, porastao je za 77 posto pro\u0161le godine na 20.000, zajedno sa rastom \u010dlanstva u partiji i njenim pomijeranjem udesno\u201d, navodi se u izvje\u0161taju NOA.<\/p><h2 id=\"pojacani-nadzor\">Poja\u010dani nadzor<\/h2><p>Na osnovu ekspertske analize napisane na 1.100 stranica, NOA je pro\u0161log mjeseca klasificirala ovu partiju u cjelini kao \u201cekstremisti\u010dku\u201d, \u0161to name\u0107e i provo\u0111enje poja\u010danog nadzora nad AfD-om iako ta stranka pravno osporava ove ocjene.<\/p><p>\u201cIzjave koje sti\u017eu iz AfD \u010desto uklju\u010duju ksenofobi\u010dne i antimuslimanske stavove, dok se migranti iz prete\u017eno muslimanskih zemalja \u010desto optu\u017euju za kulturnu nekompatibilnost i sklonost ka kriminalnom pona\u0161anju\u201d, navodi se u izvje\u0161taju NOA i upozorava da su lideri AfD-a \u010desto davali izjave koje bi se mogle smatrati napadom na Ustav, a partija ih uglavnom nije sprije\u010davala u tome.<\/p><\/div><div class=\"article-source\">Izvor:\u00a0Tanjug<\/div>\t\t\t\t\t\t\t\t<\/div>\n\t\t\t\t<\/div>\n\t\t\t\t<\/div>\n\t\t\t\t<\/div>\n\t\t\t\t<div class=\"elementor-element elementor-element-cc13a3d elementor-widget-divider--view-line elementor-widget elementor-widget-divider\" data-id=\"cc13a3d\" data-element_type=\"widget\" data-widget_type=\"divider.default\">\n\t\t\t\t<div class=\"elementor-widget-container\">\n\t\t\t\t\t\t\t<div class=\"elementor-divider\">\n\t\t\t<span class=\"elementor-divider-separator\">\n\t\t\t\t\t\t<\/span>\n\t\t<\/div>\n\t\t\t\t\t\t<\/div>\n\t\t\t\t<\/div>\n\t\t\t\t<\/div>\n\t\t\t\t<\/div>\n\t\t","protected":false},"excerpt":{"rendered":"<p>Njema\u010dka obavje\u0161tajna agencija: AfD privla\u010di sve ve\u0107i broj desni\u010darskih ekstremista Home \/ Broj ekstremista unutar AfD-a, koji je bio drugi na saveznim izborima u februaru, porastao je za 77 posto pro\u0161le godine na 20.000, navodi Njema\u010dka obavje\u0161tajna agencija. Najve\u0107a\u00a0njema\u010dka\u00a0opoziciona partija Alternativa za Njema\u010dku (AfD) sve vi\u0161e privla\u010di desni\u010darske ekstremiste, saop\u0161tila je Njema\u010dka obavje\u0161tajna agencija (NOA) u svom godi\u0161njem izvje\u0161taju. U objavljenom dokumentu, NOA tako\u0111e ukazuje se da je primjetan porast zlo\u010dina motiviranih desni\u010darskim\u00a0ekstremizmom, prenosi Tanjug agenciju Reuters. \u201cBroj ekstremista unutar AfD-a, koji je bio drugi na saveznim izborima u februaru, porastao je za 77 posto pro\u0161le godine na 20.000, zajedno sa rastom \u010dlanstva u partiji i njenim pomijeranjem udesno\u201d, navodi se u izvje\u0161taju NOA. Poja\u010dani nadzor Na osnovu ekspertske analize napisane na 1.100 stranica, NOA je pro\u0161log mjeseca klasificirala ovu partiju u cjelini kao \u201cekstremisti\u010dku\u201d, \u0161to name\u0107e i provo\u0111enje poja\u010danog nadzora nad AfD-om iako ta stranka pravno osporava ove ocjene. \u201cIzjave koje sti\u017eu iz AfD \u010desto uklju\u010duju ksenofobi\u010dne i antimuslimanske stavove, dok se migranti iz prete\u017eno muslimanskih zemalja \u010desto optu\u017euju za kulturnu nekompatibilnost i sklonost ka kriminalnom pona\u0161anju\u201d, navodi se u izvje\u0161taju NOA i upozorava da su lideri AfD-a \u010desto davali izjave koje bi se mogle smatrati napadom na Ustav, a partija ih uglavnom nije sprije\u010davala u tome. Izvor:\u00a0Tanjug<\/p>\n","protected":false},"author":1,"featured_media":2896,"comment_status":"open","ping_status":"open","sticky":false,"template":"","format":"standard","meta":{"footnotes":""},"categories":[9],"tags":[],"class_list":["post-2895","post","type-post","status-publish","format-standard","has-post-thumbnail","hentry","category-industrija"],"_links":{"self":[{"href":"https:\/\/ekonomist.me\/index.php\/wp-json\/wp\/v2\/posts\/2895","targetHints":{"allow":["GET"]}}],"collection":[{"href":"https:\/\/ekonomist.me\/index.php\/wp-json\/wp\/v2\/posts"}],"about":[{"href":"https:\/\/ekonomist.me\/index.php\/wp-json\/wp\/v2\/types\/post"}],"author":[{"embeddable":true,"href":"https:\/\/ekonomist.me\/index.php\/wp-json\/wp\/v2\/users\/1"}],"replies":[{"embeddable":true,"href":"https:\/\/ekonomist.me\/index.php\/wp-json\/wp\/v2\/comments?post=2895"}],"version-history":[{"count":4,"href":"https:\/\/ekonomist.me\/index.php\/wp-json\/wp\/v2\/posts\/2895\/revisions"}],"predecessor-version":[{"id":2900,"href":"https:\/\/ekonomist.me\/index.php\/wp-json\/wp\/v2\/posts\/2895\/revisions\/2900"}],"wp:featuredmedia":[{"embeddable":true,"href":"https:\/\/ekonomist.me\/index.php\/wp-json\/wp\/v2\/media\/2896"}],"wp:attachment":[{"href":"https:\/\/ekonomist.me\/index.php\/wp-json\/wp\/v2\/media?parent=2895"}],"wp:term":[{"taxonomy":"category","embeddable":true,"href":"https:\/\/ekonomist.me\/index.php\/wp-json\/wp\/v2\/categories?post=2895"},{"taxonomy":"post_tag","embeddable":true,"href":"https:\/\/ekonomist.me\/index.php\/wp-json\/wp\/v2\/tags?post=2895"}],"curies":[{"name":"wp","href":"https:\/\/api.w.org\/{rel}","templated":true}]}}