{"id":2884,"date":"2025-06-10T06:28:15","date_gmt":"2025-06-10T06:28:15","guid":{"rendered":"https:\/\/ekonomist.me\/?p=2884"},"modified":"2025-06-10T06:31:53","modified_gmt":"2025-06-10T06:31:53","slug":"zelenski-pocela-prva-faza-razmjene-zarobljenika-sa-rusijom","status":"publish","type":"post","link":"https:\/\/ekonomist.me\/index.php\/2025\/06\/10\/zelenski-pocela-prva-faza-razmjene-zarobljenika-sa-rusijom\/","title":{"rendered":"Zelenski: Po\u010dela prva faza razmjene zarobljenika sa Rusijom"},"content":{"rendered":"\t\t<div data-elementor-type=\"wp-post\" data-elementor-id=\"2884\" class=\"elementor elementor-2884\">\n\t\t\t\t<div class=\"elementor-element elementor-element-2a37b54a e-con-full e-flex wpr-particle-no wpr-jarallax-no wpr-parallax-no wpr-sticky-section-no e-con e-parent\" data-id=\"2a37b54a\" data-element_type=\"container\">\n\t\t<div class=\"elementor-element elementor-element-d2c2a63 e-con-full e-flex wpr-particle-no wpr-jarallax-no wpr-parallax-no wpr-sticky-section-no e-con e-child\" data-id=\"d2c2a63\" data-element_type=\"container\">\n\t\t<div class=\"elementor-element elementor-element-df7e021 e-con-full e-flex wpr-particle-no wpr-jarallax-no wpr-parallax-no wpr-sticky-section-no e-con e-child\" data-id=\"df7e021\" data-element_type=\"container\">\n\t\t\t\t<div class=\"elementor-element elementor-element-c3a1298 elementor-widget elementor-widget-wpr-post-title\" data-id=\"c3a1298\" data-element_type=\"widget\" data-widget_type=\"wpr-post-title.default\">\n\t\t\t\t<div class=\"elementor-widget-container\">\n\t\t\t\t\t<h1 class=\"wpr-post-title\">Zelenski: Po\u010dela prva faza razmjene zarobljenika sa Rusijom<\/h1>\t\t\t\t<\/div>\n\t\t\t\t<\/div>\n\t\t\t\t<div class=\"elementor-element elementor-element-6e473ff elementor-widget elementor-widget-eael-breadcrumbs\" data-id=\"6e473ff\" data-element_type=\"widget\" data-widget_type=\"eael-breadcrumbs.default\">\n\t\t\t\t<div class=\"elementor-widget-container\">\n\t\t\t\t\t\t\t<div class=\"eael-breadcrumbs\">\n\t\t\t<div class=\"eael-breadcrumbs__content\"><a href=\"https:\/\/ekonomist.me\">Home<\/a> <span class=\"eael-breadcrumb-separator\">\/<\/span> <\/div>\t\t<\/div>\n\t\t\t\t\t\t<\/div>\n\t\t\t\t<\/div>\n\t\t\t\t<div class=\"elementor-element elementor-element-1812683f elementor-widget elementor-widget-text-editor\" data-id=\"1812683f\" data-element_type=\"widget\" data-widget_type=\"text-editor.default\">\n\t\t\t\t<div class=\"elementor-widget-container\">\n\t\t\t\t\t\t\t\t\t<p>Ukrajinski predsjednik Volodimir Zelenski potvrdio je da je po\u010dela prva faza razmjene zarobljenika sa Rusijom, dogovorene u Istanbulu na pregovorima delegacije dvije zemlje.<\/p><p>&#8220;Uslijedic\u0301e jo\u0161 faza &#8211; barem je tako razgovarano sa ruskom stranom. Zahvaljujem svima koji su to omoguc\u0301ili. Tako\u0111e sam odr\u017eao sastanak o me\u0111unarodnoj agendi za jun &#8211; nijedan sastanak ne smije biti prazan. Ako nas ne pribli\u017ei okon\u010danju rata diplomatskim putem, mora pomoc\u0301i u ja\u010danju na\u0161e odbrane, na\u0161ih aktivnih operacija ili povec\u0301anju pritiska na Rusiju&#8221;, rekao je\u00a0Volodimir Zelenski\u00a0u objavi na platformi X.<\/p><p>On je dodao da se &#8220;najintenzivnije borbe nastavljaju u Pokrovskom pravcu, u oblastima Kurske operacije i du\u017e granice u Sumskoj oblasti&#8221;.<\/p><p>&#8220;Ruska taktika ostaje svuda ista: ignori\u0161ite gubitke i poku\u0161ajte da napredujete. Ali ovaj potencijal nije beskona\u010dan. Odre\u0111eni nivo \u017ertava, i na\u0161e akcije, trebalo bi da ometaju i i okon\u010daju njihovo napredovanje&#8221;, kazao je Zelenski.<\/p><p>Na pregovorima koji su u Istanbulu odr\u017eani 2. juna delegacije dvije zemlje su se slo\u017eile, izme\u0111u ostalog, da izvr\u0161e razmjenu te\u0161ko bolesnih ili ranjenih ratnih zarobljenika po principu &#8220;svi za sve&#8221;, kao i da \u0107e biti razmijenjeni ratni zarobljenici u obimu koji ne\u0107e biti manji od 1.000 ljudi.<\/p><p>Izvor: Nin<\/p>\t\t\t\t\t\t\t\t<\/div>\n\t\t\t\t<\/div>\n\t\t\t\t<\/div>\n\t\t\t\t<\/div>\n\t\t\t\t<div class=\"elementor-element elementor-element-cc13a3d elementor-widget-divider--view-line elementor-widget elementor-widget-divider\" data-id=\"cc13a3d\" data-element_type=\"widget\" data-widget_type=\"divider.default\">\n\t\t\t\t<div class=\"elementor-widget-container\">\n\t\t\t\t\t\t\t<div class=\"elementor-divider\">\n\t\t\t<span class=\"elementor-divider-separator\">\n\t\t\t\t\t\t<\/span>\n\t\t<\/div>\n\t\t\t\t\t\t<\/div>\n\t\t\t\t<\/div>\n\t\t\t\t<\/div>\n\t\t\t\t<\/div>\n\t\t","protected":false},"excerpt":{"rendered":"<p>Zelenski: Po\u010dela prva faza razmjene zarobljenika sa Rusijom Home \/ Ukrajinski predsjednik Volodimir Zelenski potvrdio je da je po\u010dela prva faza razmjene zarobljenika sa Rusijom, dogovorene u Istanbulu na pregovorima delegacije dvije zemlje. &#8220;Uslijedic\u0301e jo\u0161 faza &#8211; barem je tako razgovarano sa ruskom stranom. Zahvaljujem svima koji su to omoguc\u0301ili. Tako\u0111e sam odr\u017eao sastanak o me\u0111unarodnoj agendi za jun &#8211; nijedan sastanak ne smije biti prazan. Ako nas ne pribli\u017ei okon\u010danju rata diplomatskim putem, mora pomoc\u0301i u ja\u010danju na\u0161e odbrane, na\u0161ih aktivnih operacija ili povec\u0301anju pritiska na Rusiju&#8221;, rekao je\u00a0Volodimir Zelenski\u00a0u objavi na platformi X. On je dodao da se &#8220;najintenzivnije borbe nastavljaju u Pokrovskom pravcu, u oblastima Kurske operacije i du\u017e granice u Sumskoj oblasti&#8221;. &#8220;Ruska taktika ostaje svuda ista: ignori\u0161ite gubitke i poku\u0161ajte da napredujete. Ali ovaj potencijal nije beskona\u010dan. Odre\u0111eni nivo \u017ertava, i na\u0161e akcije, trebalo bi da ometaju i i okon\u010daju njihovo napredovanje&#8221;, kazao je Zelenski. Na pregovorima koji su u Istanbulu odr\u017eani 2. juna delegacije dvije zemlje su se slo\u017eile, izme\u0111u ostalog, da izvr\u0161e razmjenu te\u0161ko bolesnih ili ranjenih ratnih zarobljenika po principu &#8220;svi za sve&#8221;, kao i da \u0107e biti razmijenjeni ratni zarobljenici u obimu koji ne\u0107e biti manji od 1.000 ljudi. Izvor: Nin<\/p>\n","protected":false},"author":1,"featured_media":2885,"comment_status":"open","ping_status":"open","sticky":false,"template":"","format":"standard","meta":{"footnotes":""},"categories":[9],"tags":[],"class_list":["post-2884","post","type-post","status-publish","format-standard","has-post-thumbnail","hentry","category-industrija"],"_links":{"self":[{"href":"https:\/\/ekonomist.me\/index.php\/wp-json\/wp\/v2\/posts\/2884","targetHints":{"allow":["GET"]}}],"collection":[{"href":"https:\/\/ekonomist.me\/index.php\/wp-json\/wp\/v2\/posts"}],"about":[{"href":"https:\/\/ekonomist.me\/index.php\/wp-json\/wp\/v2\/types\/post"}],"author":[{"embeddable":true,"href":"https:\/\/ekonomist.me\/index.php\/wp-json\/wp\/v2\/users\/1"}],"replies":[{"embeddable":true,"href":"https:\/\/ekonomist.me\/index.php\/wp-json\/wp\/v2\/comments?post=2884"}],"version-history":[{"count":4,"href":"https:\/\/ekonomist.me\/index.php\/wp-json\/wp\/v2\/posts\/2884\/revisions"}],"predecessor-version":[{"id":2889,"href":"https:\/\/ekonomist.me\/index.php\/wp-json\/wp\/v2\/posts\/2884\/revisions\/2889"}],"wp:featuredmedia":[{"embeddable":true,"href":"https:\/\/ekonomist.me\/index.php\/wp-json\/wp\/v2\/media\/2885"}],"wp:attachment":[{"href":"https:\/\/ekonomist.me\/index.php\/wp-json\/wp\/v2\/media?parent=2884"}],"wp:term":[{"taxonomy":"category","embeddable":true,"href":"https:\/\/ekonomist.me\/index.php\/wp-json\/wp\/v2\/categories?post=2884"},{"taxonomy":"post_tag","embeddable":true,"href":"https:\/\/ekonomist.me\/index.php\/wp-json\/wp\/v2\/tags?post=2884"}],"curies":[{"name":"wp","href":"https:\/\/api.w.org\/{rel}","templated":true}]}}