{"id":2878,"date":"2025-06-10T06:14:23","date_gmt":"2025-06-10T06:14:23","guid":{"rendered":"https:\/\/ekonomist.me\/?p=2878"},"modified":"2025-06-10T06:18:07","modified_gmt":"2025-06-10T06:18:07","slug":"trump-salje-bataljon-marinaca-na-los-angeles","status":"publish","type":"post","link":"https:\/\/ekonomist.me\/index.php\/2025\/06\/10\/trump-salje-bataljon-marinaca-na-los-angeles\/","title":{"rendered":"Trump \u0161alje bataljon marinaca na Los Angeles"},"content":{"rendered":"\t\t<div data-elementor-type=\"wp-post\" data-elementor-id=\"2878\" class=\"elementor elementor-2878\">\n\t\t\t\t<div class=\"elementor-element elementor-element-2a37b54a e-con-full e-flex wpr-particle-no wpr-jarallax-no wpr-parallax-no wpr-sticky-section-no e-con e-parent\" data-id=\"2a37b54a\" data-element_type=\"container\">\n\t\t<div class=\"elementor-element elementor-element-d2c2a63 e-con-full e-flex wpr-particle-no wpr-jarallax-no wpr-parallax-no wpr-sticky-section-no e-con e-child\" data-id=\"d2c2a63\" data-element_type=\"container\">\n\t\t<div class=\"elementor-element elementor-element-df7e021 e-con-full e-flex wpr-particle-no wpr-jarallax-no wpr-parallax-no wpr-sticky-section-no e-con e-child\" data-id=\"df7e021\" data-element_type=\"container\">\n\t\t\t\t<div class=\"elementor-element elementor-element-c3a1298 elementor-widget elementor-widget-wpr-post-title\" data-id=\"c3a1298\" data-element_type=\"widget\" data-widget_type=\"wpr-post-title.default\">\n\t\t\t\t<div class=\"elementor-widget-container\">\n\t\t\t\t\t<h1 class=\"wpr-post-title\">Trump \u0161alje bataljon marinaca na Los Angeles<\/h1>\t\t\t\t<\/div>\n\t\t\t\t<\/div>\n\t\t\t\t<div class=\"elementor-element elementor-element-6e473ff elementor-widget elementor-widget-eael-breadcrumbs\" data-id=\"6e473ff\" data-element_type=\"widget\" data-widget_type=\"eael-breadcrumbs.default\">\n\t\t\t\t<div class=\"elementor-widget-container\">\n\t\t\t\t\t\t\t<div class=\"eael-breadcrumbs\">\n\t\t\t<div class=\"eael-breadcrumbs__content\"><a href=\"https:\/\/ekonomist.me\">Home<\/a> <span class=\"eael-breadcrumb-separator\">\/<\/span> <\/div>\t\t<\/div>\n\t\t\t\t\t\t<\/div>\n\t\t\t\t<\/div>\n\t\t\t\t<div class=\"elementor-element elementor-element-1812683f elementor-widget elementor-widget-text-editor\" data-id=\"1812683f\" data-element_type=\"widget\" data-widget_type=\"text-editor.default\">\n\t\t\t\t<div class=\"elementor-widget-container\">\n\t\t\t\t\t\t\t\t\t<header class=\"article-header\"><p class=\"article__subhead\"><em>Kori\u0161tenje marinaca za policijske poslove sigurno \u0107e izazvati dalje prigovore demokrata, koji su optu\u017eili Trumpa za nepotrebnu eskalaciju napetosti u Los Angelesu.<\/em><\/p><\/header><div class=\"wysiwyg wysiwyg--all-content\" aria-live=\"polite\" aria-atomic=\"true\"><p>Ameri\u010dka vojska privremeno \u0107e rasporediti oko 700 marinaca u Los Angeles dok ne stigne jo\u0161 vojnika Nacionalne garde, \u0161to ozna\u010dava jo\u0161 jednu eskalaciju u odgovoru predsjednika Donalda Trumpa na uli\u010dne proteste.<\/p><p>Ameri\u010dki zvani\u010dnik, koji je \u017eelio ostati anoniman, rekao je da \u0107e bataljon marinaca biti poslan na privremenu du\u017enost dok na mjesto doga\u0111aja ne stigne jo\u0161 vojnika Nacionalne garde. Zasad, Trumpova administracija ne poziva se na Zakon o pobuni, koji bi vojnicima omogu\u0107io direktno u\u010destvovanje u civilnoj primjeni zakona, prenosi Hina.<\/p><p>Ameri\u010dki marinci raspore\u0111eni su u zemlji za velike katastrofe poput uragana Katrina i napada 11. septembra 2001. Poznati su po tome \u0161to su \u201cprvi unutra, zadnji van\u201d u ameri\u010dkim vojnim intervencijama u inostranstvu, ali izuzetno je rijetko da se ameri\u010dke vojne trupe koriste za doma\u0107e policijske poslove.<\/p><p>Njihovo kori\u0161tenje za policijske poslove sigurno \u0107e izazvati daljnje prigovore demokrata, koji su optu\u017eili Trumpa za nepotrebnu eskalaciju napetosti u Los Angelesu.<\/p><h2 id=\"trump-prijeti-hapsenjem-guvernera-kalifornije\">Trump prijeti hap\u0161enjem guvernera Kalifornije<\/h2><p>Ranije u ponedjeljak, Trump je rekao da \u0107e podr\u017eati hap\u0161enje Gavina Newsoma, guvernera Kalifornije, nakon \u0161to je Newsom obe\u0107ao tu\u017eiti saveznu vladu zbog raspore\u0111ivanja trupa Nacionalne garde u Ju\u017enu Kaliforniju, nazivaju\u0107i to nezakonitim \u010dinom.<\/p><p>Dok se Los Angeles suo\u010davao s mogu\u0107im \u010detvrtim danom protesta zbog imigracijskih racija u gradu, demokrate i republikanci sukobili su se oko onoga \u0161to je postalo najve\u0107a ta\u010dka \u017eari\u0161ta u agresivnim naporima Trumpove administracije da deportuje migrante koji ilegalno \u017eive u zemlji.<\/p><p>Trump je rasporedio Nacionalnu gardu nakon uli\u010dnih protesta u petak koji su tokom vikenda postali nasilni. U ponedjeljak je rekao da osje\u0107a da nema drugog izbora nego da naredi raspore\u0111ivanje kako bi sprije\u010dio da nasilje izmakne kontroli.<\/p><\/div><div class=\"article-source\">Izvor:\u00a0Hina<\/div>\t\t\t\t\t\t\t\t<\/div>\n\t\t\t\t<\/div>\n\t\t\t\t<\/div>\n\t\t\t\t<\/div>\n\t\t\t\t<div class=\"elementor-element elementor-element-cc13a3d elementor-widget-divider--view-line elementor-widget elementor-widget-divider\" data-id=\"cc13a3d\" data-element_type=\"widget\" data-widget_type=\"divider.default\">\n\t\t\t\t<div class=\"elementor-widget-container\">\n\t\t\t\t\t\t\t<div class=\"elementor-divider\">\n\t\t\t<span class=\"elementor-divider-separator\">\n\t\t\t\t\t\t<\/span>\n\t\t<\/div>\n\t\t\t\t\t\t<\/div>\n\t\t\t\t<\/div>\n\t\t\t\t<\/div>\n\t\t\t\t<\/div>\n\t\t","protected":false},"excerpt":{"rendered":"<p>Trump \u0161alje bataljon marinaca na Los Angeles Home \/ Kori\u0161tenje marinaca za policijske poslove sigurno \u0107e izazvati dalje prigovore demokrata, koji su optu\u017eili Trumpa za nepotrebnu eskalaciju napetosti u Los Angelesu. Ameri\u010dka vojska privremeno \u0107e rasporediti oko 700 marinaca u Los Angeles dok ne stigne jo\u0161 vojnika Nacionalne garde, \u0161to ozna\u010dava jo\u0161 jednu eskalaciju u odgovoru predsjednika Donalda Trumpa na uli\u010dne proteste. Ameri\u010dki zvani\u010dnik, koji je \u017eelio ostati anoniman, rekao je da \u0107e bataljon marinaca biti poslan na privremenu du\u017enost dok na mjesto doga\u0111aja ne stigne jo\u0161 vojnika Nacionalne garde. Zasad, Trumpova administracija ne poziva se na Zakon o pobuni, koji bi vojnicima omogu\u0107io direktno u\u010destvovanje u civilnoj primjeni zakona, prenosi Hina. Ameri\u010dki marinci raspore\u0111eni su u zemlji za velike katastrofe poput uragana Katrina i napada 11. septembra 2001. Poznati su po tome \u0161to su \u201cprvi unutra, zadnji van\u201d u ameri\u010dkim vojnim intervencijama u inostranstvu, ali izuzetno je rijetko da se ameri\u010dke vojne trupe koriste za doma\u0107e policijske poslove. Njihovo kori\u0161tenje za policijske poslove sigurno \u0107e izazvati daljnje prigovore demokrata, koji su optu\u017eili Trumpa za nepotrebnu eskalaciju napetosti u Los Angelesu. Trump prijeti hap\u0161enjem guvernera Kalifornije Ranije u ponedjeljak, Trump je rekao da \u0107e podr\u017eati hap\u0161enje Gavina Newsoma, guvernera Kalifornije, nakon \u0161to je Newsom obe\u0107ao tu\u017eiti saveznu vladu zbog raspore\u0111ivanja trupa Nacionalne garde u Ju\u017enu Kaliforniju, nazivaju\u0107i to nezakonitim \u010dinom. Dok se Los Angeles suo\u010davao s mogu\u0107im \u010detvrtim danom protesta zbog imigracijskih racija u gradu, demokrate i republikanci sukobili su se oko onoga \u0161to je postalo najve\u0107a ta\u010dka \u017eari\u0161ta u agresivnim naporima Trumpove administracije da deportuje migrante koji ilegalno \u017eive u zemlji. Trump je rasporedio Nacionalnu gardu nakon uli\u010dnih protesta u petak koji su tokom vikenda postali nasilni. U ponedjeljak je rekao da osje\u0107a da nema drugog izbora nego da naredi raspore\u0111ivanje kako bi sprije\u010dio da nasilje izmakne kontroli. Izvor:\u00a0Hina<\/p>\n","protected":false},"author":1,"featured_media":2879,"comment_status":"open","ping_status":"open","sticky":false,"template":"","format":"standard","meta":{"footnotes":""},"categories":[9],"tags":[],"class_list":["post-2878","post","type-post","status-publish","format-standard","has-post-thumbnail","hentry","category-industrija"],"_links":{"self":[{"href":"https:\/\/ekonomist.me\/index.php\/wp-json\/wp\/v2\/posts\/2878","targetHints":{"allow":["GET"]}}],"collection":[{"href":"https:\/\/ekonomist.me\/index.php\/wp-json\/wp\/v2\/posts"}],"about":[{"href":"https:\/\/ekonomist.me\/index.php\/wp-json\/wp\/v2\/types\/post"}],"author":[{"embeddable":true,"href":"https:\/\/ekonomist.me\/index.php\/wp-json\/wp\/v2\/users\/1"}],"replies":[{"embeddable":true,"href":"https:\/\/ekonomist.me\/index.php\/wp-json\/wp\/v2\/comments?post=2878"}],"version-history":[{"count":4,"href":"https:\/\/ekonomist.me\/index.php\/wp-json\/wp\/v2\/posts\/2878\/revisions"}],"predecessor-version":[{"id":2883,"href":"https:\/\/ekonomist.me\/index.php\/wp-json\/wp\/v2\/posts\/2878\/revisions\/2883"}],"wp:featuredmedia":[{"embeddable":true,"href":"https:\/\/ekonomist.me\/index.php\/wp-json\/wp\/v2\/media\/2879"}],"wp:attachment":[{"href":"https:\/\/ekonomist.me\/index.php\/wp-json\/wp\/v2\/media?parent=2878"}],"wp:term":[{"taxonomy":"category","embeddable":true,"href":"https:\/\/ekonomist.me\/index.php\/wp-json\/wp\/v2\/categories?post=2878"},{"taxonomy":"post_tag","embeddable":true,"href":"https:\/\/ekonomist.me\/index.php\/wp-json\/wp\/v2\/tags?post=2878"}],"curies":[{"name":"wp","href":"https:\/\/api.w.org\/{rel}","templated":true}]}}