{"id":2863,"date":"2025-06-09T08:52:55","date_gmt":"2025-06-09T08:52:55","guid":{"rendered":"https:\/\/ekonomist.me\/?p=2863"},"modified":"2025-06-09T09:12:53","modified_gmt":"2025-06-09T09:12:53","slug":"u-sad-stupila-na-snagu-zabrana-ulaska-gradana-12-zemalja","status":"publish","type":"post","link":"https:\/\/ekonomist.me\/index.php\/2025\/06\/09\/u-sad-stupila-na-snagu-zabrana-ulaska-gradana-12-zemalja\/","title":{"rendered":"U SAD stupila na snagu zabrana ulaska gra\u0111ana 12 zemalja"},"content":{"rendered":"\t\t<div data-elementor-type=\"wp-post\" data-elementor-id=\"2863\" class=\"elementor elementor-2863\">\n\t\t\t\t<div class=\"elementor-element elementor-element-2a37b54a e-con-full e-flex wpr-particle-no wpr-jarallax-no wpr-parallax-no wpr-sticky-section-no e-con e-parent\" data-id=\"2a37b54a\" data-element_type=\"container\">\n\t\t<div class=\"elementor-element elementor-element-d2c2a63 e-con-full e-flex wpr-particle-no wpr-jarallax-no wpr-parallax-no wpr-sticky-section-no e-con e-child\" data-id=\"d2c2a63\" data-element_type=\"container\">\n\t\t<div class=\"elementor-element elementor-element-df7e021 e-con-full e-flex wpr-particle-no wpr-jarallax-no wpr-parallax-no wpr-sticky-section-no e-con e-child\" data-id=\"df7e021\" data-element_type=\"container\">\n\t\t\t\t<div class=\"elementor-element elementor-element-c3a1298 elementor-widget elementor-widget-wpr-post-title\" data-id=\"c3a1298\" data-element_type=\"widget\" data-widget_type=\"wpr-post-title.default\">\n\t\t\t\t<div class=\"elementor-widget-container\">\n\t\t\t\t\t<h1 class=\"wpr-post-title\">U SAD stupila na snagu zabrana ulaska gra\u0111ana 12 zemalja<\/h1>\t\t\t\t<\/div>\n\t\t\t\t<\/div>\n\t\t\t\t<div class=\"elementor-element elementor-element-6e473ff elementor-widget elementor-widget-eael-breadcrumbs\" data-id=\"6e473ff\" data-element_type=\"widget\" data-widget_type=\"eael-breadcrumbs.default\">\n\t\t\t\t<div class=\"elementor-widget-container\">\n\t\t\t\t\t\t\t<div class=\"eael-breadcrumbs\">\n\t\t\t<div class=\"eael-breadcrumbs__content\"><a href=\"https:\/\/ekonomist.me\">Home<\/a> <span class=\"eael-breadcrumb-separator\">\/<\/span> <\/div>\t\t<\/div>\n\t\t\t\t\t\t<\/div>\n\t\t\t\t<\/div>\n\t\t\t\t<div class=\"elementor-element elementor-element-1812683f elementor-widget elementor-widget-text-editor\" data-id=\"1812683f\" data-element_type=\"widget\" data-widget_type=\"text-editor.default\">\n\t\t\t\t<div class=\"elementor-widget-container\">\n\t\t\t\t\t\t\t\t\t<p class=\"mb-4\n                              lg:mb-5\n                              text-textPrimary\n                              font-exo2\n                              text-xl\n                              leading-8\n                              font-semibold\" data-testid=\"article-lead-text\">Zabrana ulaska dr\u017eavljana 12 zemalja u SAD, koju je predsjednik Donald Tramp objavio pro\u0161le nedjelje stupila je jutros na snagu, kako je i najavljeno u predsjednikovom ukazu.<\/p><div class=\"article-content-wrapper w-full \" data-testid=\"article-content-wrapper-0\"><div class=\"rich-text-block break-words\"><p data-block-key=\"5w2km\">Ta odluka donijeta da bi se &#8220;za\u0161titile SAD od stranih terorista i drugih prijetnji za nacionalnu bezbjednost&#8221;, prema predsjedni\u010dkom proglasu odnosi se na dr\u017eavljane Avganistana, Mjanmara, \u010cada, Konga, Ekvatorijalne Gvineje, Eritreje, Haitija, Irana, Libije, Somallije, Sudana i Jemena.<\/p><\/div><\/div><div class=\"article-content-wrapper w-full \" data-testid=\"article-content-wrapper-4\"><div class=\"rich-text-block break-words\"><p data-block-key=\"cmqvl\">Ameri\u010dka vlada koja sprovodi vrlo restriktivnu antiimigracionu politiku stavila je ove zemlje na spisak zbog toga \u0161to je ocijenjeno da nemaju efikasne administracije da osiguraju kontrolu putnika i zbog tendencije gra\u0111ana nekih od tih zemalja da ostanu u SAD posle isteka viza.<\/p><\/div><\/div><div class=\"article-content-wrapper w-full \" data-testid=\"article-content-wrapper-7\"><div class=\"rich-text-block break-words\"><p data-block-key=\"ei413\">Dr\u017eavljanima jo\u0161 sedam zemalja uvedene su restrikcije oko izdavanja viza, a to su &#8211; Burundi, Kuba, Laos, Sijera Leone, Togo, Turkmenistan i Venecuela.<\/p><\/div><\/div><div class=\"article-content-wrapper w-full \" data-testid=\"article-content-wrapper-9\"><div class=\"rich-text-block break-words\"><p data-block-key=\"e9oi6\">Ameri\u010dki predsjednik je poredio tu odluku objavljenu u srijedu s &#8220;efikasnim restrikcijama&#8221; koje je uveo na po\u010detku svog prethodnog mandata 2017. godine za sedam ve\u0107inski muslimanskih zemalja, koje su njegovi kriti\u010dari nazvali &#8220;muslimanska zabrana&#8221;.<\/p><\/div><\/div><div class=\"article-content-wrapper w-full \" data-testid=\"article-content-wrapper-11\"><div class=\"rich-text-block break-words\"><p data-block-key=\"5cl13\">\u010cetiri zemlje su na obje liste &#8211; Iran, Libija, Sudan i Jemen. ; Odluke o zabrani do\u010dekane su sa zabrinuto\u0161\u0107u i \u010du\u0111enjem u vi\u0161e pogo\u0111enih zemalja.<\/p><\/div><\/div><div class=\"article-content-wrapper w-full \" data-testid=\"article-content-wrapper-13\"><div class=\"rich-text-block break-words\"><p data-block-key=\"89ubc\">Visoki komesar UN za ljudska prava Folker Tirk je izrazio &#8220;zabrinutost oko me\u0111unarodnog prava&#8221; zbog &#8220;vrlo \u0161irokog i op\u0161teg obima&#8221; te zabrane.<\/p><\/div><\/div><div class=\"article-content-wrapper w-full \" data-testid=\"article-content-wrapper-16\"><div class=\"rich-text-block break-words\"><p data-block-key=\"9vcfa\">Afri\u010dka unija je rekla da je zabrinuta zbog potencijalnog negativnog uticaja takvih mjera, uklju\u010duju\u0107i i na diplomatske odnose sa datim zemljama.<\/p><\/div><\/div><div class=\"article-content-wrapper w-full \" data-testid=\"article-content-wrapper-18\"><div class=\"rich-text-block break-words\"><p data-block-key=\"cnn9d\">Jedna od tih zemalja \u010cad je objavila suspenziju izdavanja viza ameri\u010dkim dr\u017eavljanima kao mjera odmazde.<\/p><\/div><\/div><div class=\"article-content-wrapper w-full \" data-testid=\"article-content-wrapper-20\"><div class=\"rich-text-block break-words\"><p data-block-key=\"6jtfm\">Demokratska \u010dlanica ameri\u010dkog Kongresa Amerikanka iranskog porekla Jasamin Ansari rekla je da zna kakv bol nanonse &#8220;svirepe i ksenofobne Trampove zabrane putovanja&#8221;, jer je njena porodica pogo\u0111ena punom snagom, i najavila da \u0107e se demokrate boriti protiv toga.<\/p><\/div><\/div><div class=\"article-content-wrapper w-full \" data-testid=\"article-content-wrapper-22\"><div class=\"rich-text-block break-words\"><p data-block-key=\"68vij\">Izuzeci su ipak predvi\u0111eni za neke vize, za diplomate i za osobe \u010dije putovanje u SAD &#8220;slu\u017ei nacionalnom interesu&#8221;.<\/p><\/div><p data-block-key=\"68vij\">Izvor: N1<\/p><\/div>\t\t\t\t\t\t\t\t<\/div>\n\t\t\t\t<\/div>\n\t\t\t\t<\/div>\n\t\t\t\t<\/div>\n\t\t\t\t<div class=\"elementor-element elementor-element-cc13a3d elementor-widget-divider--view-line elementor-widget elementor-widget-divider\" data-id=\"cc13a3d\" data-element_type=\"widget\" data-widget_type=\"divider.default\">\n\t\t\t\t<div class=\"elementor-widget-container\">\n\t\t\t\t\t\t\t<div class=\"elementor-divider\">\n\t\t\t<span class=\"elementor-divider-separator\">\n\t\t\t\t\t\t<\/span>\n\t\t<\/div>\n\t\t\t\t\t\t<\/div>\n\t\t\t\t<\/div>\n\t\t\t\t<\/div>\n\t\t\t\t<\/div>\n\t\t","protected":false},"excerpt":{"rendered":"<p>U SAD stupila na snagu zabrana ulaska gra\u0111ana 12 zemalja Home \/ Zabrana ulaska dr\u017eavljana 12 zemalja u SAD, koju je predsjednik Donald Tramp objavio pro\u0161le nedjelje stupila je jutros na snagu, kako je i najavljeno u predsjednikovom ukazu. Ta odluka donijeta da bi se &#8220;za\u0161titile SAD od stranih terorista i drugih prijetnji za nacionalnu bezbjednost&#8221;, prema predsjedni\u010dkom proglasu odnosi se na dr\u017eavljane Avganistana, Mjanmara, \u010cada, Konga, Ekvatorijalne Gvineje, Eritreje, Haitija, Irana, Libije, Somallije, Sudana i Jemena. Ameri\u010dka vlada koja sprovodi vrlo restriktivnu antiimigracionu politiku stavila je ove zemlje na spisak zbog toga \u0161to je ocijenjeno da nemaju efikasne administracije da osiguraju kontrolu putnika i zbog tendencije gra\u0111ana nekih od tih zemalja da ostanu u SAD posle isteka viza. Dr\u017eavljanima jo\u0161 sedam zemalja uvedene su restrikcije oko izdavanja viza, a to su &#8211; Burundi, Kuba, Laos, Sijera Leone, Togo, Turkmenistan i Venecuela. Ameri\u010dki predsjednik je poredio tu odluku objavljenu u srijedu s &#8220;efikasnim restrikcijama&#8221; koje je uveo na po\u010detku svog prethodnog mandata 2017. godine za sedam ve\u0107inski muslimanskih zemalja, koje su njegovi kriti\u010dari nazvali &#8220;muslimanska zabrana&#8221;. \u010cetiri zemlje su na obje liste &#8211; Iran, Libija, Sudan i Jemen. ; Odluke o zabrani do\u010dekane su sa zabrinuto\u0161\u0107u i \u010du\u0111enjem u vi\u0161e pogo\u0111enih zemalja. Visoki komesar UN za ljudska prava Folker Tirk je izrazio &#8220;zabrinutost oko me\u0111unarodnog prava&#8221; zbog &#8220;vrlo \u0161irokog i op\u0161teg obima&#8221; te zabrane. Afri\u010dka unija je rekla da je zabrinuta zbog potencijalnog negativnog uticaja takvih mjera, uklju\u010duju\u0107i i na diplomatske odnose sa datim zemljama. Jedna od tih zemalja \u010cad je objavila suspenziju izdavanja viza ameri\u010dkim dr\u017eavljanima kao mjera odmazde. Demokratska \u010dlanica ameri\u010dkog Kongresa Amerikanka iranskog porekla Jasamin Ansari rekla je da zna kakv bol nanonse &#8220;svirepe i ksenofobne Trampove zabrane putovanja&#8221;, jer je njena porodica pogo\u0111ena punom snagom, i najavila da \u0107e se demokrate boriti protiv toga. Izuzeci su ipak predvi\u0111eni za neke vize, za diplomate i za osobe \u010dije putovanje u SAD &#8220;slu\u017ei nacionalnom interesu&#8221;. Izvor: N1<\/p>\n","protected":false},"author":1,"featured_media":2864,"comment_status":"open","ping_status":"open","sticky":false,"template":"","format":"standard","meta":{"footnotes":""},"categories":[6],"tags":[],"class_list":["post-2863","post","type-post","status-publish","format-standard","has-post-thumbnail","hentry","category-ekonomija"],"_links":{"self":[{"href":"https:\/\/ekonomist.me\/index.php\/wp-json\/wp\/v2\/posts\/2863","targetHints":{"allow":["GET"]}}],"collection":[{"href":"https:\/\/ekonomist.me\/index.php\/wp-json\/wp\/v2\/posts"}],"about":[{"href":"https:\/\/ekonomist.me\/index.php\/wp-json\/wp\/v2\/types\/post"}],"author":[{"embeddable":true,"href":"https:\/\/ekonomist.me\/index.php\/wp-json\/wp\/v2\/users\/1"}],"replies":[{"embeddable":true,"href":"https:\/\/ekonomist.me\/index.php\/wp-json\/wp\/v2\/comments?post=2863"}],"version-history":[{"count":7,"href":"https:\/\/ekonomist.me\/index.php\/wp-json\/wp\/v2\/posts\/2863\/revisions"}],"predecessor-version":[{"id":2871,"href":"https:\/\/ekonomist.me\/index.php\/wp-json\/wp\/v2\/posts\/2863\/revisions\/2871"}],"wp:featuredmedia":[{"embeddable":true,"href":"https:\/\/ekonomist.me\/index.php\/wp-json\/wp\/v2\/media\/2864"}],"wp:attachment":[{"href":"https:\/\/ekonomist.me\/index.php\/wp-json\/wp\/v2\/media?parent=2863"}],"wp:term":[{"taxonomy":"category","embeddable":true,"href":"https:\/\/ekonomist.me\/index.php\/wp-json\/wp\/v2\/categories?post=2863"},{"taxonomy":"post_tag","embeddable":true,"href":"https:\/\/ekonomist.me\/index.php\/wp-json\/wp\/v2\/tags?post=2863"}],"curies":[{"name":"wp","href":"https:\/\/api.w.org\/{rel}","templated":true}]}}