{"id":2857,"date":"2025-06-09T08:26:09","date_gmt":"2025-06-09T08:26:09","guid":{"rendered":"https:\/\/ekonomist.me\/?p=2857"},"modified":"2025-06-09T08:28:46","modified_gmt":"2025-06-09T08:28:46","slug":"u-centru-los-andelesa-sukobi-demonstranata-sa-policijom","status":"publish","type":"post","link":"https:\/\/ekonomist.me\/index.php\/2025\/06\/09\/u-centru-los-andelesa-sukobi-demonstranata-sa-policijom\/","title":{"rendered":"U centru Los An\u0111elesa sukobi demonstranata sa policijom"},"content":{"rendered":"\t\t<div data-elementor-type=\"wp-post\" data-elementor-id=\"2857\" class=\"elementor elementor-2857\">\n\t\t\t\t<div class=\"elementor-element elementor-element-2a37b54a e-con-full e-flex wpr-particle-no wpr-jarallax-no wpr-parallax-no wpr-sticky-section-no e-con e-parent\" data-id=\"2a37b54a\" data-element_type=\"container\">\n\t\t<div class=\"elementor-element elementor-element-d2c2a63 e-con-full e-flex wpr-particle-no wpr-jarallax-no wpr-parallax-no wpr-sticky-section-no e-con e-child\" data-id=\"d2c2a63\" data-element_type=\"container\">\n\t\t<div class=\"elementor-element elementor-element-df7e021 e-con-full e-flex wpr-particle-no wpr-jarallax-no wpr-parallax-no wpr-sticky-section-no e-con e-child\" data-id=\"df7e021\" data-element_type=\"container\">\n\t\t\t\t<div class=\"elementor-element elementor-element-c3a1298 elementor-widget elementor-widget-wpr-post-title\" data-id=\"c3a1298\" data-element_type=\"widget\" data-widget_type=\"wpr-post-title.default\">\n\t\t\t\t<div class=\"elementor-widget-container\">\n\t\t\t\t\t<h1 class=\"wpr-post-title\">U centru Los An\u0111elesa sukobi demonstranata sa policijom<\/h1>\t\t\t\t<\/div>\n\t\t\t\t<\/div>\n\t\t\t\t<div class=\"elementor-element elementor-element-6e473ff elementor-widget elementor-widget-eael-breadcrumbs\" data-id=\"6e473ff\" data-element_type=\"widget\" data-widget_type=\"eael-breadcrumbs.default\">\n\t\t\t\t<div class=\"elementor-widget-container\">\n\t\t\t\t\t\t\t<div class=\"eael-breadcrumbs\">\n\t\t\t<div class=\"eael-breadcrumbs__content\"><a href=\"https:\/\/ekonomist.me\">Home<\/a> <span class=\"eael-breadcrumb-separator\">\/<\/span> <\/div>\t\t<\/div>\n\t\t\t\t\t\t<\/div>\n\t\t\t\t<\/div>\n\t\t\t\t<div class=\"elementor-element elementor-element-1812683f elementor-widget elementor-widget-text-editor\" data-id=\"1812683f\" data-element_type=\"widget\" data-widget_type=\"text-editor.default\">\n\t\t\t\t<div class=\"elementor-widget-container\">\n\t\t\t\t\t\t\t\t\t<div id=\"newsLead\" class=\"b\"><p class=\"selectionShareable\">U centru Los An\u0111elesa se nastavljaju sukobi demonstranata sa policijom, a policija je upozorila da \u0107e odgovoriti odgovaraju\u0107om silom ukoliko demonstranti upotrebe &#8220;zapaljiva sredstva&#8221;.<\/p><\/div><div id=\"newsContent\"><p class=\"selectionShareable\">Broj demonstranata na ulicama Los An\u0111elesa se smanjio, ali neke grupe se i dalje sukobljavaju sa policijom, dok je saobra\u0107aj prekinut, a dim se di\u017ee sa auto-puta 101.<img decoding=\"async\" class=\"img-fluid\" src=\"https:\/\/pptable.rtv.rs\/www\/delivery\/lg.php?bannerid=0&amp;campaignid=0&amp;zoneid=4&amp;source={obfs:}&amp;loc=https%3A%2F%2Fwww.rtv.rs%2Fsr_lat%2Fsvet%2Fu-centru-los-andjelesa-sukobi-demonstranata-sa-policijom_1634275.html&amp;referer=https%3A%2F%2Fnaslovi.net%2F&amp;cb=bcbb422574\" alt=\"\" width=\"0\" height=\"0\" \/><\/p><p class=\"selectionShareable\">Ju\u017ene trake na autoputu 101 zatvorene su do daljnjeg zbog protesta, saop\u0161tila je policijska uprava Los An\u0111elesa na platformi X.<\/p><p class=\"selectionShareable\">Policija je saop\u0161tila da su demonstranti bacali predmete na prilaze auto-putu i o\u0161tetili vi\u0161e policijskih vozila, prenio je CNN.<\/p><p class=\"selectionShareable\">Guverner Kalifornije Gavin Njusom rekao je da \u0107e ta savezna ameri\u010dka dr\u017eava danas podnijeti tu\u017ebu protiv administracije ameri\u010dkog predsjednika Donalda Trampa zbog, kako je rekao, &#8220;nezakonitog, nemoralnog i neustavnog anga\u017eovanja Nacionalne garde u Los An\u0111elesu radi gu\u0161enja protesta&#8221;.<\/p><p class=\"selectionShareable\">Ameri\u010dki milijarder Ilon Mask, \u010diji je odnos sa Trampom naru\u0161en pro\u0161le sedmice, podr\u017eao je sino\u0107 na platformi Iks reakciju Trampove administracije na proteste u Los An\u0111elesu.<\/p><p class=\"selectionShareable\">Tramp je naredio raspore\u0111ivanje 2.000 vojnika Nacionalne garde da bi ugu\u0161ili imigracione proteste u Los An\u0111elesu.<\/p><p class=\"selectionShareable\">Policija u Los An\u0111elesu ispalila je u nedjelju projektile sa biber sprejom ispred gradskog pritvorskog centra, u poku\u0161aju da rastjera demonstrante od kojih su neki bacali fla\u0161e sa vodom na zvani\u010dnike i nosili transparente s porukama kojima osu\u0111uju policijske snage.<\/p><p class=\"selectionShareable\">Demonstranti su se ispred pritvorskog centra u Los An\u0111elesu sukobili sa agentima Nacionalne garde Kalifornije, Imigracionog odeljenja i Ministarstva unutra\u0161nje bezbjednosti, u posljednjoj seriji protesta protiv imigracionih racija koje su zahvatile Kaliforniju tokom vikenda.<\/p><p class=\"selectionShareable\">Nacionalna garda je u nedjelju najmanje u jednom slu\u010daju koristila biber kugle, biber sprej i suzavac, kako bi otvorila put za ulazak oklopnih vozila u pritvorski centar, nakon \u010dega je gomila demonstranata iza\u0161la na ulicu i blokirala saobra\u0107aj.<\/p><\/div><p>Izvor: Rtv<\/p>\t\t\t\t\t\t\t\t<\/div>\n\t\t\t\t<\/div>\n\t\t\t\t<\/div>\n\t\t\t\t<\/div>\n\t\t\t\t<div class=\"elementor-element elementor-element-cc13a3d elementor-widget-divider--view-line elementor-widget elementor-widget-divider\" data-id=\"cc13a3d\" data-element_type=\"widget\" data-widget_type=\"divider.default\">\n\t\t\t\t<div class=\"elementor-widget-container\">\n\t\t\t\t\t\t\t<div class=\"elementor-divider\">\n\t\t\t<span class=\"elementor-divider-separator\">\n\t\t\t\t\t\t<\/span>\n\t\t<\/div>\n\t\t\t\t\t\t<\/div>\n\t\t\t\t<\/div>\n\t\t\t\t<\/div>\n\t\t\t\t<\/div>\n\t\t","protected":false},"excerpt":{"rendered":"<p>U centru Los An\u0111elesa sukobi demonstranata sa policijom Home \/ U centru Los An\u0111elesa se nastavljaju sukobi demonstranata sa policijom, a policija je upozorila da \u0107e odgovoriti odgovaraju\u0107om silom ukoliko demonstranti upotrebe &#8220;zapaljiva sredstva&#8221;. Broj demonstranata na ulicama Los An\u0111elesa se smanjio, ali neke grupe se i dalje sukobljavaju sa policijom, dok je saobra\u0107aj prekinut, a dim se di\u017ee sa auto-puta 101. Ju\u017ene trake na autoputu 101 zatvorene su do daljnjeg zbog protesta, saop\u0161tila je policijska uprava Los An\u0111elesa na platformi X. Policija je saop\u0161tila da su demonstranti bacali predmete na prilaze auto-putu i o\u0161tetili vi\u0161e policijskih vozila, prenio je CNN. Guverner Kalifornije Gavin Njusom rekao je da \u0107e ta savezna ameri\u010dka dr\u017eava danas podnijeti tu\u017ebu protiv administracije ameri\u010dkog predsjednika Donalda Trampa zbog, kako je rekao, &#8220;nezakonitog, nemoralnog i neustavnog anga\u017eovanja Nacionalne garde u Los An\u0111elesu radi gu\u0161enja protesta&#8221;. Ameri\u010dki milijarder Ilon Mask, \u010diji je odnos sa Trampom naru\u0161en pro\u0161le sedmice, podr\u017eao je sino\u0107 na platformi Iks reakciju Trampove administracije na proteste u Los An\u0111elesu. Tramp je naredio raspore\u0111ivanje 2.000 vojnika Nacionalne garde da bi ugu\u0161ili imigracione proteste u Los An\u0111elesu. Policija u Los An\u0111elesu ispalila je u nedjelju projektile sa biber sprejom ispred gradskog pritvorskog centra, u poku\u0161aju da rastjera demonstrante od kojih su neki bacali fla\u0161e sa vodom na zvani\u010dnike i nosili transparente s porukama kojima osu\u0111uju policijske snage. Demonstranti su se ispred pritvorskog centra u Los An\u0111elesu sukobili sa agentima Nacionalne garde Kalifornije, Imigracionog odeljenja i Ministarstva unutra\u0161nje bezbjednosti, u posljednjoj seriji protesta protiv imigracionih racija koje su zahvatile Kaliforniju tokom vikenda. Nacionalna garda je u nedjelju najmanje u jednom slu\u010daju koristila biber kugle, biber sprej i suzavac, kako bi otvorila put za ulazak oklopnih vozila u pritvorski centar, nakon \u010dega je gomila demonstranata iza\u0161la na ulicu i blokirala saobra\u0107aj. Izvor: Rtv<\/p>\n","protected":false},"author":1,"featured_media":2858,"comment_status":"open","ping_status":"open","sticky":false,"template":"","format":"standard","meta":{"footnotes":""},"categories":[9],"tags":[],"class_list":["post-2857","post","type-post","status-publish","format-standard","has-post-thumbnail","hentry","category-industrija"],"_links":{"self":[{"href":"https:\/\/ekonomist.me\/index.php\/wp-json\/wp\/v2\/posts\/2857","targetHints":{"allow":["GET"]}}],"collection":[{"href":"https:\/\/ekonomist.me\/index.php\/wp-json\/wp\/v2\/posts"}],"about":[{"href":"https:\/\/ekonomist.me\/index.php\/wp-json\/wp\/v2\/types\/post"}],"author":[{"embeddable":true,"href":"https:\/\/ekonomist.me\/index.php\/wp-json\/wp\/v2\/users\/1"}],"replies":[{"embeddable":true,"href":"https:\/\/ekonomist.me\/index.php\/wp-json\/wp\/v2\/comments?post=2857"}],"version-history":[{"count":4,"href":"https:\/\/ekonomist.me\/index.php\/wp-json\/wp\/v2\/posts\/2857\/revisions"}],"predecessor-version":[{"id":2862,"href":"https:\/\/ekonomist.me\/index.php\/wp-json\/wp\/v2\/posts\/2857\/revisions\/2862"}],"wp:featuredmedia":[{"embeddable":true,"href":"https:\/\/ekonomist.me\/index.php\/wp-json\/wp\/v2\/media\/2858"}],"wp:attachment":[{"href":"https:\/\/ekonomist.me\/index.php\/wp-json\/wp\/v2\/media?parent=2857"}],"wp:term":[{"taxonomy":"category","embeddable":true,"href":"https:\/\/ekonomist.me\/index.php\/wp-json\/wp\/v2\/categories?post=2857"},{"taxonomy":"post_tag","embeddable":true,"href":"https:\/\/ekonomist.me\/index.php\/wp-json\/wp\/v2\/tags?post=2857"}],"curies":[{"name":"wp","href":"https:\/\/api.w.org\/{rel}","templated":true}]}}