{"id":2842,"date":"2025-06-08T10:49:52","date_gmt":"2025-06-08T10:49:52","guid":{"rendered":"https:\/\/ekonomist.me\/?p=2842"},"modified":"2025-06-08T10:53:55","modified_gmt":"2025-06-08T10:53:55","slug":"trgovinski-pregovori-kine-i-sad-naredne-sedmice-u-londonu","status":"publish","type":"post","link":"https:\/\/ekonomist.me\/index.php\/2025\/06\/08\/trgovinski-pregovori-kine-i-sad-naredne-sedmice-u-londonu\/","title":{"rendered":"Trgovinski pregovori Kine i SAD naredne sedmice u Londonu"},"content":{"rendered":"\t\t<div data-elementor-type=\"wp-post\" data-elementor-id=\"2842\" class=\"elementor elementor-2842\">\n\t\t\t\t<div class=\"elementor-element elementor-element-2a37b54a e-con-full e-flex wpr-particle-no wpr-jarallax-no wpr-parallax-no wpr-sticky-section-no e-con e-parent\" data-id=\"2a37b54a\" data-element_type=\"container\">\n\t\t<div class=\"elementor-element elementor-element-d2c2a63 e-con-full e-flex wpr-particle-no wpr-jarallax-no wpr-parallax-no wpr-sticky-section-no e-con e-child\" data-id=\"d2c2a63\" data-element_type=\"container\">\n\t\t<div class=\"elementor-element elementor-element-df7e021 e-con-full e-flex wpr-particle-no wpr-jarallax-no wpr-parallax-no wpr-sticky-section-no e-con e-child\" data-id=\"df7e021\" data-element_type=\"container\">\n\t\t\t\t<div class=\"elementor-element elementor-element-c3a1298 elementor-widget elementor-widget-wpr-post-title\" data-id=\"c3a1298\" data-element_type=\"widget\" data-widget_type=\"wpr-post-title.default\">\n\t\t\t\t<div class=\"elementor-widget-container\">\n\t\t\t\t\t<h1 class=\"wpr-post-title\">Trgovinski pregovori Kine i SAD naredne sedmice u Londonu<\/h1>\t\t\t\t<\/div>\n\t\t\t\t<\/div>\n\t\t\t\t<div class=\"elementor-element elementor-element-6e473ff elementor-widget elementor-widget-eael-breadcrumbs\" data-id=\"6e473ff\" data-element_type=\"widget\" data-widget_type=\"eael-breadcrumbs.default\">\n\t\t\t\t<div class=\"elementor-widget-container\">\n\t\t\t\t\t\t\t<div class=\"eael-breadcrumbs\">\n\t\t\t<div class=\"eael-breadcrumbs__content\"><a href=\"https:\/\/ekonomist.me\">Home<\/a> <span class=\"eael-breadcrumb-separator\">\/<\/span> <\/div>\t\t<\/div>\n\t\t\t\t\t\t<\/div>\n\t\t\t\t<\/div>\n\t\t\t\t<div class=\"elementor-element elementor-element-1812683f elementor-widget elementor-widget-text-editor\" data-id=\"1812683f\" data-element_type=\"widget\" data-widget_type=\"text-editor.default\">\n\t\t\t\t<div class=\"elementor-widget-container\">\n\t\t\t\t\t\t\t\t\t<p>Potpredsednik kineske vlade He Lifeng sastac\u0301e se sa delegacijom SAD u Velikoj Britaniji sledec\u0301e nedelje na trgovinskim pregovorima, saop\u0161tilo je ve\u010deras kinesko Ministarstvo spoljnih poslova.<\/p><p>He c\u0301e biti u\u00a0Velikoj Britaniji\u00a0od 8. do 13. juna na poziv britanske vlade, navodi se u saop\u0161tenju kineskog ministarstva.<\/p><p>Potpredsjednik kineske vlade c\u0301e, sa ameri\u010dkim predstavnicima, kopredsjedavati prvom sastanku Mehanizma za ekonomske i trgovinske\u00a0konsultacije izme\u0111u\u00a0Kine\u00a0i\u00a0SAD.<\/p><p>Ameri\u010dki predsjednik Donald Tramp (Trump) izjavio je u petak da \u0107e kinesko-ameri\u010dki trgovinski pregovori biti odr\u017eani u Londonu u ponedjeljak, u poku\u0161aju da se postigne dogovor dvije sile u carinskom sporu.<\/p><p>Tramp je na svojoj dru\u0161tvenoj mre\u017ei &#8220;Truth Social&#8221; napisao da c\u0301e ameri\u010dku delegaciju \u010diniti ministar finansija Skot Besent (Scott Bessent), ministar trgovine Hauard Lutnik (Howard Lutnick) i predstavnik trgovine Bijele kuc\u0301e D\u017eejmison Grir (Jamieson Greer).<\/p><p>To c\u0301e biti drugi sastanak izme\u0111u kineskih i ameri\u010dkih predstavnika, nakon povratka Donalda Trampa u Bijelu kuc\u0301u.<img decoding=\"async\" src=\"https:\/\/ced-ns.sascdn.com\/diff\/templates\/images\/info.svg\" data-exclude-click=\"\" \/><\/p><p>Prvi, odr\u017ean sredinom maja u \u017denevi privremeno je smirio trgovinski spor izme\u0111u dvije vodec\u0301e svjetske ekonomije zbog novih carinskih mera SAD.<\/p><p>Me\u0111utim Tramp je potom optu\u017eio Peking da ne po\u0161tuje uslove tog sporazuma o smirivanju tenzija.<\/p><p>Tramp je u aprilu pove\u0107ao carine na kinesku robu na 145 odsto, na \u0161ta je Kina reagovala pove\u0107anjem carina na uvoz ameri\u010dke robe na 125 odsto.<\/p><p>Izvor: Nin<\/p>\t\t\t\t\t\t\t\t<\/div>\n\t\t\t\t<\/div>\n\t\t\t\t<\/div>\n\t\t\t\t<\/div>\n\t\t\t\t<div class=\"elementor-element elementor-element-cc13a3d elementor-widget-divider--view-line elementor-widget elementor-widget-divider\" data-id=\"cc13a3d\" data-element_type=\"widget\" data-widget_type=\"divider.default\">\n\t\t\t\t<div class=\"elementor-widget-container\">\n\t\t\t\t\t\t\t<div class=\"elementor-divider\">\n\t\t\t<span class=\"elementor-divider-separator\">\n\t\t\t\t\t\t<\/span>\n\t\t<\/div>\n\t\t\t\t\t\t<\/div>\n\t\t\t\t<\/div>\n\t\t\t\t<\/div>\n\t\t\t\t<\/div>\n\t\t","protected":false},"excerpt":{"rendered":"<p>Trgovinski pregovori Kine i SAD naredne sedmice u Londonu Home \/ Potpredsednik kineske vlade He Lifeng sastac\u0301e se sa delegacijom SAD u Velikoj Britaniji sledec\u0301e nedelje na trgovinskim pregovorima, saop\u0161tilo je ve\u010deras kinesko Ministarstvo spoljnih poslova. He c\u0301e biti u\u00a0Velikoj Britaniji\u00a0od 8. do 13. juna na poziv britanske vlade, navodi se u saop\u0161tenju kineskog ministarstva. Potpredsjednik kineske vlade c\u0301e, sa ameri\u010dkim predstavnicima, kopredsjedavati prvom sastanku Mehanizma za ekonomske i trgovinske\u00a0konsultacije izme\u0111u\u00a0Kine\u00a0i\u00a0SAD. Ameri\u010dki predsjednik Donald Tramp (Trump) izjavio je u petak da \u0107e kinesko-ameri\u010dki trgovinski pregovori biti odr\u017eani u Londonu u ponedjeljak, u poku\u0161aju da se postigne dogovor dvije sile u carinskom sporu. Tramp je na svojoj dru\u0161tvenoj mre\u017ei &#8220;Truth Social&#8221; napisao da c\u0301e ameri\u010dku delegaciju \u010diniti ministar finansija Skot Besent (Scott Bessent), ministar trgovine Hauard Lutnik (Howard Lutnick) i predstavnik trgovine Bijele kuc\u0301e D\u017eejmison Grir (Jamieson Greer). To c\u0301e biti drugi sastanak izme\u0111u kineskih i ameri\u010dkih predstavnika, nakon povratka Donalda Trampa u Bijelu kuc\u0301u. Prvi, odr\u017ean sredinom maja u \u017denevi privremeno je smirio trgovinski spor izme\u0111u dvije vodec\u0301e svjetske ekonomije zbog novih carinskih mera SAD. Me\u0111utim Tramp je potom optu\u017eio Peking da ne po\u0161tuje uslove tog sporazuma o smirivanju tenzija. Tramp je u aprilu pove\u0107ao carine na kinesku robu na 145 odsto, na \u0161ta je Kina reagovala pove\u0107anjem carina na uvoz ameri\u010dke robe na 125 odsto. Izvor: Nin<\/p>\n","protected":false},"author":1,"featured_media":2843,"comment_status":"open","ping_status":"open","sticky":false,"template":"","format":"standard","meta":{"footnotes":""},"categories":[9,6],"tags":[],"class_list":["post-2842","post","type-post","status-publish","format-standard","has-post-thumbnail","hentry","category-industrija","category-ekonomija"],"_links":{"self":[{"href":"https:\/\/ekonomist.me\/index.php\/wp-json\/wp\/v2\/posts\/2842","targetHints":{"allow":["GET"]}}],"collection":[{"href":"https:\/\/ekonomist.me\/index.php\/wp-json\/wp\/v2\/posts"}],"about":[{"href":"https:\/\/ekonomist.me\/index.php\/wp-json\/wp\/v2\/types\/post"}],"author":[{"embeddable":true,"href":"https:\/\/ekonomist.me\/index.php\/wp-json\/wp\/v2\/users\/1"}],"replies":[{"embeddable":true,"href":"https:\/\/ekonomist.me\/index.php\/wp-json\/wp\/v2\/comments?post=2842"}],"version-history":[{"count":4,"href":"https:\/\/ekonomist.me\/index.php\/wp-json\/wp\/v2\/posts\/2842\/revisions"}],"predecessor-version":[{"id":2847,"href":"https:\/\/ekonomist.me\/index.php\/wp-json\/wp\/v2\/posts\/2842\/revisions\/2847"}],"wp:featuredmedia":[{"embeddable":true,"href":"https:\/\/ekonomist.me\/index.php\/wp-json\/wp\/v2\/media\/2843"}],"wp:attachment":[{"href":"https:\/\/ekonomist.me\/index.php\/wp-json\/wp\/v2\/media?parent=2842"}],"wp:term":[{"taxonomy":"category","embeddable":true,"href":"https:\/\/ekonomist.me\/index.php\/wp-json\/wp\/v2\/categories?post=2842"},{"taxonomy":"post_tag","embeddable":true,"href":"https:\/\/ekonomist.me\/index.php\/wp-json\/wp\/v2\/tags?post=2842"}],"curies":[{"name":"wp","href":"https:\/\/api.w.org\/{rel}","templated":true}]}}