{"id":2728,"date":"2025-06-03T08:57:51","date_gmt":"2025-06-03T08:57:51","guid":{"rendered":"https:\/\/ekonomist.me\/?p=2728"},"modified":"2025-06-03T09:04:11","modified_gmt":"2025-06-03T09:04:11","slug":"juzna-koreja-bira-predsjednika-nakon-visemjesecnih-previranja","status":"publish","type":"post","link":"https:\/\/ekonomist.me\/index.php\/2025\/06\/03\/juzna-koreja-bira-predsjednika-nakon-visemjesecnih-previranja\/","title":{"rendered":"Ju\u017ena Koreja bira predsjednika nakon vi\u0161emjese\u010dnih previranja"},"content":{"rendered":"\t\t<div data-elementor-type=\"wp-post\" data-elementor-id=\"2728\" class=\"elementor elementor-2728\">\n\t\t\t\t<div class=\"elementor-element elementor-element-2a37b54a e-con-full e-flex wpr-particle-no wpr-jarallax-no wpr-parallax-no wpr-sticky-section-no e-con e-parent\" data-id=\"2a37b54a\" data-element_type=\"container\">\n\t\t<div class=\"elementor-element elementor-element-d2c2a63 e-con-full e-flex wpr-particle-no wpr-jarallax-no wpr-parallax-no wpr-sticky-section-no e-con e-child\" data-id=\"d2c2a63\" data-element_type=\"container\">\n\t\t<div class=\"elementor-element elementor-element-df7e021 e-con-full e-flex wpr-particle-no wpr-jarallax-no wpr-parallax-no wpr-sticky-section-no e-con e-child\" data-id=\"df7e021\" data-element_type=\"container\">\n\t\t\t\t<div class=\"elementor-element elementor-element-c3a1298 elementor-widget elementor-widget-wpr-post-title\" data-id=\"c3a1298\" data-element_type=\"widget\" data-widget_type=\"wpr-post-title.default\">\n\t\t\t\t<div class=\"elementor-widget-container\">\n\t\t\t\t\t<h1 class=\"wpr-post-title\">Ju\u017ena Koreja bira predsjednika nakon vi\u0161emjese\u010dnih previranja<\/h1>\t\t\t\t<\/div>\n\t\t\t\t<\/div>\n\t\t\t\t<div class=\"elementor-element elementor-element-6e473ff elementor-widget elementor-widget-eael-breadcrumbs\" data-id=\"6e473ff\" data-element_type=\"widget\" data-widget_type=\"eael-breadcrumbs.default\">\n\t\t\t\t<div class=\"elementor-widget-container\">\n\t\t\t\t\t\t\t<div class=\"eael-breadcrumbs\">\n\t\t\t<div class=\"eael-breadcrumbs__content\"><a href=\"https:\/\/ekonomist.me\">Home<\/a> <span class=\"eael-breadcrumb-separator\">\/<\/span> <\/div>\t\t<\/div>\n\t\t\t\t\t\t<\/div>\n\t\t\t\t<\/div>\n\t\t\t\t<div class=\"elementor-element elementor-element-1812683f elementor-widget elementor-widget-text-editor\" data-id=\"1812683f\" data-element_type=\"widget\" data-widget_type=\"text-editor.default\">\n\t\t\t\t<div class=\"elementor-widget-container\">\n\t\t\t\t\t\t\t\t\t<header class=\"article-header\"><p class=\"article__subhead\"><em>Rezultati \u0107e okon\u010dati \u0161estomjese\u010dno politi\u010dko previranje otkako je biv\u0161i predsjednik Yoon Suk Yeol zaprepastio dr\u017eavu proglasiv\u0161i vanredno stanje.<\/em><\/p><\/header><div class=\"wysiwyg wysiwyg--all-content\" aria-live=\"polite\" aria-atomic=\"true\"><p>Ju\u017ena Koreja\u00a0u utorak bira novog predsjednika, \u010dime \u0107e se okon\u010dati \u0161estomjese\u010dno politi\u010dko previranje otkako je biv\u0161i predsjednik Yoon Suk Yeol zaprepastio dr\u017eavu proglasiv\u0161i vanredno stanje, \u0161to je naru\u0161ilo ugled dr\u017eave kao \u017eivahne, iako ponekad i haoti\u010dne, demokratije, prenosi Hina pozivaju\u0107i se na Reuters.<\/p><p>Novi predsjednik suo\u010di\u0107e se s izazovom okupljanja nacije koja je jo\u0161 uvijek potresena posljednjim doga\u0111ajima i izvozno orijentiranom ekonomijom koje se oporavlja od nepredvidljivih protekcionisti\u010dkih poteza Sjedinjenih Ameri\u010dkih Dr\u017eava, glavnog trgovinskog partnera i sigurnosnog saveznika.<\/p><p>O\u010dekuje se visoka izlaznost \u2013 bira\u010dka mjesta otvorena su od 6 sati ujutro po lokalnom vremenu, a gra\u0111ani \u0107e mo\u0107i glasati do 20 sati. Tokom prijevremenog glasanja u \u010detvrtak i petak, vi\u0161e od tre\u0107ine od ukupno 44,39 miliona bira\u010da ve\u0107 je iskoristilo svoje pravo glasa.<\/p><p>Prema podacima Nacionalne izborne komisije, do 7 sati ujutro na 14.295 bira\u010dkih mjesta \u0161irom dr\u017eave glasalo je 1,08 miliona gra\u0111ana, \u0161to predstavlja 2,4 posto bira\u010dkog tijela.<\/p><p>Vode\u0107i kandidati kasno u ponedjeljak zavr\u0161ili su trosedmi\u010dnu slu\u017ebenu kampanju tokom koje su obilazili dr\u017eavu i obe\u0107avali kako \u0107e iza sebe ostaviti sve politi\u010dke turbulencije te da \u0107e udahnuti novi \u017eivot posrnuloj privredi.<\/p><h2 id=\"preklapanja-planova-glavnih-kandidata\">Preklapanja planova glavnih kandidata<\/h2><p>I liberalni favorit Lee Jae-myung i konzervativni Kim Moon-soo obe\u0107ali su promjene za dr\u017eavu, isti\u010du\u0107i da politi\u010dki sistem i ekonomski model, uspostavljeni tokom uspona dr\u017eave kao mlade demokratije i industrijske sile, sada vi\u0161e nisu prikladni.<\/p><p>Njihovi planovi za ulaganje u inovacije i tehnologiju \u010desto se preklapaju, pri \u010demu se Lee zala\u017ee za ve\u0107u socijalnu jednakost i pomo\u0107 porodicama s niskim i srednjim primanjima, dok Kim nagla\u0161ava potrebu da se firmama omogu\u0107e ve\u0107e slobode.<\/p><p>Uprkos svim ekonomskim i dru\u0161tvenim inicijativama, Yoonov neuspjeli poku\u0161aj uvo\u0111enja vanrednog stanja tema je koja i dalje dominira na izborima.<\/p><p>Ne\u0107e biti primopredaje du\u017enosti jer je ona ostala upra\u017enjena Yoonovim opozivom i smjenom.<\/p><\/div><div class=\"article-source\">Izvor:\u00a0Hina\u00a0+\u00a0Reuters<\/div>\t\t\t\t\t\t\t\t<\/div>\n\t\t\t\t<\/div>\n\t\t\t\t<\/div>\n\t\t\t\t<\/div>\n\t\t\t\t<div class=\"elementor-element elementor-element-cc13a3d elementor-widget-divider--view-line elementor-widget elementor-widget-divider\" data-id=\"cc13a3d\" data-element_type=\"widget\" data-widget_type=\"divider.default\">\n\t\t\t\t<div class=\"elementor-widget-container\">\n\t\t\t\t\t\t\t<div class=\"elementor-divider\">\n\t\t\t<span class=\"elementor-divider-separator\">\n\t\t\t\t\t\t<\/span>\n\t\t<\/div>\n\t\t\t\t\t\t<\/div>\n\t\t\t\t<\/div>\n\t\t\t\t<\/div>\n\t\t\t\t<\/div>\n\t\t","protected":false},"excerpt":{"rendered":"<p>Ju\u017ena Koreja bira predsjednika nakon vi\u0161emjese\u010dnih previranja Home \/ Rezultati \u0107e okon\u010dati \u0161estomjese\u010dno politi\u010dko previranje otkako je biv\u0161i predsjednik Yoon Suk Yeol zaprepastio dr\u017eavu proglasiv\u0161i vanredno stanje. Ju\u017ena Koreja\u00a0u utorak bira novog predsjednika, \u010dime \u0107e se okon\u010dati \u0161estomjese\u010dno politi\u010dko previranje otkako je biv\u0161i predsjednik Yoon Suk Yeol zaprepastio dr\u017eavu proglasiv\u0161i vanredno stanje, \u0161to je naru\u0161ilo ugled dr\u017eave kao \u017eivahne, iako ponekad i haoti\u010dne, demokratije, prenosi Hina pozivaju\u0107i se na Reuters. Novi predsjednik suo\u010di\u0107e se s izazovom okupljanja nacije koja je jo\u0161 uvijek potresena posljednjim doga\u0111ajima i izvozno orijentiranom ekonomijom koje se oporavlja od nepredvidljivih protekcionisti\u010dkih poteza Sjedinjenih Ameri\u010dkih Dr\u017eava, glavnog trgovinskog partnera i sigurnosnog saveznika. O\u010dekuje se visoka izlaznost \u2013 bira\u010dka mjesta otvorena su od 6 sati ujutro po lokalnom vremenu, a gra\u0111ani \u0107e mo\u0107i glasati do 20 sati. Tokom prijevremenog glasanja u \u010detvrtak i petak, vi\u0161e od tre\u0107ine od ukupno 44,39 miliona bira\u010da ve\u0107 je iskoristilo svoje pravo glasa. Prema podacima Nacionalne izborne komisije, do 7 sati ujutro na 14.295 bira\u010dkih mjesta \u0161irom dr\u017eave glasalo je 1,08 miliona gra\u0111ana, \u0161to predstavlja 2,4 posto bira\u010dkog tijela. Vode\u0107i kandidati kasno u ponedjeljak zavr\u0161ili su trosedmi\u010dnu slu\u017ebenu kampanju tokom koje su obilazili dr\u017eavu i obe\u0107avali kako \u0107e iza sebe ostaviti sve politi\u010dke turbulencije te da \u0107e udahnuti novi \u017eivot posrnuloj privredi. Preklapanja planova glavnih kandidata I liberalni favorit Lee Jae-myung i konzervativni Kim Moon-soo obe\u0107ali su promjene za dr\u017eavu, isti\u010du\u0107i da politi\u010dki sistem i ekonomski model, uspostavljeni tokom uspona dr\u017eave kao mlade demokratije i industrijske sile, sada vi\u0161e nisu prikladni. Njihovi planovi za ulaganje u inovacije i tehnologiju \u010desto se preklapaju, pri \u010demu se Lee zala\u017ee za ve\u0107u socijalnu jednakost i pomo\u0107 porodicama s niskim i srednjim primanjima, dok Kim nagla\u0161ava potrebu da se firmama omogu\u0107e ve\u0107e slobode. Uprkos svim ekonomskim i dru\u0161tvenim inicijativama, Yoonov neuspjeli poku\u0161aj uvo\u0111enja vanrednog stanja tema je koja i dalje dominira na izborima. Ne\u0107e biti primopredaje du\u017enosti jer je ona ostala upra\u017enjena Yoonovim opozivom i smjenom. Izvor:\u00a0Hina\u00a0+\u00a0Reuters<\/p>\n","protected":false},"author":1,"featured_media":2729,"comment_status":"open","ping_status":"open","sticky":false,"template":"","format":"standard","meta":{"footnotes":""},"categories":[6],"tags":[],"class_list":["post-2728","post","type-post","status-publish","format-standard","has-post-thumbnail","hentry","category-ekonomija"],"_links":{"self":[{"href":"https:\/\/ekonomist.me\/index.php\/wp-json\/wp\/v2\/posts\/2728","targetHints":{"allow":["GET"]}}],"collection":[{"href":"https:\/\/ekonomist.me\/index.php\/wp-json\/wp\/v2\/posts"}],"about":[{"href":"https:\/\/ekonomist.me\/index.php\/wp-json\/wp\/v2\/types\/post"}],"author":[{"embeddable":true,"href":"https:\/\/ekonomist.me\/index.php\/wp-json\/wp\/v2\/users\/1"}],"replies":[{"embeddable":true,"href":"https:\/\/ekonomist.me\/index.php\/wp-json\/wp\/v2\/comments?post=2728"}],"version-history":[{"count":4,"href":"https:\/\/ekonomist.me\/index.php\/wp-json\/wp\/v2\/posts\/2728\/revisions"}],"predecessor-version":[{"id":2733,"href":"https:\/\/ekonomist.me\/index.php\/wp-json\/wp\/v2\/posts\/2728\/revisions\/2733"}],"wp:featuredmedia":[{"embeddable":true,"href":"https:\/\/ekonomist.me\/index.php\/wp-json\/wp\/v2\/media\/2729"}],"wp:attachment":[{"href":"https:\/\/ekonomist.me\/index.php\/wp-json\/wp\/v2\/media?parent=2728"}],"wp:term":[{"taxonomy":"category","embeddable":true,"href":"https:\/\/ekonomist.me\/index.php\/wp-json\/wp\/v2\/categories?post=2728"},{"taxonomy":"post_tag","embeddable":true,"href":"https:\/\/ekonomist.me\/index.php\/wp-json\/wp\/v2\/tags?post=2728"}],"curies":[{"name":"wp","href":"https:\/\/api.w.org\/{rel}","templated":true}]}}