{"id":2482,"date":"2025-05-27T06:40:10","date_gmt":"2025-05-27T06:40:10","guid":{"rendered":"https:\/\/ekonomist.me\/?p=2482"},"modified":"2025-05-27T06:52:16","modified_gmt":"2025-05-27T06:52:16","slug":"smjena-generacija-na-krajnjoj-desnici-bardela-potiskuje-le-pen","status":"publish","type":"post","link":"https:\/\/ekonomist.me\/index.php\/2025\/05\/27\/smjena-generacija-na-krajnjoj-desnici-bardela-potiskuje-le-pen\/","title":{"rendered":"Smjena generacija na krajnjoj desnici: Bardela potiskuje Le Pen"},"content":{"rendered":"\t\t<div data-elementor-type=\"wp-post\" data-elementor-id=\"2482\" class=\"elementor elementor-2482\">\n\t\t\t\t<div class=\"elementor-element elementor-element-2a37b54a e-con-full e-flex wpr-particle-no wpr-jarallax-no wpr-parallax-no wpr-sticky-section-no e-con e-parent\" data-id=\"2a37b54a\" data-element_type=\"container\">\n\t\t<div class=\"elementor-element elementor-element-d2c2a63 e-con-full e-flex wpr-particle-no wpr-jarallax-no wpr-parallax-no wpr-sticky-section-no e-con e-child\" data-id=\"d2c2a63\" data-element_type=\"container\">\n\t\t<div class=\"elementor-element elementor-element-df7e021 e-con-full e-flex wpr-particle-no wpr-jarallax-no wpr-parallax-no wpr-sticky-section-no e-con e-child\" data-id=\"df7e021\" data-element_type=\"container\">\n\t\t\t\t<div class=\"elementor-element elementor-element-c3a1298 elementor-widget elementor-widget-wpr-post-title\" data-id=\"c3a1298\" data-element_type=\"widget\" data-widget_type=\"wpr-post-title.default\">\n\t\t\t\t<div class=\"elementor-widget-container\">\n\t\t\t\t\t<h1 class=\"wpr-post-title\">Smjena generacija na krajnjoj desnici: Bardela potiskuje Le Pen<\/h1>\t\t\t\t<\/div>\n\t\t\t\t<\/div>\n\t\t\t\t<div class=\"elementor-element elementor-element-6e473ff elementor-widget elementor-widget-eael-breadcrumbs\" data-id=\"6e473ff\" data-element_type=\"widget\" data-widget_type=\"eael-breadcrumbs.default\">\n\t\t\t\t<div class=\"elementor-widget-container\">\n\t\t\t\t\t\t\t<div class=\"eael-breadcrumbs\">\n\t\t\t<div class=\"eael-breadcrumbs__content\"><a href=\"https:\/\/ekonomist.me\">Home<\/a> <span class=\"eael-breadcrumb-separator\">\/<\/span> <\/div>\t\t<\/div>\n\t\t\t\t\t\t<\/div>\n\t\t\t\t<\/div>\n\t\t\t\t<div class=\"elementor-element elementor-element-1812683f elementor-widget elementor-widget-text-editor\" data-id=\"1812683f\" data-element_type=\"widget\" data-widget_type=\"text-editor.default\">\n\t\t\t\t<div class=\"elementor-widget-container\">\n\t\t\t\t\t\t\t\t\t<p>Mo\u017ee biti samo jedan lider, a to Marin le Pen vrlo dobro zna. Nekoliko nedjelja nakon \u0161to je osu\u0111ena za pronevjeru i time fakti\u010dki isklju\u010dena iz predsjedni\u010dke trke 2027. godine, liderka krajnje desnice djeluje sve vi\u0161e skrajnuto u korist svog nasljednika, 29-godi\u0161njeg \u017dordana Bardele, predsjednika partije Nacionalno okupljanje.<\/p><p>Nekoliko povoljnih istra\u017eivanja javnog mnjenja za\u00a0\u017dordana Bardelu, uz rastu\u0107u sumnju u politi\u010dku budu\u0107nost\u00a0Marin le Pen, dovela je do toga da se ona sada brani, iako javno i dalje tvrdi da \u0107e se kandidovati po \u010detvrti put za predsjednicu\u00a0Francuske.<\/p><p>&#8220;Po prvi put, oni su potpuno izjedna\u010deni&#8221;, ka\u017ee Frederik Dabi, direktor agencije IFOP. U anketi objavljenoj ove nedjelje, i Le Pen i Bardela dobili su po 31 odsto podr\u0161ke za prvi krug predsjedni\u010dkih izbora iako takve brojke, dvije godine uo\u010di izbora, treba uzeti sa rezervom.<\/p><p>Spremnost bira\u010da da zamene Le Pen Bardelom izaziva nelagodu unutar same partije, s obzirom na istoriju Nacionalnog okupljanja pod \u010deli\u010dnom rukom njenog oca \u017dan-Mari le Pena i nekada\u0161nje borbe za nasljedstvo. Le Pen je pa\u017eljivo raspodijelila uloge u svom okru\u017eenju, uklju\u010duju\u0107i i Bardelinu, upravo da bi izbjegla rivalstva koja su nekada cijepala stranku. Ipak, postavlja se pitanje da li je Bardela spreman za predsjedni\u010dku kampanju. Prvobitno se o\u010dekivalo da se on kandiduje za premijera uz Le Pen, jer francuski predsednik imenuje premijera nakon izbora. Me\u0111utim, zbog sudske presude, sudbina njene kandidature sada zavisi od \u017ealbenog postupka koji \u0107e se odlu\u010divati sljede\u0107eg leta. Zato se Bardela na\u0161ao u neprijatnoj poziciji, odnosno kao u\u010denik koji prerano mora da zamijeni u\u010ditelja koji jo\u0161 nije spreman prepusti tron.<\/p><h2>Napetost u taboru Le Pen<\/h2><p>Za Le Pen, istra\u017eivanja joj ne idu u korist. &#8220;Postoji o\u010digledna sumnja me\u0111u njenim sada\u0161njim i potencijalnim bira\u010dima da li \u0107e uop\u0161te biti u trci 2027&#8221;, ka\u017ee Dabi. U anketi IFOP-a od 12. maja, samo 53 odsto ispitanika vjeruje da \u0107e mo\u0107i da se kandiduje, dok njih 69 odsto misli da \u0107e to mo\u0107i Bardela. Javno, Nacionalno okupljanje poku\u0161ava da ubla\u017ei tenzije. Iako je i sam Bardela priznao da se sada nalazi u centru pa\u017enje, u srijedu je rekao da on i Le Pen &#8220;rade rame uz rame&#8221;. Tako\u0111e je obe\u0107ao da \u0107e podr\u017eati njenu pravnu borbu da se presuda obori, predstavljaju\u0107i je kao udar na demokratiju i uskra\u0107ivanje prava bira\u010dima da biraju svog kandidata.\u00a0<\/p><p>Jedan visoki funkcioner partije, koji je zahtijevao anonimnost, poku\u0161ao je da odbaci tvrdnje da raste napetost izme\u0111u Le Pen i Bardele. &#8220;Mogu da posvedo\u010dim da savr\u0161eno sara\u0111uju&#8221;, rekao je.<\/p><p>Po\u010detkom maja, pristalice Nacionalnog okupljanja bile su ogor\u010dene kada su saznale da je IFOP sproveo opse\u017eno istra\u017eivanje koje je obuhvatalo samo Bardelu kao predsjedni\u010dkog kandidata stranke. Le Pen je dodata tek nakon \u0161to su dva njena bliska saradnika intervenisala.<\/p><p>Istra\u017eivanje je naru\u010dio konzervativni milijarder Pjer-Eduar Steren, veliki donator instituta. Steren, koji je obe\u0107ao milione kako bi preoblikovao francusku politiku po sopstvenim uvjerenjima, navodno nije naklonjen Le Penovoj. On favorizuje desni\u010dare koji imaju liberalnije ekonomske stavove. Le Penov u\u017ei krug vjeruje da je akneta naru\u010dena s ciljem da se ona potisne, a da se prednost da Bardeli, koji ima otvorenije stavove o tr\u017ei\u0161tu.\u00a0<\/p><p>Izvor: Politico<\/p>\t\t\t\t\t\t\t\t<\/div>\n\t\t\t\t<\/div>\n\t\t\t\t<\/div>\n\t\t\t\t<\/div>\n\t\t\t\t<div class=\"elementor-element elementor-element-cc13a3d elementor-widget-divider--view-line elementor-widget elementor-widget-divider\" data-id=\"cc13a3d\" data-element_type=\"widget\" data-widget_type=\"divider.default\">\n\t\t\t\t<div class=\"elementor-widget-container\">\n\t\t\t\t\t\t\t<div class=\"elementor-divider\">\n\t\t\t<span class=\"elementor-divider-separator\">\n\t\t\t\t\t\t<\/span>\n\t\t<\/div>\n\t\t\t\t\t\t<\/div>\n\t\t\t\t<\/div>\n\t\t\t\t<\/div>\n\t\t\t\t<\/div>\n\t\t","protected":false},"excerpt":{"rendered":"<p>Smjena generacija na krajnjoj desnici: Bardela potiskuje Le Pen Home \/ Mo\u017ee biti samo jedan lider, a to Marin le Pen vrlo dobro zna. Nekoliko nedjelja nakon \u0161to je osu\u0111ena za pronevjeru i time fakti\u010dki isklju\u010dena iz predsjedni\u010dke trke 2027. godine, liderka krajnje desnice djeluje sve vi\u0161e skrajnuto u korist svog nasljednika, 29-godi\u0161njeg \u017dordana Bardele, predsjednika partije Nacionalno okupljanje. Nekoliko povoljnih istra\u017eivanja javnog mnjenja za\u00a0\u017dordana Bardelu, uz rastu\u0107u sumnju u politi\u010dku budu\u0107nost\u00a0Marin le Pen, dovela je do toga da se ona sada brani, iako javno i dalje tvrdi da \u0107e se kandidovati po \u010detvrti put za predsjednicu\u00a0Francuske. &#8220;Po prvi put, oni su potpuno izjedna\u010deni&#8221;, ka\u017ee Frederik Dabi, direktor agencije IFOP. U anketi objavljenoj ove nedjelje, i Le Pen i Bardela dobili su po 31 odsto podr\u0161ke za prvi krug predsjedni\u010dkih izbora iako takve brojke, dvije godine uo\u010di izbora, treba uzeti sa rezervom. Spremnost bira\u010da da zamene Le Pen Bardelom izaziva nelagodu unutar same partije, s obzirom na istoriju Nacionalnog okupljanja pod \u010deli\u010dnom rukom njenog oca \u017dan-Mari le Pena i nekada\u0161nje borbe za nasljedstvo. Le Pen je pa\u017eljivo raspodijelila uloge u svom okru\u017eenju, uklju\u010duju\u0107i i Bardelinu, upravo da bi izbjegla rivalstva koja su nekada cijepala stranku. Ipak, postavlja se pitanje da li je Bardela spreman za predsjedni\u010dku kampanju. Prvobitno se o\u010dekivalo da se on kandiduje za premijera uz Le Pen, jer francuski predsednik imenuje premijera nakon izbora. Me\u0111utim, zbog sudske presude, sudbina njene kandidature sada zavisi od \u017ealbenog postupka koji \u0107e se odlu\u010divati sljede\u0107eg leta. Zato se Bardela na\u0161ao u neprijatnoj poziciji, odnosno kao u\u010denik koji prerano mora da zamijeni u\u010ditelja koji jo\u0161 nije spreman prepusti tron. Napetost u taboru Le Pen Za Le Pen, istra\u017eivanja joj ne idu u korist. &#8220;Postoji o\u010digledna sumnja me\u0111u njenim sada\u0161njim i potencijalnim bira\u010dima da li \u0107e uop\u0161te biti u trci 2027&#8221;, ka\u017ee Dabi. U anketi IFOP-a od 12. maja, samo 53 odsto ispitanika vjeruje da \u0107e mo\u0107i da se kandiduje, dok njih 69 odsto misli da \u0107e to mo\u0107i Bardela. Javno, Nacionalno okupljanje poku\u0161ava da ubla\u017ei tenzije. Iako je i sam Bardela priznao da se sada nalazi u centru pa\u017enje, u srijedu je rekao da on i Le Pen &#8220;rade rame uz rame&#8221;. Tako\u0111e je obe\u0107ao da \u0107e podr\u017eati njenu pravnu borbu da se presuda obori, predstavljaju\u0107i je kao udar na demokratiju i uskra\u0107ivanje prava bira\u010dima da biraju svog kandidata.\u00a0 Jedan visoki funkcioner partije, koji je zahtijevao anonimnost, poku\u0161ao je da odbaci tvrdnje da raste napetost izme\u0111u Le Pen i Bardele. &#8220;Mogu da posvedo\u010dim da savr\u0161eno sara\u0111uju&#8221;, rekao je. Po\u010detkom maja, pristalice Nacionalnog okupljanja bile su ogor\u010dene kada su saznale da je IFOP sproveo opse\u017eno istra\u017eivanje koje je obuhvatalo samo Bardelu kao predsjedni\u010dkog kandidata stranke. Le Pen je dodata tek nakon \u0161to su dva njena bliska saradnika intervenisala. Istra\u017eivanje je naru\u010dio konzervativni milijarder Pjer-Eduar Steren, veliki donator instituta. Steren, koji je obe\u0107ao milione kako bi preoblikovao francusku politiku po sopstvenim uvjerenjima, navodno nije naklonjen Le Penovoj. On favorizuje desni\u010dare koji imaju liberalnije ekonomske stavove. Le Penov u\u017ei krug vjeruje da je akneta naru\u010dena s ciljem da se ona potisne, a da se prednost da Bardeli, koji ima otvorenije stavove o tr\u017ei\u0161tu.\u00a0 Izvor: Politico<\/p>\n","protected":false},"author":1,"featured_media":2483,"comment_status":"open","ping_status":"open","sticky":false,"template":"","format":"standard","meta":{"footnotes":""},"categories":[6,9],"tags":[],"class_list":["post-2482","post","type-post","status-publish","format-standard","has-post-thumbnail","hentry","category-ekonomija","category-industrija"],"_links":{"self":[{"href":"https:\/\/ekonomist.me\/index.php\/wp-json\/wp\/v2\/posts\/2482","targetHints":{"allow":["GET"]}}],"collection":[{"href":"https:\/\/ekonomist.me\/index.php\/wp-json\/wp\/v2\/posts"}],"about":[{"href":"https:\/\/ekonomist.me\/index.php\/wp-json\/wp\/v2\/types\/post"}],"author":[{"embeddable":true,"href":"https:\/\/ekonomist.me\/index.php\/wp-json\/wp\/v2\/users\/1"}],"replies":[{"embeddable":true,"href":"https:\/\/ekonomist.me\/index.php\/wp-json\/wp\/v2\/comments?post=2482"}],"version-history":[{"count":10,"href":"https:\/\/ekonomist.me\/index.php\/wp-json\/wp\/v2\/posts\/2482\/revisions"}],"predecessor-version":[{"id":2493,"href":"https:\/\/ekonomist.me\/index.php\/wp-json\/wp\/v2\/posts\/2482\/revisions\/2493"}],"wp:featuredmedia":[{"embeddable":true,"href":"https:\/\/ekonomist.me\/index.php\/wp-json\/wp\/v2\/media\/2483"}],"wp:attachment":[{"href":"https:\/\/ekonomist.me\/index.php\/wp-json\/wp\/v2\/media?parent=2482"}],"wp:term":[{"taxonomy":"category","embeddable":true,"href":"https:\/\/ekonomist.me\/index.php\/wp-json\/wp\/v2\/categories?post=2482"},{"taxonomy":"post_tag","embeddable":true,"href":"https:\/\/ekonomist.me\/index.php\/wp-json\/wp\/v2\/tags?post=2482"}],"curies":[{"name":"wp","href":"https:\/\/api.w.org\/{rel}","templated":true}]}}