{"id":2463,"date":"2025-05-26T07:55:40","date_gmt":"2025-05-26T07:55:40","guid":{"rendered":"https:\/\/ekonomist.me\/?p=2463"},"modified":"2025-05-26T08:02:58","modified_gmt":"2025-05-26T08:02:58","slug":"americkoj-dominaciji-dosao-kraj","status":"publish","type":"post","link":"https:\/\/ekonomist.me\/index.php\/2025\/05\/26\/americkoj-dominaciji-dosao-kraj\/","title":{"rendered":"Ameri\u010dkoj dominaciji do\u0161ao kraj"},"content":{"rendered":"\t\t<div data-elementor-type=\"wp-post\" data-elementor-id=\"2463\" class=\"elementor elementor-2463\">\n\t\t\t\t<div class=\"elementor-element elementor-element-2a37b54a e-con-full e-flex wpr-particle-no wpr-jarallax-no wpr-parallax-no wpr-sticky-section-no e-con e-parent\" data-id=\"2a37b54a\" data-element_type=\"container\">\n\t\t<div class=\"elementor-element elementor-element-d2c2a63 e-con-full e-flex wpr-particle-no wpr-jarallax-no wpr-parallax-no wpr-sticky-section-no e-con e-child\" data-id=\"d2c2a63\" data-element_type=\"container\">\n\t\t<div class=\"elementor-element elementor-element-df7e021 e-con-full e-flex wpr-particle-no wpr-jarallax-no wpr-parallax-no wpr-sticky-section-no e-con e-child\" data-id=\"df7e021\" data-element_type=\"container\">\n\t\t\t\t<div class=\"elementor-element elementor-element-c3a1298 elementor-widget elementor-widget-wpr-post-title\" data-id=\"c3a1298\" data-element_type=\"widget\" data-widget_type=\"wpr-post-title.default\">\n\t\t\t\t<div class=\"elementor-widget-container\">\n\t\t\t\t\t<h1 class=\"wpr-post-title\">Ameri\u010dkoj dominaciji do\u0161ao kraj<\/h1>\t\t\t\t<\/div>\n\t\t\t\t<\/div>\n\t\t\t\t<div class=\"elementor-element elementor-element-6e473ff elementor-widget elementor-widget-eael-breadcrumbs\" data-id=\"6e473ff\" data-element_type=\"widget\" data-widget_type=\"eael-breadcrumbs.default\">\n\t\t\t\t<div class=\"elementor-widget-container\">\n\t\t\t\t\t\t\t<div class=\"eael-breadcrumbs\">\n\t\t\t<div class=\"eael-breadcrumbs__content\"><a href=\"https:\/\/ekonomist.me\">Home<\/a> <span class=\"eael-breadcrumb-separator\">\/<\/span> <\/div>\t\t<\/div>\n\t\t\t\t\t\t<\/div>\n\t\t\t\t<\/div>\n\t\t\t\t<div class=\"elementor-element elementor-element-1812683f elementor-widget elementor-widget-text-editor\" data-id=\"1812683f\" data-element_type=\"widget\" data-widget_type=\"text-editor.default\">\n\t\t\t\t<div class=\"elementor-widget-container\">\n\t\t\t\t\t\t\t\t\t<h3><strong>Trampova Amerika \u0107e raskinuti sa dosada\u0161njom politikom, drugim rije\u010dima, pa\u017eljivo \u0107e birati kada \u0107e koristiti vojnu silu i izbjegava\u0107e u\u010de\u0161\u0107e u beskrajnim sukobima. Ovo je poru\u010dio potpredsjednik SAD D\u017eej Di Vens, govore\u0107i na ceremoniji dodjele diploma u Mornari\u010dkoj akademiji SAD u Merilendu.<\/strong><\/h3><p>\u2013 Doba neosporene ameri\u010dke dominacije je zavr\u0161eno. Moramo biti oprezni kada odlu\u010dujemo da zadamo udarac, ali kada udaramo, udaramo sna\u017eno i odlu\u010dno \u2013 poru\u010dio je diplomcima koji \u0107e postati oficiri, dodaju\u0107i da je Trampova naredba o upotrebi sile protiv Huta u Jemenu dovela do prekida vatre, u okviru dogovora kojim su se pobunjenici obavezali da \u0107e obustaviti napade na ameri\u010dke brodove u Persijskom zalivu, preneo je RT.<\/p><p>Veteran marinskog korpusa D\u017eej Di Vens je rekao i da su neki od prethodnih predsjednika uvla\u010dili SAD u sukobe koji nisu bili klju\u010dni za nacionalnu bezbjednost zemlje. Iako nije imenovao nijednog predsjednika, svojim komentarima je aludirao na D\u017eord\u017ea Bu\u0161a, republikanca koji je pokrenuo ameri\u010dke ratove u Iraku i Avganistanu, kao i na njegovog nasljednika, demokratu Baraka Obamu, koji je nastavio sukobe u Avganistanu. A haoti\u010dno povla\u010denje SAD 2021, tokom predsjedni\u010dkog mandata D\u017eozefa Bajdena, Tramp i dalje o\u0161tro kritikuje.<\/p><p>\u2013 Dugo smo sprovodili spoljnopoliti\u010dki eksperiment u kome smo nacionalni odbranu i savezni\u0161tvo zamijenili izgradnjom nacija i mije\u0161anjem u unutra\u0161nje poslove stranih zemalja \u2013 \u010dak i kada te zemlje nisu imale mnogo veze sa su\u0161tinskim ameri\u010dkim interesima. Nema vi\u0161e nedefinisanih misija, nema vi\u0161e beskona\u010dnih ratova \u2013 poru\u010dio je Vens.<br \/>Dodao je i da su SAD u\u017eivale period dominacije nakon pada Sovjetskog saveza, ali da su ameri\u010dke politike, koje su te\u017eile ekonomskoj integraciji konkurenata SAD, imale suprotan efekat.<\/p><h3><strong>Prvi primer<\/strong><\/h3><p><strong>Rat izme\u0111u Indije i Pakistana bio bi na\u0161a stvar koliko i sva\u0111a na Mjesecu, izjavio je nedavno potpredsjednik SAD i dodao da bi ove dvije zemlje trebalo da smire tenzije, ali da Amerika ne mo\u017ee da kontroli\u0161e nuklearno naoru\u017eane azijske susjede.<\/strong><br \/><strong>\u2013 Mo\u017eemo da poku\u0161amo da ih ohrabrimo da malo popuste, ali ne\u0107emo se uplitati u rat koji nas su\u0161tinski ne doti\u010de i koji nema nikakve veze sa ameri\u010dkom sposobno\u0161\u0107u da i\u0161ta kontroli\u0161e \u2013 rekao je Vens za Foks njuz.<\/strong><\/p>\t\t\t\t\t\t\t\t<\/div>\n\t\t\t\t<\/div>\n\t\t\t\t<\/div>\n\t\t\t\t<\/div>\n\t\t\t\t<div class=\"elementor-element elementor-element-cc13a3d elementor-widget-divider--view-line elementor-widget elementor-widget-divider\" data-id=\"cc13a3d\" data-element_type=\"widget\" data-widget_type=\"divider.default\">\n\t\t\t\t<div class=\"elementor-widget-container\">\n\t\t\t\t\t\t\t<div class=\"elementor-divider\">\n\t\t\t<span class=\"elementor-divider-separator\">\n\t\t\t\t\t\t<\/span>\n\t\t<\/div>\n\t\t\t\t\t\t<\/div>\n\t\t\t\t<\/div>\n\t\t\t\t<\/div>\n\t\t\t\t<\/div>\n\t\t","protected":false},"excerpt":{"rendered":"<p>Ameri\u010dkoj dominaciji do\u0161ao kraj Home \/ Trampova Amerika \u0107e raskinuti sa dosada\u0161njom politikom, drugim rije\u010dima, pa\u017eljivo \u0107e birati kada \u0107e koristiti vojnu silu i izbjegava\u0107e u\u010de\u0161\u0107e u beskrajnim sukobima. Ovo je poru\u010dio potpredsjednik SAD D\u017eej Di Vens, govore\u0107i na ceremoniji dodjele diploma u Mornari\u010dkoj akademiji SAD u Merilendu. \u2013 Doba neosporene ameri\u010dke dominacije je zavr\u0161eno. Moramo biti oprezni kada odlu\u010dujemo da zadamo udarac, ali kada udaramo, udaramo sna\u017eno i odlu\u010dno \u2013 poru\u010dio je diplomcima koji \u0107e postati oficiri, dodaju\u0107i da je Trampova naredba o upotrebi sile protiv Huta u Jemenu dovela do prekida vatre, u okviru dogovora kojim su se pobunjenici obavezali da \u0107e obustaviti napade na ameri\u010dke brodove u Persijskom zalivu, preneo je RT. Veteran marinskog korpusa D\u017eej Di Vens je rekao i da su neki od prethodnih predsjednika uvla\u010dili SAD u sukobe koji nisu bili klju\u010dni za nacionalnu bezbjednost zemlje. Iako nije imenovao nijednog predsjednika, svojim komentarima je aludirao na D\u017eord\u017ea Bu\u0161a, republikanca koji je pokrenuo ameri\u010dke ratove u Iraku i Avganistanu, kao i na njegovog nasljednika, demokratu Baraka Obamu, koji je nastavio sukobe u Avganistanu. A haoti\u010dno povla\u010denje SAD 2021, tokom predsjedni\u010dkog mandata D\u017eozefa Bajdena, Tramp i dalje o\u0161tro kritikuje. \u2013 Dugo smo sprovodili spoljnopoliti\u010dki eksperiment u kome smo nacionalni odbranu i savezni\u0161tvo zamijenili izgradnjom nacija i mije\u0161anjem u unutra\u0161nje poslove stranih zemalja \u2013 \u010dak i kada te zemlje nisu imale mnogo veze sa su\u0161tinskim ameri\u010dkim interesima. Nema vi\u0161e nedefinisanih misija, nema vi\u0161e beskona\u010dnih ratova \u2013 poru\u010dio je Vens.Dodao je i da su SAD u\u017eivale period dominacije nakon pada Sovjetskog saveza, ali da su ameri\u010dke politike, koje su te\u017eile ekonomskoj integraciji konkurenata SAD, imale suprotan efekat. Prvi primer Rat izme\u0111u Indije i Pakistana bio bi na\u0161a stvar koliko i sva\u0111a na Mjesecu, izjavio je nedavno potpredsjednik SAD i dodao da bi ove dvije zemlje trebalo da smire tenzije, ali da Amerika ne mo\u017ee da kontroli\u0161e nuklearno naoru\u017eane azijske susjede.\u2013 Mo\u017eemo da poku\u0161amo da ih ohrabrimo da malo popuste, ali ne\u0107emo se uplitati u rat koji nas su\u0161tinski ne doti\u010de i koji nema nikakve veze sa ameri\u010dkom sposobno\u0161\u0107u da i\u0161ta kontroli\u0161e \u2013 rekao je Vens za Foks njuz.<\/p>\n","protected":false},"author":1,"featured_media":2464,"comment_status":"open","ping_status":"open","sticky":false,"template":"","format":"standard","meta":{"footnotes":""},"categories":[9,6],"tags":[],"class_list":["post-2463","post","type-post","status-publish","format-standard","has-post-thumbnail","hentry","category-industrija","category-ekonomija"],"_links":{"self":[{"href":"https:\/\/ekonomist.me\/index.php\/wp-json\/wp\/v2\/posts\/2463","targetHints":{"allow":["GET"]}}],"collection":[{"href":"https:\/\/ekonomist.me\/index.php\/wp-json\/wp\/v2\/posts"}],"about":[{"href":"https:\/\/ekonomist.me\/index.php\/wp-json\/wp\/v2\/types\/post"}],"author":[{"embeddable":true,"href":"https:\/\/ekonomist.me\/index.php\/wp-json\/wp\/v2\/users\/1"}],"replies":[{"embeddable":true,"href":"https:\/\/ekonomist.me\/index.php\/wp-json\/wp\/v2\/comments?post=2463"}],"version-history":[{"count":7,"href":"https:\/\/ekonomist.me\/index.php\/wp-json\/wp\/v2\/posts\/2463\/revisions"}],"predecessor-version":[{"id":2472,"href":"https:\/\/ekonomist.me\/index.php\/wp-json\/wp\/v2\/posts\/2463\/revisions\/2472"}],"wp:featuredmedia":[{"embeddable":true,"href":"https:\/\/ekonomist.me\/index.php\/wp-json\/wp\/v2\/media\/2464"}],"wp:attachment":[{"href":"https:\/\/ekonomist.me\/index.php\/wp-json\/wp\/v2\/media?parent=2463"}],"wp:term":[{"taxonomy":"category","embeddable":true,"href":"https:\/\/ekonomist.me\/index.php\/wp-json\/wp\/v2\/categories?post=2463"},{"taxonomy":"post_tag","embeddable":true,"href":"https:\/\/ekonomist.me\/index.php\/wp-json\/wp\/v2\/tags?post=2463"}],"curies":[{"name":"wp","href":"https:\/\/api.w.org\/{rel}","templated":true}]}}