{"id":2457,"date":"2025-05-26T07:43:36","date_gmt":"2025-05-26T07:43:36","guid":{"rendered":"https:\/\/ekonomist.me\/?p=2457"},"modified":"2025-05-26T07:46:34","modified_gmt":"2025-05-26T07:46:34","slug":"tramp-cilj-tarifa-nije-proizvodnja-majica-vec-tenkova-i-tehnologije","status":"publish","type":"post","link":"https:\/\/ekonomist.me\/index.php\/2025\/05\/26\/tramp-cilj-tarifa-nije-proizvodnja-majica-vec-tenkova-i-tehnologije\/","title":{"rendered":"Tramp: Cilj tarifa nije proizvodnja majica, ve\u0107 tenkova i tehnologije"},"content":{"rendered":"\t\t<div data-elementor-type=\"wp-post\" data-elementor-id=\"2457\" class=\"elementor elementor-2457\">\n\t\t\t\t<div class=\"elementor-element elementor-element-2a37b54a e-con-full e-flex wpr-particle-no wpr-jarallax-no wpr-parallax-no wpr-sticky-section-no e-con e-parent\" data-id=\"2a37b54a\" data-element_type=\"container\">\n\t\t<div class=\"elementor-element elementor-element-d2c2a63 e-con-full e-flex wpr-particle-no wpr-jarallax-no wpr-parallax-no wpr-sticky-section-no e-con e-child\" data-id=\"d2c2a63\" data-element_type=\"container\">\n\t\t<div class=\"elementor-element elementor-element-df7e021 e-con-full e-flex wpr-particle-no wpr-jarallax-no wpr-parallax-no wpr-sticky-section-no e-con e-child\" data-id=\"df7e021\" data-element_type=\"container\">\n\t\t\t\t<div class=\"elementor-element elementor-element-c3a1298 elementor-widget elementor-widget-wpr-post-title\" data-id=\"c3a1298\" data-element_type=\"widget\" data-widget_type=\"wpr-post-title.default\">\n\t\t\t\t<div class=\"elementor-widget-container\">\n\t\t\t\t\t<h1 class=\"wpr-post-title\">Tramp: Cilj tarifa nije proizvodnja majica, ve\u0107 tenkova i tehnologije<\/h1>\t\t\t\t<\/div>\n\t\t\t\t<\/div>\n\t\t\t\t<div class=\"elementor-element elementor-element-6e473ff elementor-widget elementor-widget-eael-breadcrumbs\" data-id=\"6e473ff\" data-element_type=\"widget\" data-widget_type=\"eael-breadcrumbs.default\">\n\t\t\t\t<div class=\"elementor-widget-container\">\n\t\t\t\t\t\t\t<div class=\"eael-breadcrumbs\">\n\t\t\t<div class=\"eael-breadcrumbs__content\"><a href=\"https:\/\/ekonomist.me\">Home<\/a> <span class=\"eael-breadcrumb-separator\">\/<\/span> <\/div>\t\t<\/div>\n\t\t\t\t\t\t<\/div>\n\t\t\t\t<\/div>\n\t\t\t\t<div class=\"elementor-element elementor-element-1812683f elementor-widget elementor-widget-text-editor\" data-id=\"1812683f\" data-element_type=\"widget\" data-widget_type=\"text-editor.default\">\n\t\t\t\t<div class=\"elementor-widget-container\">\n\t\t\t\t\t\t\t\t\t<p>Ameri\u010dki predsjednik Donald Tramp izjavio je da je cilj njegove tarifne politike ja\u010danje doma\u0107e proizvodnje tenkova i tehnologije, a ne patika i majica, prenose danas agencije.<\/p><p>Kako je prenio Rojters, Tramp je novinarima u Nju D\u017eersiju gdje je proveo ve\u0107i dio vikenda, kazao da se sla\u017ee sa komentarom ministra finansija Skota Besenta da Americi nije neophodna pretjerano razvijena tekstilna industrija, \u0161to je izazvalo kritike nacionalnog Savjeta industrije tekstila. \u201eNama nije cilj da pravimo patike i majice. Mi \u017eelimo da proizvodimo vojnu opremu. \u017delimo da proizvodimo krupne stvari, vje\u0161ta\u010dku inteligenciju, \u010dipove i kompjutere, tenkove i brodove\u201d, kazao je ameri\u010dki predsjednik, prenosi Tanjug.<\/p><p>Predstavnici tekstilne industrije naveli su da tarife nisu dobre za njihov sektor, isti\u010du\u0107i da se ve\u0107 97 odsto odje\u0107e i obu\u0107e u SAD uvozi.<\/p><p>Tramp je u petak ponovo zao\u0161trio svoju retoriku o uvo\u0111enju tarifa, zalo\u017eiv\u0161i se da od 1. juna carine na robu iz EU iznose 50 odsto, ali je potom produ\u017eio taj rok do 9. jula kako bi ostavio jo\u0161 vremena za pregovore sa Unijom, podsjetio je Rojters.<\/p><p>Izvor: Politika<\/p>\t\t\t\t\t\t\t\t<\/div>\n\t\t\t\t<\/div>\n\t\t\t\t<\/div>\n\t\t\t\t<\/div>\n\t\t\t\t<div class=\"elementor-element elementor-element-cc13a3d elementor-widget-divider--view-line elementor-widget elementor-widget-divider\" data-id=\"cc13a3d\" data-element_type=\"widget\" data-widget_type=\"divider.default\">\n\t\t\t\t<div class=\"elementor-widget-container\">\n\t\t\t\t\t\t\t<div class=\"elementor-divider\">\n\t\t\t<span class=\"elementor-divider-separator\">\n\t\t\t\t\t\t<\/span>\n\t\t<\/div>\n\t\t\t\t\t\t<\/div>\n\t\t\t\t<\/div>\n\t\t\t\t<\/div>\n\t\t\t\t<\/div>\n\t\t","protected":false},"excerpt":{"rendered":"<p>Tramp: Cilj tarifa nije proizvodnja majica, ve\u0107 tenkova i tehnologije Home \/ Ameri\u010dki predsjednik Donald Tramp izjavio je da je cilj njegove tarifne politike ja\u010danje doma\u0107e proizvodnje tenkova i tehnologije, a ne patika i majica, prenose danas agencije. Kako je prenio Rojters, Tramp je novinarima u Nju D\u017eersiju gdje je proveo ve\u0107i dio vikenda, kazao da se sla\u017ee sa komentarom ministra finansija Skota Besenta da Americi nije neophodna pretjerano razvijena tekstilna industrija, \u0161to je izazvalo kritike nacionalnog Savjeta industrije tekstila. \u201eNama nije cilj da pravimo patike i majice. Mi \u017eelimo da proizvodimo vojnu opremu. \u017delimo da proizvodimo krupne stvari, vje\u0161ta\u010dku inteligenciju, \u010dipove i kompjutere, tenkove i brodove\u201d, kazao je ameri\u010dki predsjednik, prenosi Tanjug. Predstavnici tekstilne industrije naveli su da tarife nisu dobre za njihov sektor, isti\u010du\u0107i da se ve\u0107 97 odsto odje\u0107e i obu\u0107e u SAD uvozi. Tramp je u petak ponovo zao\u0161trio svoju retoriku o uvo\u0111enju tarifa, zalo\u017eiv\u0161i se da od 1. juna carine na robu iz EU iznose 50 odsto, ali je potom produ\u017eio taj rok do 9. jula kako bi ostavio jo\u0161 vremena za pregovore sa Unijom, podsjetio je Rojters. Izvor: Politika<\/p>\n","protected":false},"author":1,"featured_media":2458,"comment_status":"open","ping_status":"open","sticky":false,"template":"","format":"standard","meta":{"footnotes":""},"categories":[9,6],"tags":[],"class_list":["post-2457","post","type-post","status-publish","format-standard","has-post-thumbnail","hentry","category-industrija","category-ekonomija"],"_links":{"self":[{"href":"https:\/\/ekonomist.me\/index.php\/wp-json\/wp\/v2\/posts\/2457","targetHints":{"allow":["GET"]}}],"collection":[{"href":"https:\/\/ekonomist.me\/index.php\/wp-json\/wp\/v2\/posts"}],"about":[{"href":"https:\/\/ekonomist.me\/index.php\/wp-json\/wp\/v2\/types\/post"}],"author":[{"embeddable":true,"href":"https:\/\/ekonomist.me\/index.php\/wp-json\/wp\/v2\/users\/1"}],"replies":[{"embeddable":true,"href":"https:\/\/ekonomist.me\/index.php\/wp-json\/wp\/v2\/comments?post=2457"}],"version-history":[{"count":4,"href":"https:\/\/ekonomist.me\/index.php\/wp-json\/wp\/v2\/posts\/2457\/revisions"}],"predecessor-version":[{"id":2462,"href":"https:\/\/ekonomist.me\/index.php\/wp-json\/wp\/v2\/posts\/2457\/revisions\/2462"}],"wp:featuredmedia":[{"embeddable":true,"href":"https:\/\/ekonomist.me\/index.php\/wp-json\/wp\/v2\/media\/2458"}],"wp:attachment":[{"href":"https:\/\/ekonomist.me\/index.php\/wp-json\/wp\/v2\/media?parent=2457"}],"wp:term":[{"taxonomy":"category","embeddable":true,"href":"https:\/\/ekonomist.me\/index.php\/wp-json\/wp\/v2\/categories?post=2457"},{"taxonomy":"post_tag","embeddable":true,"href":"https:\/\/ekonomist.me\/index.php\/wp-json\/wp\/v2\/tags?post=2457"}],"curies":[{"name":"wp","href":"https:\/\/api.w.org\/{rel}","templated":true}]}}