{"id":2351,"date":"2025-05-24T07:22:05","date_gmt":"2025-05-24T07:22:05","guid":{"rendered":"https:\/\/ekonomist.me\/?p=2351"},"modified":"2025-05-24T07:23:56","modified_gmt":"2025-05-24T07:23:56","slug":"evropska-unija-odgovorila-na-trampovu-prijetnju-carinama","status":"publish","type":"post","link":"https:\/\/ekonomist.me\/index.php\/2025\/05\/24\/evropska-unija-odgovorila-na-trampovu-prijetnju-carinama\/","title":{"rendered":"Evropska unija odgovorila na Trampovu prijetnju carinama"},"content":{"rendered":"\t\t<div data-elementor-type=\"wp-post\" data-elementor-id=\"2351\" class=\"elementor elementor-2351\">\n\t\t\t\t<div class=\"elementor-element elementor-element-2a37b54a e-con-full e-flex wpr-particle-no wpr-jarallax-no wpr-parallax-no wpr-sticky-section-no e-con e-parent\" data-id=\"2a37b54a\" data-element_type=\"container\">\n\t\t<div class=\"elementor-element elementor-element-d2c2a63 e-con-full e-flex wpr-particle-no wpr-jarallax-no wpr-parallax-no wpr-sticky-section-no e-con e-child\" data-id=\"d2c2a63\" data-element_type=\"container\">\n\t\t<div class=\"elementor-element elementor-element-df7e021 e-con-full e-flex wpr-particle-no wpr-jarallax-no wpr-parallax-no wpr-sticky-section-no e-con e-child\" data-id=\"df7e021\" data-element_type=\"container\">\n\t\t\t\t<div class=\"elementor-element elementor-element-c3a1298 elementor-widget elementor-widget-wpr-post-title\" data-id=\"c3a1298\" data-element_type=\"widget\" data-widget_type=\"wpr-post-title.default\">\n\t\t\t\t<div class=\"elementor-widget-container\">\n\t\t\t\t\t<h1 class=\"wpr-post-title\">Evropska unija odgovorila na Trampovu prijetnju carinama<\/h1>\t\t\t\t<\/div>\n\t\t\t\t<\/div>\n\t\t\t\t<div class=\"elementor-element elementor-element-6e473ff elementor-widget elementor-widget-eael-breadcrumbs\" data-id=\"6e473ff\" data-element_type=\"widget\" data-widget_type=\"eael-breadcrumbs.default\">\n\t\t\t\t<div class=\"elementor-widget-container\">\n\t\t\t\t\t\t\t<div class=\"eael-breadcrumbs\">\n\t\t\t<div class=\"eael-breadcrumbs__content\"><a href=\"https:\/\/ekonomist.me\">Home<\/a> <span class=\"eael-breadcrumb-separator\">\/<\/span> <\/div>\t\t<\/div>\n\t\t\t\t\t\t<\/div>\n\t\t\t\t<\/div>\n\t\t\t\t<div class=\"elementor-element elementor-element-1812683f elementor-widget elementor-widget-text-editor\" data-id=\"1812683f\" data-element_type=\"widget\" data-widget_type=\"text-editor.default\">\n\t\t\t\t<div class=\"elementor-widget-container\">\n\t\t\t\t\t\t\t\t\t<p data-start=\"265\" data-end=\"602\">Evropska unija djeluje \u201eu dobroj namjeri\u201c kako bi obezbijedila sprovo\u0111enje trgovinskog sporazuma sa Sjedinjenim Ameri\u010dkim Dr\u017eavama koji se temelji na \u201euzajamnom po\u0161tovanju\u201c, a ne na \u201eprijetnjama\u201c, izjavio je evropski komesar za trgovinu Maro\u0161 \u0160ef\u010dovi\u0107, reaguju\u0107i na komentare Donalda Trampa o mogu\u0107em uvo\u0111enju carina od 50%.<\/p><p data-start=\"604\" data-end=\"779\">Ameri\u010dki predsjednik je poru\u010dio da ne \u201etra\u017ei trgovinski sporazum\u201c sa Evropskom unijom, uz prijetnju uvo\u0111enja carina od 50% na uvoz iz svih 27 dr\u017eava \u010dlanica, po\u010dev od 1. juna.<\/p><hr data-start=\"781\" data-end=\"784\" \/><h3 data-start=\"786\" data-end=\"834\">\u0160ef\u010dovi\u0107 poziva na dijalog umjesto prijetnji<\/h3><p data-start=\"836\" data-end=\"1085\">\u201eEU je u potpunosti anga\u017eovana i odlu\u010dna da obezbijedi dogovor koji funkcioni\u0161e za obje strane\u201c, napisao je Maro\u0161 \u0160ef\u010dovi\u0107 na mre\u017ei X, nakon razgovora sa ameri\u010dkim trgovinskim predstavnikom Jamiesonom Greerom i ministrom trgovine Howardom Lutnickom.<\/p><p data-start=\"1087\" data-end=\"1250\">\u201eTrgovina izme\u0111u EU-a i SAD-a mora se zasnivati na me\u0111usobnom po\u0161tovanju, a ne na prijetnjama. Spremni smo da branimo svoje interese\u201c, poru\u010dio je evropski komesar.<\/p><hr data-start=\"1252\" data-end=\"1255\" \/><h3 data-start=\"1257\" data-end=\"1302\">EU spremna da uzvrati sopstvenim carinama<\/h3><p data-start=\"1304\" data-end=\"1520\">Evropska unija je po\u010detkom maja zaprijetila uvo\u0111enjem carina na ameri\u010dki uvoz u vrijednosti od 95 milijardi dolara, uklju\u010duju\u0107i automobile i avione, ukoliko trgovinski pregovori sa Trampovom administracijom propadnu.<\/p><p data-start=\"1522\" data-end=\"1659\">Evropska komisija je tako\u0111e najavila da \u0107e trgovinske mjere koje SAD uvodi protiv nje prijaviti Svjetskoj trgovinskoj organizaciji (WTO).<\/p><hr data-start=\"1661\" data-end=\"1664\" \/><h3 data-start=\"1666\" data-end=\"1700\">Eskalacija trgovinskih tenzija<\/h3><p data-start=\"1702\" data-end=\"1913\">Tokom proteklih mjeseci, EU je tri puta bila pogo\u0111ena carinama ameri\u010dke administracije: 25% na \u010delik i aluminijum (najavljeno sredinom marta), 25% na automobile, te 20% na sve ostale evropske proizvode u aprilu.<\/p><p data-start=\"1915\" data-end=\"2097\">Posljednje najavljene carine privremeno su suspendovane do jula radi omogu\u0107avanja pregovora, ali se carine od 10% i dalje primjenjuju na ve\u0107inu robe koju zemlje \u010dlanice izvoze u SAD.<\/p><p data-start=\"2099\" data-end=\"2271\">Donald Tramp redovno kritikuje Evropu otkako je u drugom mandatu ponovo preuzeo Bijelu ku\u0107u, tvrde\u0107i da je \u2013 kako ka\u017ee \u2013 \u201egora od Kine\u201c kada su u pitanju trgovinski odnosi.<\/p><hr data-start=\"2273\" data-end=\"2276\" \/><h3 data-start=\"2278\" data-end=\"2316\">Sporna brojka trgovinskog deficita<\/h3><p data-start=\"2318\" data-end=\"2590\">Sjedinjene Dr\u017eave procjenjuju da je njihov trgovinski deficit sa EU u razmjeni robe iznosio 235 milijardi dolara u 2024. godini, dok Evropska komisija isti\u010de da suficit SAD-a u uslugama zna\u010dajno smanjuje taj broj \u2013 na oko 50 milijardi eura (pribli\u017eno 57 milijardi dolara).<\/p><p data-start=\"2318\" data-end=\"2590\">Izvor: Aljazeera<\/p>\t\t\t\t\t\t\t\t<\/div>\n\t\t\t\t<\/div>\n\t\t\t\t<\/div>\n\t\t\t\t<\/div>\n\t\t\t\t<div class=\"elementor-element elementor-element-cc13a3d elementor-widget-divider--view-line elementor-widget elementor-widget-divider\" data-id=\"cc13a3d\" data-element_type=\"widget\" data-widget_type=\"divider.default\">\n\t\t\t\t<div class=\"elementor-widget-container\">\n\t\t\t\t\t\t\t<div class=\"elementor-divider\">\n\t\t\t<span class=\"elementor-divider-separator\">\n\t\t\t\t\t\t<\/span>\n\t\t<\/div>\n\t\t\t\t\t\t<\/div>\n\t\t\t\t<\/div>\n\t\t\t\t<\/div>\n\t\t\t\t<\/div>\n\t\t","protected":false},"excerpt":{"rendered":"<p>Evropska unija odgovorila na Trampovu prijetnju carinama Home \/ Evropska unija djeluje \u201eu dobroj namjeri\u201c kako bi obezbijedila sprovo\u0111enje trgovinskog sporazuma sa Sjedinjenim Ameri\u010dkim Dr\u017eavama koji se temelji na \u201euzajamnom po\u0161tovanju\u201c, a ne na \u201eprijetnjama\u201c, izjavio je evropski komesar za trgovinu Maro\u0161 \u0160ef\u010dovi\u0107, reaguju\u0107i na komentare Donalda Trampa o mogu\u0107em uvo\u0111enju carina od 50%. Ameri\u010dki predsjednik je poru\u010dio da ne \u201etra\u017ei trgovinski sporazum\u201c sa Evropskom unijom, uz prijetnju uvo\u0111enja carina od 50% na uvoz iz svih 27 dr\u017eava \u010dlanica, po\u010dev od 1. juna. \u0160ef\u010dovi\u0107 poziva na dijalog umjesto prijetnji \u201eEU je u potpunosti anga\u017eovana i odlu\u010dna da obezbijedi dogovor koji funkcioni\u0161e za obje strane\u201c, napisao je Maro\u0161 \u0160ef\u010dovi\u0107 na mre\u017ei X, nakon razgovora sa ameri\u010dkim trgovinskim predstavnikom Jamiesonom Greerom i ministrom trgovine Howardom Lutnickom. \u201eTrgovina izme\u0111u EU-a i SAD-a mora se zasnivati na me\u0111usobnom po\u0161tovanju, a ne na prijetnjama. Spremni smo da branimo svoje interese\u201c, poru\u010dio je evropski komesar. EU spremna da uzvrati sopstvenim carinama Evropska unija je po\u010detkom maja zaprijetila uvo\u0111enjem carina na ameri\u010dki uvoz u vrijednosti od 95 milijardi dolara, uklju\u010duju\u0107i automobile i avione, ukoliko trgovinski pregovori sa Trampovom administracijom propadnu. Evropska komisija je tako\u0111e najavila da \u0107e trgovinske mjere koje SAD uvodi protiv nje prijaviti Svjetskoj trgovinskoj organizaciji (WTO). Eskalacija trgovinskih tenzija Tokom proteklih mjeseci, EU je tri puta bila pogo\u0111ena carinama ameri\u010dke administracije: 25% na \u010delik i aluminijum (najavljeno sredinom marta), 25% na automobile, te 20% na sve ostale evropske proizvode u aprilu. Posljednje najavljene carine privremeno su suspendovane do jula radi omogu\u0107avanja pregovora, ali se carine od 10% i dalje primjenjuju na ve\u0107inu robe koju zemlje \u010dlanice izvoze u SAD. Donald Tramp redovno kritikuje Evropu otkako je u drugom mandatu ponovo preuzeo Bijelu ku\u0107u, tvrde\u0107i da je \u2013 kako ka\u017ee \u2013 \u201egora od Kine\u201c kada su u pitanju trgovinski odnosi. Sporna brojka trgovinskog deficita Sjedinjene Dr\u017eave procjenjuju da je njihov trgovinski deficit sa EU u razmjeni robe iznosio 235 milijardi dolara u 2024. godini, dok Evropska komisija isti\u010de da suficit SAD-a u uslugama zna\u010dajno smanjuje taj broj \u2013 na oko 50 milijardi eura (pribli\u017eno 57 milijardi dolara). Izvor: Aljazeera<\/p>\n","protected":false},"author":1,"featured_media":2246,"comment_status":"open","ping_status":"open","sticky":false,"template":"","format":"standard","meta":{"footnotes":""},"categories":[6],"tags":[],"class_list":["post-2351","post","type-post","status-publish","format-standard","has-post-thumbnail","hentry","category-ekonomija"],"_links":{"self":[{"href":"https:\/\/ekonomist.me\/index.php\/wp-json\/wp\/v2\/posts\/2351","targetHints":{"allow":["GET"]}}],"collection":[{"href":"https:\/\/ekonomist.me\/index.php\/wp-json\/wp\/v2\/posts"}],"about":[{"href":"https:\/\/ekonomist.me\/index.php\/wp-json\/wp\/v2\/types\/post"}],"author":[{"embeddable":true,"href":"https:\/\/ekonomist.me\/index.php\/wp-json\/wp\/v2\/users\/1"}],"replies":[{"embeddable":true,"href":"https:\/\/ekonomist.me\/index.php\/wp-json\/wp\/v2\/comments?post=2351"}],"version-history":[{"count":4,"href":"https:\/\/ekonomist.me\/index.php\/wp-json\/wp\/v2\/posts\/2351\/revisions"}],"predecessor-version":[{"id":2355,"href":"https:\/\/ekonomist.me\/index.php\/wp-json\/wp\/v2\/posts\/2351\/revisions\/2355"}],"wp:featuredmedia":[{"embeddable":true,"href":"https:\/\/ekonomist.me\/index.php\/wp-json\/wp\/v2\/media\/2246"}],"wp:attachment":[{"href":"https:\/\/ekonomist.me\/index.php\/wp-json\/wp\/v2\/media?parent=2351"}],"wp:term":[{"taxonomy":"category","embeddable":true,"href":"https:\/\/ekonomist.me\/index.php\/wp-json\/wp\/v2\/categories?post=2351"},{"taxonomy":"post_tag","embeddable":true,"href":"https:\/\/ekonomist.me\/index.php\/wp-json\/wp\/v2\/tags?post=2351"}],"curies":[{"name":"wp","href":"https:\/\/api.w.org\/{rel}","templated":true}]}}