{"id":2345,"date":"2025-05-23T07:30:10","date_gmt":"2025-05-23T07:30:10","guid":{"rendered":"https:\/\/ekonomist.me\/?p=2345"},"modified":"2025-05-23T07:32:01","modified_gmt":"2025-05-23T07:32:01","slug":"devet-drzava-eu-pozvalo-na-preispitavanje-tumacenja-evropske-konvencije-o-ljudskim-pravima","status":"publish","type":"post","link":"https:\/\/ekonomist.me\/index.php\/2025\/05\/23\/devet-drzava-eu-pozvalo-na-preispitavanje-tumacenja-evropske-konvencije-o-ljudskim-pravima\/","title":{"rendered":"Devet dr\u017eava EU pozvalo na preispitavanje tuma\u010denja Evropske konvencije o ljudskim pravima"},"content":{"rendered":"\t\t<div data-elementor-type=\"wp-post\" data-elementor-id=\"2345\" class=\"elementor elementor-2345\">\n\t\t\t\t<div class=\"elementor-element elementor-element-2a37b54a e-con-full e-flex wpr-particle-no wpr-jarallax-no wpr-parallax-no wpr-sticky-section-no e-con e-parent\" data-id=\"2a37b54a\" data-element_type=\"container\">\n\t\t<div class=\"elementor-element elementor-element-d2c2a63 e-con-full e-flex wpr-particle-no wpr-jarallax-no wpr-parallax-no wpr-sticky-section-no e-con e-child\" data-id=\"d2c2a63\" data-element_type=\"container\">\n\t\t<div class=\"elementor-element elementor-element-df7e021 e-con-full e-flex wpr-particle-no wpr-jarallax-no wpr-parallax-no wpr-sticky-section-no e-con e-child\" data-id=\"df7e021\" data-element_type=\"container\">\n\t\t\t\t<div class=\"elementor-element elementor-element-c3a1298 elementor-widget elementor-widget-wpr-post-title\" data-id=\"c3a1298\" data-element_type=\"widget\" data-widget_type=\"wpr-post-title.default\">\n\t\t\t\t<div class=\"elementor-widget-container\">\n\t\t\t\t\t<h1 class=\"wpr-post-title\">Devet dr\u017eava EU pozvalo na preispitavanje tuma\u010denja Evropske konvencije o ljudskim pravima<\/h1>\t\t\t\t<\/div>\n\t\t\t\t<\/div>\n\t\t\t\t<div class=\"elementor-element elementor-element-6e473ff elementor-widget elementor-widget-eael-breadcrumbs\" data-id=\"6e473ff\" data-element_type=\"widget\" data-widget_type=\"eael-breadcrumbs.default\">\n\t\t\t\t<div class=\"elementor-widget-container\">\n\t\t\t\t\t\t\t<div class=\"eael-breadcrumbs\">\n\t\t\t<div class=\"eael-breadcrumbs__content\"><a href=\"https:\/\/ekonomist.me\">Home<\/a> <span class=\"eael-breadcrumb-separator\">\/<\/span> <\/div>\t\t<\/div>\n\t\t\t\t\t\t<\/div>\n\t\t\t\t<\/div>\n\t\t\t\t<div class=\"elementor-element elementor-element-1812683f elementor-widget elementor-widget-text-editor\" data-id=\"1812683f\" data-element_type=\"widget\" data-widget_type=\"text-editor.default\">\n\t\t\t\t<div class=\"elementor-widget-container\">\n\t\t\t\t\t\t\t\t\t<p>RIM &#8211; Italija i jo\u0161 osam evropskih dr\u017eava, uklju\u010duju\u0107i Dansku i Poljsku, objavile su otvoreno pismo u kojem pozivaju na preispitivanje tuma\u010denja Evropske konvencije o ljudskim pravima, posebno u pogledu migracija.<\/p><p>\u201e\u017delimo da iskoristimo na\u0161 demokratski mandat da pokrenemo novu, otvorenu diskusiju o tuma\u010denju Evropske konvencije o ljudskim pravima. Moramo da vratimo pravu ravnote\u017eu. I na\u0161e zemlje \u0107e zajedno raditi na ostvarivanju ove ambicije\u201d, navodi se u tekstu, koji je objavio kabiner italijanske premijerke \u0110or\u0111e Meloni.<\/p><p>Dokument je objavljen posle sastanka u Rimu \u0110or\u0111e Meloni i danske premijerke Mete Frederiksen. Potpisali su ga i lideri Austrije, Belgije, Estonije, Letonije, Litvanije, Poljske i \u010ce\u0161ke, prenosi Beta-AFP.<\/p><p>\u201ePripadamo razli\u010ditim politi\u010dkim porodicama i poti\u010demo iz razli\u010ditih politi\u010dkih tradicija. Ali je neophodno pokrenuti diskusiju o tome kako me\u0111unarodne konvencije odgovaraju na izazove sa kojima se danas suo\u010davamo\u201d, naveli su potpisnici.<\/p>\t\t\t\t\t\t\t\t<\/div>\n\t\t\t\t<\/div>\n\t\t\t\t<\/div>\n\t\t\t\t<\/div>\n\t\t\t\t<div class=\"elementor-element elementor-element-cc13a3d elementor-widget-divider--view-line elementor-widget elementor-widget-divider\" data-id=\"cc13a3d\" data-element_type=\"widget\" data-widget_type=\"divider.default\">\n\t\t\t\t<div class=\"elementor-widget-container\">\n\t\t\t\t\t\t\t<div class=\"elementor-divider\">\n\t\t\t<span class=\"elementor-divider-separator\">\n\t\t\t\t\t\t<\/span>\n\t\t<\/div>\n\t\t\t\t\t\t<\/div>\n\t\t\t\t<\/div>\n\t\t\t\t<\/div>\n\t\t\t\t<\/div>\n\t\t","protected":false},"excerpt":{"rendered":"<p>Devet dr\u017eava EU pozvalo na preispitavanje tuma\u010denja Evropske konvencije o ljudskim pravima Home \/ RIM &#8211; Italija i jo\u0161 osam evropskih dr\u017eava, uklju\u010duju\u0107i Dansku i Poljsku, objavile su otvoreno pismo u kojem pozivaju na preispitivanje tuma\u010denja Evropske konvencije o ljudskim pravima, posebno u pogledu migracija. \u201e\u017delimo da iskoristimo na\u0161 demokratski mandat da pokrenemo novu, otvorenu diskusiju o tuma\u010denju Evropske konvencije o ljudskim pravima. Moramo da vratimo pravu ravnote\u017eu. I na\u0161e zemlje \u0107e zajedno raditi na ostvarivanju ove ambicije\u201d, navodi se u tekstu, koji je objavio kabiner italijanske premijerke \u0110or\u0111e Meloni. Dokument je objavljen posle sastanka u Rimu \u0110or\u0111e Meloni i danske premijerke Mete Frederiksen. Potpisali su ga i lideri Austrije, Belgije, Estonije, Letonije, Litvanije, Poljske i \u010ce\u0161ke, prenosi Beta-AFP. \u201ePripadamo razli\u010ditim politi\u010dkim porodicama i poti\u010demo iz razli\u010ditih politi\u010dkih tradicija. Ali je neophodno pokrenuti diskusiju o tome kako me\u0111unarodne konvencije odgovaraju na izazove sa kojima se danas suo\u010davamo\u201d, naveli su potpisnici.<\/p>\n","protected":false},"author":1,"featured_media":2346,"comment_status":"open","ping_status":"open","sticky":false,"template":"","format":"standard","meta":{"footnotes":""},"categories":[9],"tags":[],"class_list":["post-2345","post","type-post","status-publish","format-standard","has-post-thumbnail","hentry","category-industrija"],"_links":{"self":[{"href":"https:\/\/ekonomist.me\/index.php\/wp-json\/wp\/v2\/posts\/2345","targetHints":{"allow":["GET"]}}],"collection":[{"href":"https:\/\/ekonomist.me\/index.php\/wp-json\/wp\/v2\/posts"}],"about":[{"href":"https:\/\/ekonomist.me\/index.php\/wp-json\/wp\/v2\/types\/post"}],"author":[{"embeddable":true,"href":"https:\/\/ekonomist.me\/index.php\/wp-json\/wp\/v2\/users\/1"}],"replies":[{"embeddable":true,"href":"https:\/\/ekonomist.me\/index.php\/wp-json\/wp\/v2\/comments?post=2345"}],"version-history":[{"count":4,"href":"https:\/\/ekonomist.me\/index.php\/wp-json\/wp\/v2\/posts\/2345\/revisions"}],"predecessor-version":[{"id":2350,"href":"https:\/\/ekonomist.me\/index.php\/wp-json\/wp\/v2\/posts\/2345\/revisions\/2350"}],"wp:featuredmedia":[{"embeddable":true,"href":"https:\/\/ekonomist.me\/index.php\/wp-json\/wp\/v2\/media\/2346"}],"wp:attachment":[{"href":"https:\/\/ekonomist.me\/index.php\/wp-json\/wp\/v2\/media?parent=2345"}],"wp:term":[{"taxonomy":"category","embeddable":true,"href":"https:\/\/ekonomist.me\/index.php\/wp-json\/wp\/v2\/categories?post=2345"},{"taxonomy":"post_tag","embeddable":true,"href":"https:\/\/ekonomist.me\/index.php\/wp-json\/wp\/v2\/tags?post=2345"}],"curies":[{"name":"wp","href":"https:\/\/api.w.org\/{rel}","templated":true}]}}