{"id":2286,"date":"2025-05-21T08:46:00","date_gmt":"2025-05-21T08:46:00","guid":{"rendered":"https:\/\/ekonomist.me\/?p=2286"},"modified":"2025-05-21T08:49:33","modified_gmt":"2025-05-21T08:49:33","slug":"primjer-politicke-odgovornosti-ministar-podnio-ostavku-zbog-neprimjerenih-izjava-o-pirincu","status":"publish","type":"post","link":"https:\/\/ekonomist.me\/index.php\/2025\/05\/21\/primjer-politicke-odgovornosti-ministar-podnio-ostavku-zbog-neprimjerenih-izjava-o-pirincu\/","title":{"rendered":"Primjer politi\u010dke odgovornosti: Ministar podnio ostavku zbog neprimjerenih izjava o pirin\u010du"},"content":{"rendered":"\t\t<div data-elementor-type=\"wp-post\" data-elementor-id=\"2286\" class=\"elementor elementor-2286\">\n\t\t\t\t<div class=\"elementor-element elementor-element-2a37b54a e-con-full e-flex wpr-particle-no wpr-jarallax-no wpr-parallax-no wpr-sticky-section-no e-con e-parent\" data-id=\"2a37b54a\" data-element_type=\"container\">\n\t\t<div class=\"elementor-element elementor-element-d2c2a63 e-con-full e-flex wpr-particle-no wpr-jarallax-no wpr-parallax-no wpr-sticky-section-no e-con e-child\" data-id=\"d2c2a63\" data-element_type=\"container\">\n\t\t<div class=\"elementor-element elementor-element-df7e021 e-con-full e-flex wpr-particle-no wpr-jarallax-no wpr-parallax-no wpr-sticky-section-no e-con e-child\" data-id=\"df7e021\" data-element_type=\"container\">\n\t\t\t\t<div class=\"elementor-element elementor-element-c3a1298 elementor-widget elementor-widget-wpr-post-title\" data-id=\"c3a1298\" data-element_type=\"widget\" data-widget_type=\"wpr-post-title.default\">\n\t\t\t\t<div class=\"elementor-widget-container\">\n\t\t\t\t\t<h1 class=\"wpr-post-title\">Primjer politi\u010dke odgovornosti: Ministar podnio ostavku zbog neprimjerenih izjava o pirin\u010du<\/h1>\t\t\t\t<\/div>\n\t\t\t\t<\/div>\n\t\t\t\t<div class=\"elementor-element elementor-element-6e473ff elementor-widget elementor-widget-eael-breadcrumbs\" data-id=\"6e473ff\" data-element_type=\"widget\" data-widget_type=\"eael-breadcrumbs.default\">\n\t\t\t\t<div class=\"elementor-widget-container\">\n\t\t\t\t\t\t\t<div class=\"eael-breadcrumbs\">\n\t\t\t<div class=\"eael-breadcrumbs__content\"><a href=\"https:\/\/ekonomist.me\">Home<\/a> <span class=\"eael-breadcrumb-separator\">\/<\/span> <\/div>\t\t<\/div>\n\t\t\t\t\t\t<\/div>\n\t\t\t\t<\/div>\n\t\t\t\t<div class=\"elementor-element elementor-element-1812683f elementor-widget elementor-widget-text-editor\" data-id=\"1812683f\" data-element_type=\"widget\" data-widget_type=\"text-editor.default\">\n\t\t\t\t<div class=\"elementor-widget-container\">\n\t\t\t\t\t\t\t\t\t<h3><strong>Japanski ministar poljoprivrede Taku Eto podnio je ostavku nakon reakcija javnosti i politi\u010dara na njegove sporne komentare o pirin\u010du.<\/strong><\/h3><p>Eto je izazvao osude nakon \u0161to je tokom vikenda na politi\u010dkom skupu rekao da nikada nije morao da kupuje pirina\u010d jer ga dobija kao poklon od pristalica.<\/p><p>Ta izjava izazvala je posebnu ogor\u010denost me\u0111u gra\u0111anima, budu\u0107i da su cijene pirin\u010da gotovo udvostru\u010dene u odnosu na pro\u0161lu godinu zbog lo\u0161e \u017eetve i pove\u0107ane potra\u017enje usljed dolaska turista, prenio je Rojters.<\/p><p>\u201cDao sam izuzetno neprimjerenu izjavu u trenutku kada gra\u0111ani trpe zbog rastu\u0107ih cijena pirin\u010da\u201d, rekao je Eto novinarima nakon \u0161to je podnio ostavku premijeru Sigeru I\u0161ibi.<\/p><p>Prema izvje\u0161tajima nacionalne televizije NHK i drugih medija, biv\u0161i ministar za za\u0161titu \u017eivotne sredine \u0160ind\u017eiro Koizumi imenovan je za novog ministra poljoprivrede, prenio je Kjodo.<\/p><p>On je rekao da \u0107e mu prioritet biti ubla\u017eavanje zabrinutosti javnosti zbog rasta cijena pirin\u010da.<\/p><p>Premijer I\u0161iba rekao je da preuzima punu odgovornost za postavljanje Eta na funkciju i priznao da jo\u0161 nije odlu\u010dio o dugoro\u010dnom nasljedniku.<\/p><p>Prema istra\u017eivanju agencije Kjodo koje je sprovedeno u nedjelju, podr\u0161ka vladi pala je na rekordno niskih 27,4 odsto, dok je gotovo 90 odsto ispitanika izrazilo nezadovoljstvo na\u010dinom na koji vlada reaguje na krizu sa cijenama pirin\u010da.<\/p><p>\u201cOstavka ministra Eta bila je neizbje\u017ena od trenutka kada je gaf postao javan. Reakcija premijera I\u0161ibe bila je prespora, \u0161to je jo\u0161 jednom pokazalo nedostatak njegovog liderstva\u201d, ocijenio je profesor politi\u010dkih nauka sa Univerziteta Hosei u Tokiju, Hiro\u0161i \u0160iratori.<\/p><p>\u00a0<\/p><p>Izvor: Vesti online<\/p>\t\t\t\t\t\t\t\t<\/div>\n\t\t\t\t<\/div>\n\t\t\t\t<\/div>\n\t\t\t\t<\/div>\n\t\t\t\t<div class=\"elementor-element elementor-element-cc13a3d elementor-widget-divider--view-line elementor-widget elementor-widget-divider\" data-id=\"cc13a3d\" data-element_type=\"widget\" data-widget_type=\"divider.default\">\n\t\t\t\t<div class=\"elementor-widget-container\">\n\t\t\t\t\t\t\t<div class=\"elementor-divider\">\n\t\t\t<span class=\"elementor-divider-separator\">\n\t\t\t\t\t\t<\/span>\n\t\t<\/div>\n\t\t\t\t\t\t<\/div>\n\t\t\t\t<\/div>\n\t\t\t\t<\/div>\n\t\t\t\t<\/div>\n\t\t","protected":false},"excerpt":{"rendered":"<p>Primjer politi\u010dke odgovornosti: Ministar podnio ostavku zbog neprimjerenih izjava o pirin\u010du Home \/ Japanski ministar poljoprivrede Taku Eto podnio je ostavku nakon reakcija javnosti i politi\u010dara na njegove sporne komentare o pirin\u010du. Eto je izazvao osude nakon \u0161to je tokom vikenda na politi\u010dkom skupu rekao da nikada nije morao da kupuje pirina\u010d jer ga dobija kao poklon od pristalica. Ta izjava izazvala je posebnu ogor\u010denost me\u0111u gra\u0111anima, budu\u0107i da su cijene pirin\u010da gotovo udvostru\u010dene u odnosu na pro\u0161lu godinu zbog lo\u0161e \u017eetve i pove\u0107ane potra\u017enje usljed dolaska turista, prenio je Rojters. \u201cDao sam izuzetno neprimjerenu izjavu u trenutku kada gra\u0111ani trpe zbog rastu\u0107ih cijena pirin\u010da\u201d, rekao je Eto novinarima nakon \u0161to je podnio ostavku premijeru Sigeru I\u0161ibi. Prema izvje\u0161tajima nacionalne televizije NHK i drugih medija, biv\u0161i ministar za za\u0161titu \u017eivotne sredine \u0160ind\u017eiro Koizumi imenovan je za novog ministra poljoprivrede, prenio je Kjodo. On je rekao da \u0107e mu prioritet biti ubla\u017eavanje zabrinutosti javnosti zbog rasta cijena pirin\u010da. Premijer I\u0161iba rekao je da preuzima punu odgovornost za postavljanje Eta na funkciju i priznao da jo\u0161 nije odlu\u010dio o dugoro\u010dnom nasljedniku. Prema istra\u017eivanju agencije Kjodo koje je sprovedeno u nedjelju, podr\u0161ka vladi pala je na rekordno niskih 27,4 odsto, dok je gotovo 90 odsto ispitanika izrazilo nezadovoljstvo na\u010dinom na koji vlada reaguje na krizu sa cijenama pirin\u010da. \u201cOstavka ministra Eta bila je neizbje\u017ena od trenutka kada je gaf postao javan. Reakcija premijera I\u0161ibe bila je prespora, \u0161to je jo\u0161 jednom pokazalo nedostatak njegovog liderstva\u201d, ocijenio je profesor politi\u010dkih nauka sa Univerziteta Hosei u Tokiju, Hiro\u0161i \u0160iratori. \u00a0 Izvor: Vesti online<\/p>\n","protected":false},"author":1,"featured_media":2287,"comment_status":"open","ping_status":"open","sticky":false,"template":"","format":"standard","meta":{"footnotes":""},"categories":[9,6],"tags":[],"class_list":["post-2286","post","type-post","status-publish","format-standard","has-post-thumbnail","hentry","category-industrija","category-ekonomija"],"_links":{"self":[{"href":"https:\/\/ekonomist.me\/index.php\/wp-json\/wp\/v2\/posts\/2286","targetHints":{"allow":["GET"]}}],"collection":[{"href":"https:\/\/ekonomist.me\/index.php\/wp-json\/wp\/v2\/posts"}],"about":[{"href":"https:\/\/ekonomist.me\/index.php\/wp-json\/wp\/v2\/types\/post"}],"author":[{"embeddable":true,"href":"https:\/\/ekonomist.me\/index.php\/wp-json\/wp\/v2\/users\/1"}],"replies":[{"embeddable":true,"href":"https:\/\/ekonomist.me\/index.php\/wp-json\/wp\/v2\/comments?post=2286"}],"version-history":[{"count":7,"href":"https:\/\/ekonomist.me\/index.php\/wp-json\/wp\/v2\/posts\/2286\/revisions"}],"predecessor-version":[{"id":2294,"href":"https:\/\/ekonomist.me\/index.php\/wp-json\/wp\/v2\/posts\/2286\/revisions\/2294"}],"wp:featuredmedia":[{"embeddable":true,"href":"https:\/\/ekonomist.me\/index.php\/wp-json\/wp\/v2\/media\/2287"}],"wp:attachment":[{"href":"https:\/\/ekonomist.me\/index.php\/wp-json\/wp\/v2\/media?parent=2286"}],"wp:term":[{"taxonomy":"category","embeddable":true,"href":"https:\/\/ekonomist.me\/index.php\/wp-json\/wp\/v2\/categories?post=2286"},{"taxonomy":"post_tag","embeddable":true,"href":"https:\/\/ekonomist.me\/index.php\/wp-json\/wp\/v2\/tags?post=2286"}],"curies":[{"name":"wp","href":"https:\/\/api.w.org\/{rel}","templated":true}]}}