{"id":2269,"date":"2025-05-21T06:59:54","date_gmt":"2025-05-21T06:59:54","guid":{"rendered":"https:\/\/ekonomist.me\/?p=2269"},"modified":"2025-05-21T07:01:02","modified_gmt":"2025-05-21T07:01:02","slug":"eu-mijenja-gdpr-u-korist-preduzeca-i-ekonomskog-rasta","status":"publish","type":"post","link":"https:\/\/ekonomist.me\/index.php\/2025\/05\/21\/eu-mijenja-gdpr-u-korist-preduzeca-i-ekonomskog-rasta\/","title":{"rendered":"EU mijenja GDPR u korist preduze\u0107a i ekonomskog rasta"},"content":{"rendered":"\t\t<div data-elementor-type=\"wp-post\" data-elementor-id=\"2269\" class=\"elementor elementor-2269\">\n\t\t\t\t<div class=\"elementor-element elementor-element-2a37b54a e-con-full e-flex wpr-particle-no wpr-jarallax-no wpr-parallax-no wpr-sticky-section-no e-con e-parent\" data-id=\"2a37b54a\" data-element_type=\"container\">\n\t\t<div class=\"elementor-element elementor-element-d2c2a63 e-con-full e-flex wpr-particle-no wpr-jarallax-no wpr-parallax-no wpr-sticky-section-no e-con e-child\" data-id=\"d2c2a63\" data-element_type=\"container\">\n\t\t<div class=\"elementor-element elementor-element-df7e021 e-con-full e-flex wpr-particle-no wpr-jarallax-no wpr-parallax-no wpr-sticky-section-no e-con e-child\" data-id=\"df7e021\" data-element_type=\"container\">\n\t\t\t\t<div class=\"elementor-element elementor-element-c3a1298 elementor-widget elementor-widget-wpr-post-title\" data-id=\"c3a1298\" data-element_type=\"widget\" data-widget_type=\"wpr-post-title.default\">\n\t\t\t\t<div class=\"elementor-widget-container\">\n\t\t\t\t\t<h1 class=\"wpr-post-title\">EU mijenja GDPR u korist preduze\u0107a i ekonomskog rasta<\/h1>\t\t\t\t<\/div>\n\t\t\t\t<\/div>\n\t\t\t\t<div class=\"elementor-element elementor-element-6e473ff elementor-widget elementor-widget-eael-breadcrumbs\" data-id=\"6e473ff\" data-element_type=\"widget\" data-widget_type=\"eael-breadcrumbs.default\">\n\t\t\t\t<div class=\"elementor-widget-container\">\n\t\t\t\t\t\t\t<div class=\"eael-breadcrumbs\">\n\t\t\t<div class=\"eael-breadcrumbs__content\"><a href=\"https:\/\/ekonomist.me\">Home<\/a> <span class=\"eael-breadcrumb-separator\">\/<\/span> <\/div>\t\t<\/div>\n\t\t\t\t\t\t<\/div>\n\t\t\t\t<\/div>\n\t\t\t\t<div class=\"elementor-element elementor-element-1812683f elementor-widget elementor-widget-text-editor\" data-id=\"1812683f\" data-element_type=\"widget\" data-widget_type=\"text-editor.default\">\n\t\t\t\t<div class=\"elementor-widget-container\">\n\t\t\t\t\t\t\t\t\t<p>Evropska komisija planira izmjene najpoznatijeg zakona o za\u0161titi podataka \u2013 Op\u0161te uredbe o za\u0161titi li\u010dnih podataka (GDPR) \u2013 kako bi se smanjilo administrativno optere\u0107enje za manja preduze\u0107a, dok se istovremeno vode zavr\u0161ni pregovori o zakonu koji bi trebalo da ispravi klju\u010dne nedostatke u njegovoj primjeni.<\/p><p>To je najnoviji zakon koji je postao \u201c\u017ertva\u201d nastojanja Evropske komisije da smanji administrativne prepreke i \u201epojednostavi\u201c zakonodavstvo EU u korist preduze\u0107a i ekonomskog rasta. Klju\u010dni ekonomski izvje\u0161taj EU, koji je sastavio biv\u0161i italijanski premijer Mario Dragi u septembru, upozorio je da slo\u017eeni zakoni u Evropi spre\u010davaju njen ekonomski razvoj i zaostajanje za Sjedinjenim Ameri\u010dkim Dr\u017eavama i Kinom. Dragi je posebno izdvojio GDPR kao prepreku inovacijama, prenosi Politico.eu.<\/p><p>Organizacije za digitalna prava i zvani\u010dnici EU \u010desto hvale GDPR kao globalni standard za za\u0161titu privatnosti. Me\u0111utim, za mnoga preduze\u0107a on predstavlja simbol skupih i optere\u0107uju\u0107ih pravila EU.<\/p><p>Ali mijenjanje GDPR-a prijeti da naru\u0161i delikatnu ravnote\u017eu izme\u0111u aktivista za privatnost i poslovnih lobija u Bruxellesu.<\/p><p>Pregovori o GDPR-u od 2012. do 2016. godine pokrenuli su jedan od najve\u0107ih lobisti\u010dkih napora koje je Bruxelles ikada vidio. Otkako je stupio na snagu 2018. godine, EU se klonila njegovog mijenjanja, boje\u0107i se da bi to moglo ponovo rasplamsati \u017eestoki lobisti\u010dki rat.<\/p><p>Komisija je unaprijed poku\u0161ala da umiri te strahove, navode\u0107i da \u0107e predlo\u017eena pojednostavljenja biti ograni\u010dena samo na olak\u0161avanje zahtjeva za izvje\u0161tavanje i da ne\u0107e dirati osnovne principe GDPR-a.<\/p><p>Ljetna revizija zakona pokazala je da postoji \u201epotreba za ve\u0107om podr\u0161kom preduze\u0107ima, posebno malim i srednjim, u njihovim naporima da se usklade sa zakonima,\u201c izjavio je komesar za pravosu\u0111e Michael McGrath.<\/p><p>Emailovi koje je ranije ovog mjeseca vidio Politico pokazuju da se prijedlogom o\u010dekuje pro\u0161irenje izuze\u0107a od izvje\u0161tavanja, koja su trenutno rezervisana za MSP (manje od 250 zaposlenih), i na srednje kompanije (manje od 500 zaposlenih). Tako\u0111er bi se stvorila dodatna izuze\u0107a za ta manja preduze\u0107a, osloba\u0111aju\u0107i ih obaveze vo\u0111enja evidencije ili pripreme procjena uticaja na privatnost.<\/p><p>U srijedu nave\u010der, pregovara\u010di \u0107e zapo\u010deti zavr\u0161ne razgovore kako bi se dogovorili o dodatnim pravilima za ubrzanje postupaka istra\u017eivanja u vezi s GDPR-om. Nova pravila imaju za cilj da podstaknu usporene prekograni\u010dne istrage o za\u0161titi podataka, koje \u010desto traju godinama i uklju\u010duju velike tehnolo\u0161ke kompanije.<\/p><p>Cilj je da se postave jasnija pravila za to kako nacionalni regulatori za\u0161tite podataka sara\u0111uju, da se pojasne prava podnosilaca \u017ealbi i onih koji su predmet istraga tokom procesa, i \u0161to je klju\u010dno \u2013 da se odrede konkretni rokovi za istrage.<\/p><p>Prema rije\u010dima \u010detiri osobe upoznate s pregovorima, ve\u0107ina teksta ve\u0107 je usagla\u0161ena, a glavna preostala pitanja koja \u0107e se rje\u0161avati u srijedu nave\u010der ti\u010du se trajanja rokova i pravnih sredstava.<\/p><p>Vjerovatno je da tu napori EU da \u201eskroji\u201c svoj poznati zakon o privatnosti ne\u0107e stati.<\/p><p>Kada je konsultovala kompanije i eksperte povodom prijedloga za srijedu, Komisija je nagovijestila da bi moglo do\u0107i do \u201emogu\u0107eg budu\u0107eg razmatranja primjene GDPR-a.\u201c<\/p><p>U odvojenom savjetovanju povodom predstoje\u0107e Strategije o podacima EU, GDPR je tako\u0111er pomenut kao zakon koji bi mogao biti predmet \u201ekonsolidacije.\u201c<\/p><p>Tako\u0111er, zemlje \u010dlanice su zatra\u017eile od Evropske komisije da pojasni kako se novi Zakon o vje\u0161ta\u010dkoj inteligenciji uklapa u GDPR, prema dokumentu koji je dobio POLITICO.<\/p>\t\t\t\t\t\t\t\t<\/div>\n\t\t\t\t<\/div>\n\t\t\t\t<\/div>\n\t\t\t\t<\/div>\n\t\t\t\t<div class=\"elementor-element elementor-element-cc13a3d elementor-widget-divider--view-line elementor-widget elementor-widget-divider\" data-id=\"cc13a3d\" data-element_type=\"widget\" data-widget_type=\"divider.default\">\n\t\t\t\t<div class=\"elementor-widget-container\">\n\t\t\t\t\t\t\t<div class=\"elementor-divider\">\n\t\t\t<span class=\"elementor-divider-separator\">\n\t\t\t\t\t\t<\/span>\n\t\t<\/div>\n\t\t\t\t\t\t<\/div>\n\t\t\t\t<\/div>\n\t\t\t\t<\/div>\n\t\t\t\t<\/div>\n\t\t","protected":false},"excerpt":{"rendered":"<p>EU mijenja GDPR u korist preduze\u0107a i ekonomskog rasta Home \/ Evropska komisija planira izmjene najpoznatijeg zakona o za\u0161titi podataka \u2013 Op\u0161te uredbe o za\u0161titi li\u010dnih podataka (GDPR) \u2013 kako bi se smanjilo administrativno optere\u0107enje za manja preduze\u0107a, dok se istovremeno vode zavr\u0161ni pregovori o zakonu koji bi trebalo da ispravi klju\u010dne nedostatke u njegovoj primjeni. To je najnoviji zakon koji je postao \u201c\u017ertva\u201d nastojanja Evropske komisije da smanji administrativne prepreke i \u201epojednostavi\u201c zakonodavstvo EU u korist preduze\u0107a i ekonomskog rasta. Klju\u010dni ekonomski izvje\u0161taj EU, koji je sastavio biv\u0161i italijanski premijer Mario Dragi u septembru, upozorio je da slo\u017eeni zakoni u Evropi spre\u010davaju njen ekonomski razvoj i zaostajanje za Sjedinjenim Ameri\u010dkim Dr\u017eavama i Kinom. Dragi je posebno izdvojio GDPR kao prepreku inovacijama, prenosi Politico.eu. Organizacije za digitalna prava i zvani\u010dnici EU \u010desto hvale GDPR kao globalni standard za za\u0161titu privatnosti. Me\u0111utim, za mnoga preduze\u0107a on predstavlja simbol skupih i optere\u0107uju\u0107ih pravila EU. Ali mijenjanje GDPR-a prijeti da naru\u0161i delikatnu ravnote\u017eu izme\u0111u aktivista za privatnost i poslovnih lobija u Bruxellesu. Pregovori o GDPR-u od 2012. do 2016. godine pokrenuli su jedan od najve\u0107ih lobisti\u010dkih napora koje je Bruxelles ikada vidio. Otkako je stupio na snagu 2018. godine, EU se klonila njegovog mijenjanja, boje\u0107i se da bi to moglo ponovo rasplamsati \u017eestoki lobisti\u010dki rat. Komisija je unaprijed poku\u0161ala da umiri te strahove, navode\u0107i da \u0107e predlo\u017eena pojednostavljenja biti ograni\u010dena samo na olak\u0161avanje zahtjeva za izvje\u0161tavanje i da ne\u0107e dirati osnovne principe GDPR-a. Ljetna revizija zakona pokazala je da postoji \u201epotreba za ve\u0107om podr\u0161kom preduze\u0107ima, posebno malim i srednjim, u njihovim naporima da se usklade sa zakonima,\u201c izjavio je komesar za pravosu\u0111e Michael McGrath. Emailovi koje je ranije ovog mjeseca vidio Politico pokazuju da se prijedlogom o\u010dekuje pro\u0161irenje izuze\u0107a od izvje\u0161tavanja, koja su trenutno rezervisana za MSP (manje od 250 zaposlenih), i na srednje kompanije (manje od 500 zaposlenih). Tako\u0111er bi se stvorila dodatna izuze\u0107a za ta manja preduze\u0107a, osloba\u0111aju\u0107i ih obaveze vo\u0111enja evidencije ili pripreme procjena uticaja na privatnost. U srijedu nave\u010der, pregovara\u010di \u0107e zapo\u010deti zavr\u0161ne razgovore kako bi se dogovorili o dodatnim pravilima za ubrzanje postupaka istra\u017eivanja u vezi s GDPR-om. Nova pravila imaju za cilj da podstaknu usporene prekograni\u010dne istrage o za\u0161titi podataka, koje \u010desto traju godinama i uklju\u010duju velike tehnolo\u0161ke kompanije. Cilj je da se postave jasnija pravila za to kako nacionalni regulatori za\u0161tite podataka sara\u0111uju, da se pojasne prava podnosilaca \u017ealbi i onih koji su predmet istraga tokom procesa, i \u0161to je klju\u010dno \u2013 da se odrede konkretni rokovi za istrage. Prema rije\u010dima \u010detiri osobe upoznate s pregovorima, ve\u0107ina teksta ve\u0107 je usagla\u0161ena, a glavna preostala pitanja koja \u0107e se rje\u0161avati u srijedu nave\u010der ti\u010du se trajanja rokova i pravnih sredstava. Vjerovatno je da tu napori EU da \u201eskroji\u201c svoj poznati zakon o privatnosti ne\u0107e stati. Kada je konsultovala kompanije i eksperte povodom prijedloga za srijedu, Komisija je nagovijestila da bi moglo do\u0107i do \u201emogu\u0107eg budu\u0107eg razmatranja primjene GDPR-a.\u201c U odvojenom savjetovanju povodom predstoje\u0107e Strategije o podacima EU, GDPR je tako\u0111er pomenut kao zakon koji bi mogao biti predmet \u201ekonsolidacije.\u201c Tako\u0111er, zemlje \u010dlanice su zatra\u017eile od Evropske komisije da pojasni kako se novi Zakon o vje\u0161ta\u010dkoj inteligenciji uklapa u GDPR, prema dokumentu koji je dobio POLITICO.<\/p>\n","protected":false},"author":1,"featured_media":2246,"comment_status":"open","ping_status":"open","sticky":false,"template":"","format":"standard","meta":{"footnotes":""},"categories":[6],"tags":[],"class_list":["post-2269","post","type-post","status-publish","format-standard","has-post-thumbnail","hentry","category-ekonomija"],"_links":{"self":[{"href":"https:\/\/ekonomist.me\/index.php\/wp-json\/wp\/v2\/posts\/2269","targetHints":{"allow":["GET"]}}],"collection":[{"href":"https:\/\/ekonomist.me\/index.php\/wp-json\/wp\/v2\/posts"}],"about":[{"href":"https:\/\/ekonomist.me\/index.php\/wp-json\/wp\/v2\/types\/post"}],"author":[{"embeddable":true,"href":"https:\/\/ekonomist.me\/index.php\/wp-json\/wp\/v2\/users\/1"}],"replies":[{"embeddable":true,"href":"https:\/\/ekonomist.me\/index.php\/wp-json\/wp\/v2\/comments?post=2269"}],"version-history":[{"count":4,"href":"https:\/\/ekonomist.me\/index.php\/wp-json\/wp\/v2\/posts\/2269\/revisions"}],"predecessor-version":[{"id":2273,"href":"https:\/\/ekonomist.me\/index.php\/wp-json\/wp\/v2\/posts\/2269\/revisions\/2273"}],"wp:featuredmedia":[{"embeddable":true,"href":"https:\/\/ekonomist.me\/index.php\/wp-json\/wp\/v2\/media\/2246"}],"wp:attachment":[{"href":"https:\/\/ekonomist.me\/index.php\/wp-json\/wp\/v2\/media?parent=2269"}],"wp:term":[{"taxonomy":"category","embeddable":true,"href":"https:\/\/ekonomist.me\/index.php\/wp-json\/wp\/v2\/categories?post=2269"},{"taxonomy":"post_tag","embeddable":true,"href":"https:\/\/ekonomist.me\/index.php\/wp-json\/wp\/v2\/tags?post=2269"}],"curies":[{"name":"wp","href":"https:\/\/api.w.org\/{rel}","templated":true}]}}