{"id":2257,"date":"2025-05-20T09:00:17","date_gmt":"2025-05-20T09:00:17","guid":{"rendered":"https:\/\/ekonomist.me\/?p=2257"},"modified":"2025-05-20T09:04:52","modified_gmt":"2025-05-20T09:04:52","slug":"spajic-cilj-je-da-crna-gora-2028-godine-postane-punopravna-clanica-eu","status":"publish","type":"post","link":"https:\/\/ekonomist.me\/index.php\/2025\/05\/20\/spajic-cilj-je-da-crna-gora-2028-godine-postane-punopravna-clanica-eu\/","title":{"rendered":"Spaji\u0107: Cilj je da Crna Gora 2028. godine postane punopravna \u010dlanica EU"},"content":{"rendered":"\t\t<div data-elementor-type=\"wp-post\" data-elementor-id=\"2257\" class=\"elementor elementor-2257\">\n\t\t\t\t<div class=\"elementor-element elementor-element-2a37b54a e-con-full e-flex wpr-particle-no wpr-jarallax-no wpr-parallax-no wpr-sticky-section-no e-con e-parent\" data-id=\"2a37b54a\" data-element_type=\"container\">\n\t\t<div class=\"elementor-element elementor-element-d2c2a63 e-con-full e-flex wpr-particle-no wpr-jarallax-no wpr-parallax-no wpr-sticky-section-no e-con e-child\" data-id=\"d2c2a63\" data-element_type=\"container\">\n\t\t<div class=\"elementor-element elementor-element-df7e021 e-con-full e-flex wpr-particle-no wpr-jarallax-no wpr-parallax-no wpr-sticky-section-no e-con e-child\" data-id=\"df7e021\" data-element_type=\"container\">\n\t\t\t\t<div class=\"elementor-element elementor-element-c3a1298 elementor-widget elementor-widget-wpr-post-title\" data-id=\"c3a1298\" data-element_type=\"widget\" data-widget_type=\"wpr-post-title.default\">\n\t\t\t\t<div class=\"elementor-widget-container\">\n\t\t\t\t\t<h1 class=\"wpr-post-title\">Spaji\u0107: Cilj je da Crna Gora 2028. godine postane punopravna \u010dlanica EU<\/h1>\t\t\t\t<\/div>\n\t\t\t\t<\/div>\n\t\t\t\t<div class=\"elementor-element elementor-element-6e473ff elementor-widget elementor-widget-eael-breadcrumbs\" data-id=\"6e473ff\" data-element_type=\"widget\" data-widget_type=\"eael-breadcrumbs.default\">\n\t\t\t\t<div class=\"elementor-widget-container\">\n\t\t\t\t\t\t\t<div class=\"eael-breadcrumbs\">\n\t\t\t<div class=\"eael-breadcrumbs__content\"><a href=\"https:\/\/ekonomist.me\">Home<\/a> <span class=\"eael-breadcrumb-separator\">\/<\/span> <\/div>\t\t<\/div>\n\t\t\t\t\t\t<\/div>\n\t\t\t\t<\/div>\n\t\t\t\t<div class=\"elementor-element elementor-element-1812683f elementor-widget elementor-widget-text-editor\" data-id=\"1812683f\" data-element_type=\"widget\" data-widget_type=\"text-editor.default\">\n\t\t\t\t<div class=\"elementor-widget-container\">\n\t\t\t\t\t\t\t\t\t<div class=\"article__head\"><div class=\"container--smaller\"><p class=\"article__lead\">Crnogorski premijer Milojko Spaji\u0107 saop\u0161tio je da je cilj njegove vlade da Crna Gora 2028. godine postane punopravna \u010dlanica EU.<\/p><\/div><\/div><div><div id=\"articleContainer0\" class=\"article__text container--smaller\" data-cy=\"articleBody\"><p>On je sino\u0107 na prijemu povodom Dana nezavisnosti, 21. maja, istakao da ovako ambiciozan cilj zahtijeva anga\u017eman dru\u0161tva u cjelini, efikasniju administraciju i konstruktivnije politi\u010dare, prenose Vijesti.<\/p><\/div><div id=\"articleContainer1\" class=\"article__text container--smaller\" data-cy=\"articleBody\"><p>\u201eNamjera je da do kraja sljede\u0107e godine Crna Gora ispuni sve zahtjeve iz pregovara\u010dkog procesa i da do 2028. postane punopravna \u010dlanica EU\u201c, rekao je Spaji\u0107.<\/p><\/div><div id=\"articleContainer2\" class=\"article__text container--smaller\" data-cy=\"articleBody\"><p>On je naveo i da je prioritet ubrzavanje zakonodavne reforme, napominju\u0107i da proces pristupanja Crne Gore EU nije proces pristupanja vlade ili skup\u0161tine, \u201eve\u0107 zajedni\u010dka obaveza prema precima i potomcima\u201c.<\/p><\/div><div id=\"articleContainer3\" class=\"article__text container--smaller\" data-cy=\"articleBody\"><p>\u201eSiguran sam da \u0107emo svi pojedina\u010dno, kao i sistem u cjelini, dokazati da smo kadri da se u prelomnom, istorijskom momentu, bez obzira na na\u0161e razlike, opredijelimo za nesumnjivi op\u0161ti interes, javno dobro i dugoro\u010dno svjetlu perspektivu \u2013 \u010dlanstvo u EU i bolji standard na\u0161ih gra\u0111ana\u201c, naveo je Spaji\u0107.<\/p><\/div><div id=\"articleContainer4\" class=\"article__text container--smaller\" data-cy=\"articleBody\"><p>Sve\u010danom prijemu povodom Dana nezavisnosti prisustvovali su najvi\u0161i crnogorski zvani\u010dnici, predstavnici zakonodavne, izvr\u0161ne i sudske vlasti, kao i diplomatskog kora, navode Vijesti.<\/p><\/div><div id=\"articleContainer5\" class=\"article__text container--smaller\" data-cy=\"articleBody\"><p>Na pitanje Insajdera koja je razlika izme\u0111u Srbije,\u00a0Albanije\u00a0i\u00a0Crne Gore, s obzirom na to da se sve suo\u010davaju sa sli\u010dnim problemima i tra\u017ei im se vi\u0161e rada na borbi protiv organizovanog kriminala, slobodi medija, slobodi govora, \u00a0izvestilac Evropskog parlamenta za Albaniju Andreas \u0160ider\u00a0ka\u017ee da je razlika u volji.<\/p><\/div><div id=\"articleContainer6\" class=\"article__text container--smaller\" data-cy=\"articleBody\"><p>\u201cZnamo, to su isti problemi i nijedna zemlja nije savr\u0161ena. Uzgred, nije savr\u0161eno ni svih 27 zemalja \u010dlanica. Pitanje borbe protiv korupcije je veoma va\u017eno, postojanje funkcionalne vladavine prava i pravosudnog sistema je va\u017eno. Na primjer, u Albaniji su napravili taj \u201cproces provjere\u201d, izuzetno te\u0161ku reformu, ali sada su to pro\u0161li i imaju modernizovan pravosudni sistem. Imaju SPAK, koji istra\u017euje, neki ka\u017eu i previ\u0161e, ali &#8211; ljudi iz svih politi\u010dkih partija su bili pod istragom, bilo ih je koji su zavr\u0161ili i u zatvoru. To je jasan signal da neko \u017eeli promjene. Medijska situacija, transparentnost &#8211; da, to su otvorena pitanja. Ali, moj osje\u0107aj je da u Beogradu, umjesto da se ide naprijed i izlazi iz komplikovane situacije, aktuelna vlast pravi probleme jo\u0161 ve\u0107im. Niko nema interes da mediji budu transparentiniji, niko nema interesa za istragu u vezi sa borbom protiv korupcije i to je pravi problem. Znamo da nijedna zemlja nije savr\u0161ena, ali volja da se ide u pravom smjeru u ovom trenutku nedostaje Beogradu\u201d, ka\u017ee \u0160ider.<\/p><\/div><div id=\"articleContainer7\" class=\"article__text container--smaller\" data-cy=\"articleBody\"><p>Izvor:\u00a0<i>Tanjug<\/i><\/p><\/div><\/div>\t\t\t\t\t\t\t\t<\/div>\n\t\t\t\t<\/div>\n\t\t\t\t<\/div>\n\t\t\t\t<\/div>\n\t\t\t\t<div class=\"elementor-element elementor-element-cc13a3d elementor-widget-divider--view-line elementor-widget elementor-widget-divider\" data-id=\"cc13a3d\" data-element_type=\"widget\" data-widget_type=\"divider.default\">\n\t\t\t\t<div class=\"elementor-widget-container\">\n\t\t\t\t\t\t\t<div class=\"elementor-divider\">\n\t\t\t<span class=\"elementor-divider-separator\">\n\t\t\t\t\t\t<\/span>\n\t\t<\/div>\n\t\t\t\t\t\t<\/div>\n\t\t\t\t<\/div>\n\t\t\t\t<\/div>\n\t\t\t\t<\/div>\n\t\t","protected":false},"excerpt":{"rendered":"<p>Spaji\u0107: Cilj je da Crna Gora 2028. godine postane punopravna \u010dlanica EU Home \/ Crnogorski premijer Milojko Spaji\u0107 saop\u0161tio je da je cilj njegove vlade da Crna Gora 2028. godine postane punopravna \u010dlanica EU. On je sino\u0107 na prijemu povodom Dana nezavisnosti, 21. maja, istakao da ovako ambiciozan cilj zahtijeva anga\u017eman dru\u0161tva u cjelini, efikasniju administraciju i konstruktivnije politi\u010dare, prenose Vijesti. \u201eNamjera je da do kraja sljede\u0107e godine Crna Gora ispuni sve zahtjeve iz pregovara\u010dkog procesa i da do 2028. postane punopravna \u010dlanica EU\u201c, rekao je Spaji\u0107. On je naveo i da je prioritet ubrzavanje zakonodavne reforme, napominju\u0107i da proces pristupanja Crne Gore EU nije proces pristupanja vlade ili skup\u0161tine, \u201eve\u0107 zajedni\u010dka obaveza prema precima i potomcima\u201c. \u201eSiguran sam da \u0107emo svi pojedina\u010dno, kao i sistem u cjelini, dokazati da smo kadri da se u prelomnom, istorijskom momentu, bez obzira na na\u0161e razlike, opredijelimo za nesumnjivi op\u0161ti interes, javno dobro i dugoro\u010dno svjetlu perspektivu \u2013 \u010dlanstvo u EU i bolji standard na\u0161ih gra\u0111ana\u201c, naveo je Spaji\u0107. Sve\u010danom prijemu povodom Dana nezavisnosti prisustvovali su najvi\u0161i crnogorski zvani\u010dnici, predstavnici zakonodavne, izvr\u0161ne i sudske vlasti, kao i diplomatskog kora, navode Vijesti. Na pitanje Insajdera koja je razlika izme\u0111u Srbije,\u00a0Albanije\u00a0i\u00a0Crne Gore, s obzirom na to da se sve suo\u010davaju sa sli\u010dnim problemima i tra\u017ei im se vi\u0161e rada na borbi protiv organizovanog kriminala, slobodi medija, slobodi govora, \u00a0izvestilac Evropskog parlamenta za Albaniju Andreas \u0160ider\u00a0ka\u017ee da je razlika u volji. \u201cZnamo, to su isti problemi i nijedna zemlja nije savr\u0161ena. Uzgred, nije savr\u0161eno ni svih 27 zemalja \u010dlanica. Pitanje borbe protiv korupcije je veoma va\u017eno, postojanje funkcionalne vladavine prava i pravosudnog sistema je va\u017eno. Na primjer, u Albaniji su napravili taj \u201cproces provjere\u201d, izuzetno te\u0161ku reformu, ali sada su to pro\u0161li i imaju modernizovan pravosudni sistem. Imaju SPAK, koji istra\u017euje, neki ka\u017eu i previ\u0161e, ali &#8211; ljudi iz svih politi\u010dkih partija su bili pod istragom, bilo ih je koji su zavr\u0161ili i u zatvoru. To je jasan signal da neko \u017eeli promjene. Medijska situacija, transparentnost &#8211; da, to su otvorena pitanja. Ali, moj osje\u0107aj je da u Beogradu, umjesto da se ide naprijed i izlazi iz komplikovane situacije, aktuelna vlast pravi probleme jo\u0161 ve\u0107im. Niko nema interes da mediji budu transparentiniji, niko nema interesa za istragu u vezi sa borbom protiv korupcije i to je pravi problem. Znamo da nijedna zemlja nije savr\u0161ena, ali volja da se ide u pravom smjeru u ovom trenutku nedostaje Beogradu\u201d, ka\u017ee \u0160ider. Izvor:\u00a0Tanjug<\/p>\n","protected":false},"author":1,"featured_media":2258,"comment_status":"open","ping_status":"open","sticky":false,"template":"","format":"standard","meta":{"footnotes":""},"categories":[9],"tags":[],"class_list":["post-2257","post","type-post","status-publish","format-standard","has-post-thumbnail","hentry","category-industrija"],"_links":{"self":[{"href":"https:\/\/ekonomist.me\/index.php\/wp-json\/wp\/v2\/posts\/2257","targetHints":{"allow":["GET"]}}],"collection":[{"href":"https:\/\/ekonomist.me\/index.php\/wp-json\/wp\/v2\/posts"}],"about":[{"href":"https:\/\/ekonomist.me\/index.php\/wp-json\/wp\/v2\/types\/post"}],"author":[{"embeddable":true,"href":"https:\/\/ekonomist.me\/index.php\/wp-json\/wp\/v2\/users\/1"}],"replies":[{"embeddable":true,"href":"https:\/\/ekonomist.me\/index.php\/wp-json\/wp\/v2\/comments?post=2257"}],"version-history":[{"count":10,"href":"https:\/\/ekonomist.me\/index.php\/wp-json\/wp\/v2\/posts\/2257\/revisions"}],"predecessor-version":[{"id":2268,"href":"https:\/\/ekonomist.me\/index.php\/wp-json\/wp\/v2\/posts\/2257\/revisions\/2268"}],"wp:featuredmedia":[{"embeddable":true,"href":"https:\/\/ekonomist.me\/index.php\/wp-json\/wp\/v2\/media\/2258"}],"wp:attachment":[{"href":"https:\/\/ekonomist.me\/index.php\/wp-json\/wp\/v2\/media?parent=2257"}],"wp:term":[{"taxonomy":"category","embeddable":true,"href":"https:\/\/ekonomist.me\/index.php\/wp-json\/wp\/v2\/categories?post=2257"},{"taxonomy":"post_tag","embeddable":true,"href":"https:\/\/ekonomist.me\/index.php\/wp-json\/wp\/v2\/tags?post=2257"}],"curies":[{"name":"wp","href":"https:\/\/api.w.org\/{rel}","templated":true}]}}