{"id":2228,"date":"2025-05-20T07:00:33","date_gmt":"2025-05-20T07:00:33","guid":{"rendered":"https:\/\/ekonomist.me\/?p=2228"},"modified":"2025-05-20T08:23:14","modified_gmt":"2025-05-20T08:23:14","slug":"indeks-vodecih-ekonomskih-pokazatelja-sad-a-u-aprilu-imao-najveci-mjesecni-pad-od-marta-2023","status":"publish","type":"post","link":"https:\/\/ekonomist.me\/index.php\/2025\/05\/20\/indeks-vodecih-ekonomskih-pokazatelja-sad-a-u-aprilu-imao-najveci-mjesecni-pad-od-marta-2023\/","title":{"rendered":"Indeks vode\u0107ih ekonomskih pokazatelja SAD-a u aprilu imao najve\u0107i mjese\u010dni pad od marta 2023."},"content":{"rendered":"\t\t<div data-elementor-type=\"wp-post\" data-elementor-id=\"2228\" class=\"elementor elementor-2228\">\n\t\t\t\t<div class=\"elementor-element elementor-element-2a37b54a e-con-full e-flex wpr-particle-no wpr-jarallax-no wpr-parallax-no wpr-sticky-section-no e-con e-parent\" data-id=\"2a37b54a\" data-element_type=\"container\">\n\t\t<div class=\"elementor-element elementor-element-d2c2a63 e-con-full e-flex wpr-particle-no wpr-jarallax-no wpr-parallax-no wpr-sticky-section-no e-con e-child\" data-id=\"d2c2a63\" data-element_type=\"container\">\n\t\t<div class=\"elementor-element elementor-element-df7e021 e-con-full e-flex wpr-particle-no wpr-jarallax-no wpr-parallax-no wpr-sticky-section-no e-con e-child\" data-id=\"df7e021\" data-element_type=\"container\">\n\t\t\t\t<div class=\"elementor-element elementor-element-c3a1298 elementor-widget elementor-widget-wpr-post-title\" data-id=\"c3a1298\" data-element_type=\"widget\" data-widget_type=\"wpr-post-title.default\">\n\t\t\t\t<div class=\"elementor-widget-container\">\n\t\t\t\t\t<h1 class=\"wpr-post-title\">Indeks vode\u0107ih ekonomskih pokazatelja SAD-a u aprilu imao najve\u0107i mjese\u010dni pad od marta 2023.<\/h1>\t\t\t\t<\/div>\n\t\t\t\t<\/div>\n\t\t\t\t<div class=\"elementor-element elementor-element-6e473ff elementor-widget elementor-widget-eael-breadcrumbs\" data-id=\"6e473ff\" data-element_type=\"widget\" data-widget_type=\"eael-breadcrumbs.default\">\n\t\t\t\t<div class=\"elementor-widget-container\">\n\t\t\t\t\t\t\t<div class=\"eael-breadcrumbs\">\n\t\t\t<div class=\"eael-breadcrumbs__content\"><a href=\"https:\/\/ekonomist.me\">Home<\/a> <span class=\"eael-breadcrumb-separator\">\/<\/span> <\/div>\t\t<\/div>\n\t\t\t\t\t\t<\/div>\n\t\t\t\t<\/div>\n\t\t\t\t<div class=\"elementor-element elementor-element-1812683f elementor-widget elementor-widget-text-editor\" data-id=\"1812683f\" data-element_type=\"widget\" data-widget_type=\"text-editor.default\">\n\t\t\t\t<div class=\"elementor-widget-container\">\n\t\t\t\t\t\t\t\t\t<p>Indeks vode\u0107ih ekonomskih pokazatelja u SAD-u pao je za jedan posto u aprilu u odnosu na mart na 99,4 boda, \u0161to je najve\u0107i mjese\u010dni pad od marta 2023. i peti uzastopni mjese\u010dni pad, objavio je danas Konferens bord sa sjedi\u0161tem u Njujorku.<br \/>U martu je indeks pao za 0,8 posto, prema revidiranim podacima.<\/p><p>\u201eU vrijeme kada su se mnogi bojali da Sjedinjene Dr\u017eave klize u recesiju, indeks je do\u017eivio najve\u0107i mjese\u010dni pad od marta 2023.\u201c, rekla je Justina Zabinska-La Monika, direktorka analize poslovnih ciklusa u Konferens bordu.<\/p><p>\u201eVe\u0107ina komponenti indeksa je pala. Primjerice, o\u010dekivanja potro\u0161a\u010da postala su sve pesimisti\u010dnija od januara\u201c, dodala je.<\/p><p>Me\u0111utim, Konferens bord i dalje ne o\u010dekuje recesiju ove godine, ve\u0107 rast BDP-a od 1,6%. Pro\u0161le godine, ameri\u010dki BDP je porastao za 2,8 posto.<\/p><p>Konferens bord o\u010dekuje da \u0107e se negativni u\u010dinci carina predsjednika Donalda Trampa najvi\u0161e osjetiti u tre\u0107em tromjese\u010dju godine, tj. nakon ljeta.<\/p><p>Izvor: Seebiz<\/p>\t\t\t\t\t\t\t\t<\/div>\n\t\t\t\t<\/div>\n\t\t\t\t<\/div>\n\t\t\t\t<\/div>\n\t\t\t\t<div class=\"elementor-element elementor-element-cc13a3d elementor-widget-divider--view-line elementor-widget elementor-widget-divider\" data-id=\"cc13a3d\" data-element_type=\"widget\" data-widget_type=\"divider.default\">\n\t\t\t\t<div class=\"elementor-widget-container\">\n\t\t\t\t\t\t\t<div class=\"elementor-divider\">\n\t\t\t<span class=\"elementor-divider-separator\">\n\t\t\t\t\t\t<\/span>\n\t\t<\/div>\n\t\t\t\t\t\t<\/div>\n\t\t\t\t<\/div>\n\t\t\t\t<\/div>\n\t\t\t\t<\/div>\n\t\t","protected":false},"excerpt":{"rendered":"<p>Indeks vode\u0107ih ekonomskih pokazatelja SAD-a u aprilu imao najve\u0107i mjese\u010dni pad od marta 2023. Home \/ Indeks vode\u0107ih ekonomskih pokazatelja u SAD-u pao je za jedan posto u aprilu u odnosu na mart na 99,4 boda, \u0161to je najve\u0107i mjese\u010dni pad od marta 2023. i peti uzastopni mjese\u010dni pad, objavio je danas Konferens bord sa sjedi\u0161tem u Njujorku.U martu je indeks pao za 0,8 posto, prema revidiranim podacima. \u201eU vrijeme kada su se mnogi bojali da Sjedinjene Dr\u017eave klize u recesiju, indeks je do\u017eivio najve\u0107i mjese\u010dni pad od marta 2023.\u201c, rekla je Justina Zabinska-La Monika, direktorka analize poslovnih ciklusa u Konferens bordu. \u201eVe\u0107ina komponenti indeksa je pala. Primjerice, o\u010dekivanja potro\u0161a\u010da postala su sve pesimisti\u010dnija od januara\u201c, dodala je. Me\u0111utim, Konferens bord i dalje ne o\u010dekuje recesiju ove godine, ve\u0107 rast BDP-a od 1,6%. Pro\u0161le godine, ameri\u010dki BDP je porastao za 2,8 posto. Konferens bord o\u010dekuje da \u0107e se negativni u\u010dinci carina predsjednika Donalda Trampa najvi\u0161e osjetiti u tre\u0107em tromjese\u010dju godine, tj. nakon ljeta. Izvor: Seebiz<\/p>\n","protected":false},"author":1,"featured_media":2229,"comment_status":"open","ping_status":"open","sticky":false,"template":"","format":"standard","meta":{"footnotes":""},"categories":[6],"tags":[],"class_list":["post-2228","post","type-post","status-publish","format-standard","has-post-thumbnail","hentry","category-ekonomija"],"_links":{"self":[{"href":"https:\/\/ekonomist.me\/index.php\/wp-json\/wp\/v2\/posts\/2228","targetHints":{"allow":["GET"]}}],"collection":[{"href":"https:\/\/ekonomist.me\/index.php\/wp-json\/wp\/v2\/posts"}],"about":[{"href":"https:\/\/ekonomist.me\/index.php\/wp-json\/wp\/v2\/types\/post"}],"author":[{"embeddable":true,"href":"https:\/\/ekonomist.me\/index.php\/wp-json\/wp\/v2\/users\/1"}],"replies":[{"embeddable":true,"href":"https:\/\/ekonomist.me\/index.php\/wp-json\/wp\/v2\/comments?post=2228"}],"version-history":[{"count":7,"href":"https:\/\/ekonomist.me\/index.php\/wp-json\/wp\/v2\/posts\/2228\/revisions"}],"predecessor-version":[{"id":2236,"href":"https:\/\/ekonomist.me\/index.php\/wp-json\/wp\/v2\/posts\/2228\/revisions\/2236"}],"wp:featuredmedia":[{"embeddable":true,"href":"https:\/\/ekonomist.me\/index.php\/wp-json\/wp\/v2\/media\/2229"}],"wp:attachment":[{"href":"https:\/\/ekonomist.me\/index.php\/wp-json\/wp\/v2\/media?parent=2228"}],"wp:term":[{"taxonomy":"category","embeddable":true,"href":"https:\/\/ekonomist.me\/index.php\/wp-json\/wp\/v2\/categories?post=2228"},{"taxonomy":"post_tag","embeddable":true,"href":"https:\/\/ekonomist.me\/index.php\/wp-json\/wp\/v2\/tags?post=2228"}],"curies":[{"name":"wp","href":"https:\/\/api.w.org\/{rel}","templated":true}]}}