{"id":2219,"date":"2025-05-19T09:53:00","date_gmt":"2025-05-19T09:53:00","guid":{"rendered":"https:\/\/ekonomist.me\/?p=2219"},"modified":"2025-05-19T09:56:52","modified_gmt":"2025-05-19T09:56:52","slug":"portugal-montenegro-posle-izbora-najavio-formiranje-jos-jedne-manjinske-vlade","status":"publish","type":"post","link":"https:\/\/ekonomist.me\/index.php\/2025\/05\/19\/portugal-montenegro-posle-izbora-najavio-formiranje-jos-jedne-manjinske-vlade\/","title":{"rendered":"Portugal: Montenegro posle izbora najavio formiranje jo\u0161 jedne manjinske vlade"},"content":{"rendered":"\t\t<div data-elementor-type=\"wp-post\" data-elementor-id=\"2219\" class=\"elementor elementor-2219\">\n\t\t\t\t<div class=\"elementor-element elementor-element-2a37b54a e-con-full e-flex wpr-particle-no wpr-jarallax-no wpr-parallax-no wpr-sticky-section-no e-con e-parent\" data-id=\"2a37b54a\" data-element_type=\"container\">\n\t\t<div class=\"elementor-element elementor-element-d2c2a63 e-con-full e-flex wpr-particle-no wpr-jarallax-no wpr-parallax-no wpr-sticky-section-no e-con e-child\" data-id=\"d2c2a63\" data-element_type=\"container\">\n\t\t<div class=\"elementor-element elementor-element-df7e021 e-con-full e-flex wpr-particle-no wpr-jarallax-no wpr-parallax-no wpr-sticky-section-no e-con e-child\" data-id=\"df7e021\" data-element_type=\"container\">\n\t\t\t\t<div class=\"elementor-element elementor-element-c3a1298 elementor-widget elementor-widget-wpr-post-title\" data-id=\"c3a1298\" data-element_type=\"widget\" data-widget_type=\"wpr-post-title.default\">\n\t\t\t\t<div class=\"elementor-widget-container\">\n\t\t\t\t\t<h1 class=\"wpr-post-title\">Portugal: Montenegro posle izbora najavio formiranje jo\u0161 jedne manjinske vlade<\/h1>\t\t\t\t<\/div>\n\t\t\t\t<\/div>\n\t\t\t\t<div class=\"elementor-element elementor-element-6e473ff elementor-widget elementor-widget-eael-breadcrumbs\" data-id=\"6e473ff\" data-element_type=\"widget\" data-widget_type=\"eael-breadcrumbs.default\">\n\t\t\t\t<div class=\"elementor-widget-container\">\n\t\t\t\t\t\t\t<div class=\"eael-breadcrumbs\">\n\t\t\t<div class=\"eael-breadcrumbs__content\"><a href=\"https:\/\/ekonomist.me\">Home<\/a> <span class=\"eael-breadcrumb-separator\">\/<\/span> <\/div>\t\t<\/div>\n\t\t\t\t\t\t<\/div>\n\t\t\t\t<\/div>\n\t\t\t\t<div class=\"elementor-element elementor-element-1812683f elementor-widget elementor-widget-text-editor\" data-id=\"1812683f\" data-element_type=\"widget\" data-widget_type=\"text-editor.default\">\n\t\t\t\t<div class=\"elementor-widget-container\">\n\t\t\t\t\t\t\t\t\t<div id=\"newsLead\" class=\"b\"><p class=\"selectionShareable\">Lider portugalskog centralno-desni\u010darskog Demokratskog saveza (AD) i vr\u0161ilac du\u017enosti premijera Luis Montenegro izjavio je danas da je dobio jasan i poja\u010dan mandat od Portugalaca da vlada, uprkos tome \u0161to na izborima nije osvojio punu parlamentarnu ve\u0107inu.<\/p><\/div><div id=\"newsContent\"><p class=\"selectionShareable\">Montenegro je rano jutros okupljenim pristalicama rekao da opoziciona Socijalisti\u010dka partija o\u010digledno nije sklona da pregovara o bilo kakvom sporazumu o \u0161irokoj ve\u0107ini, dok se on dr\u017ei svog obe\u0107anja da ne\u0107e imati nikakve dogovore sa krajnje desni\u010darskom \u010cegom, prenio je Rojters.<\/p><p class=\"selectionShareable\">&#8220;Samo nas pustite da radimo&#8221;, rekao je Montenegro.<\/p><p class=\"selectionShareable\">Demokratski savez vodi na na ju\u010de odr\u017eanim parlamentarnim izborima, na kojima je osvojio vi\u0161e od 38 odsto glasova nakon prebrojanih oko 10 odsto bira\u010dkih listi\u0107a, pokazuju zvani\u010dni podaci izborne komisije Portugala.<\/p><p class=\"selectionShareable\">Na prethodnim izborima u martu 2024. godine, AD je pobijedio sa oko 29 odsto osvojenih glasova, \u0161to je dovelo do formiranja manjinske vlade koja je &#8220;pala&#8221; godinu dana kasnije.<\/p><p class=\"selectionShareable\">Da bi osvojila apsolutnu ve\u0107inu, stranka mora da osvoji najmanje 42 odsto glasova.<\/p><p class=\"selectionShareable\">Socijalisti\u010dka partija znatno zaostaje sa ne\u0161to vi\u0161e od 23 odsto glasova podr\u0161ke i gotovo je izjedna\u010dena sa krajnje desni\u010darskom partijom \u010cega, sa kojom lider AD Luis Montenegro odbija da pravi bilo kakve dogovore, koja je osvojila 22,7 odsto glasova.<\/p><p class=\"selectionShareable\">Poslovno orijentisana Liberalna inicijativa (IL), stranka koju neki analiti\u010dari vide kao potencijalnog koalicionog partnera AD, osvojila je 3,1 odsto glasova podr\u0161ke bira\u010da.<\/p><p class=\"selectionShareable\">Izbori su odr\u017eani nakon \u0161to je premijer Montenegro podnio ostavku zbog spora oko sukoba interesa, a bira\u010di su odlu\u010divali o 230 poslanika Skup\u0161tine Republike u sljede\u0107em sazivu.<\/p><\/div><p>Izvor: Rtv.rs<\/p>\t\t\t\t\t\t\t\t<\/div>\n\t\t\t\t<\/div>\n\t\t\t\t<\/div>\n\t\t\t\t<\/div>\n\t\t\t\t<div class=\"elementor-element elementor-element-cc13a3d elementor-widget-divider--view-line elementor-widget elementor-widget-divider\" data-id=\"cc13a3d\" data-element_type=\"widget\" data-widget_type=\"divider.default\">\n\t\t\t\t<div class=\"elementor-widget-container\">\n\t\t\t\t\t\t\t<div class=\"elementor-divider\">\n\t\t\t<span class=\"elementor-divider-separator\">\n\t\t\t\t\t\t<\/span>\n\t\t<\/div>\n\t\t\t\t\t\t<\/div>\n\t\t\t\t<\/div>\n\t\t\t\t<\/div>\n\t\t\t\t<\/div>\n\t\t","protected":false},"excerpt":{"rendered":"<p>Portugal: Montenegro posle izbora najavio formiranje jo\u0161 jedne manjinske vlade Home \/ Lider portugalskog centralno-desni\u010darskog Demokratskog saveza (AD) i vr\u0161ilac du\u017enosti premijera Luis Montenegro izjavio je danas da je dobio jasan i poja\u010dan mandat od Portugalaca da vlada, uprkos tome \u0161to na izborima nije osvojio punu parlamentarnu ve\u0107inu. Montenegro je rano jutros okupljenim pristalicama rekao da opoziciona Socijalisti\u010dka partija o\u010digledno nije sklona da pregovara o bilo kakvom sporazumu o \u0161irokoj ve\u0107ini, dok se on dr\u017ei svog obe\u0107anja da ne\u0107e imati nikakve dogovore sa krajnje desni\u010darskom \u010cegom, prenio je Rojters. &#8220;Samo nas pustite da radimo&#8221;, rekao je Montenegro. Demokratski savez vodi na na ju\u010de odr\u017eanim parlamentarnim izborima, na kojima je osvojio vi\u0161e od 38 odsto glasova nakon prebrojanih oko 10 odsto bira\u010dkih listi\u0107a, pokazuju zvani\u010dni podaci izborne komisije Portugala. Na prethodnim izborima u martu 2024. godine, AD je pobijedio sa oko 29 odsto osvojenih glasova, \u0161to je dovelo do formiranja manjinske vlade koja je &#8220;pala&#8221; godinu dana kasnije. Da bi osvojila apsolutnu ve\u0107inu, stranka mora da osvoji najmanje 42 odsto glasova. Socijalisti\u010dka partija znatno zaostaje sa ne\u0161to vi\u0161e od 23 odsto glasova podr\u0161ke i gotovo je izjedna\u010dena sa krajnje desni\u010darskom partijom \u010cega, sa kojom lider AD Luis Montenegro odbija da pravi bilo kakve dogovore, koja je osvojila 22,7 odsto glasova. Poslovno orijentisana Liberalna inicijativa (IL), stranka koju neki analiti\u010dari vide kao potencijalnog koalicionog partnera AD, osvojila je 3,1 odsto glasova podr\u0161ke bira\u010da. Izbori su odr\u017eani nakon \u0161to je premijer Montenegro podnio ostavku zbog spora oko sukoba interesa, a bira\u010di su odlu\u010divali o 230 poslanika Skup\u0161tine Republike u sljede\u0107em sazivu. Izvor: Rtv.rs<\/p>\n","protected":false},"author":1,"featured_media":2220,"comment_status":"open","ping_status":"open","sticky":false,"template":"","format":"standard","meta":{"footnotes":""},"categories":[6],"tags":[],"class_list":["post-2219","post","type-post","status-publish","format-standard","has-post-thumbnail","hentry","category-ekonomija"],"_links":{"self":[{"href":"https:\/\/ekonomist.me\/index.php\/wp-json\/wp\/v2\/posts\/2219","targetHints":{"allow":["GET"]}}],"collection":[{"href":"https:\/\/ekonomist.me\/index.php\/wp-json\/wp\/v2\/posts"}],"about":[{"href":"https:\/\/ekonomist.me\/index.php\/wp-json\/wp\/v2\/types\/post"}],"author":[{"embeddable":true,"href":"https:\/\/ekonomist.me\/index.php\/wp-json\/wp\/v2\/users\/1"}],"replies":[{"embeddable":true,"href":"https:\/\/ekonomist.me\/index.php\/wp-json\/wp\/v2\/comments?post=2219"}],"version-history":[{"count":7,"href":"https:\/\/ekonomist.me\/index.php\/wp-json\/wp\/v2\/posts\/2219\/revisions"}],"predecessor-version":[{"id":2227,"href":"https:\/\/ekonomist.me\/index.php\/wp-json\/wp\/v2\/posts\/2219\/revisions\/2227"}],"wp:featuredmedia":[{"embeddable":true,"href":"https:\/\/ekonomist.me\/index.php\/wp-json\/wp\/v2\/media\/2220"}],"wp:attachment":[{"href":"https:\/\/ekonomist.me\/index.php\/wp-json\/wp\/v2\/media?parent=2219"}],"wp:term":[{"taxonomy":"category","embeddable":true,"href":"https:\/\/ekonomist.me\/index.php\/wp-json\/wp\/v2\/categories?post=2219"},{"taxonomy":"post_tag","embeddable":true,"href":"https:\/\/ekonomist.me\/index.php\/wp-json\/wp\/v2\/tags?post=2219"}],"curies":[{"name":"wp","href":"https:\/\/api.w.org\/{rel}","templated":true}]}}