{"id":2203,"date":"2025-05-19T07:50:51","date_gmt":"2025-05-19T07:50:51","guid":{"rendered":"https:\/\/ekonomist.me\/?p=2203"},"modified":"2025-05-19T07:55:08","modified_gmt":"2025-05-19T07:55:08","slug":"novi-predsjednik-rumunije-nikusor-dan-matematicar-u-borbi-protiv-korupcije","status":"publish","type":"post","link":"https:\/\/ekonomist.me\/index.php\/2025\/05\/19\/novi-predsjednik-rumunije-nikusor-dan-matematicar-u-borbi-protiv-korupcije\/","title":{"rendered":"Novi predsjednik Rumunije Niku\u0161or Dan &#8211; matemati\u010dar u borbi protiv korupcije"},"content":{"rendered":"\t\t<div data-elementor-type=\"wp-post\" data-elementor-id=\"2203\" class=\"elementor elementor-2203\">\n\t\t\t\t<div class=\"elementor-element elementor-element-2a37b54a e-con-full e-flex wpr-particle-no wpr-jarallax-no wpr-parallax-no wpr-sticky-section-no e-con e-parent\" data-id=\"2a37b54a\" data-element_type=\"container\">\n\t\t<div class=\"elementor-element elementor-element-d2c2a63 e-con-full e-flex wpr-particle-no wpr-jarallax-no wpr-parallax-no wpr-sticky-section-no e-con e-child\" data-id=\"d2c2a63\" data-element_type=\"container\">\n\t\t<div class=\"elementor-element elementor-element-df7e021 e-con-full e-flex wpr-particle-no wpr-jarallax-no wpr-parallax-no wpr-sticky-section-no e-con e-child\" data-id=\"df7e021\" data-element_type=\"container\">\n\t\t\t\t<div class=\"elementor-element elementor-element-c3a1298 elementor-widget elementor-widget-wpr-post-title\" data-id=\"c3a1298\" data-element_type=\"widget\" data-widget_type=\"wpr-post-title.default\">\n\t\t\t\t<div class=\"elementor-widget-container\">\n\t\t\t\t\t<h1 class=\"wpr-post-title\">Novi predsjednik Rumunije Niku\u0161or Dan &#8211; matemati\u010dar u borbi protiv korupcije<\/h1>\t\t\t\t<\/div>\n\t\t\t\t<\/div>\n\t\t\t\t<div class=\"elementor-element elementor-element-6e473ff elementor-widget elementor-widget-eael-breadcrumbs\" data-id=\"6e473ff\" data-element_type=\"widget\" data-widget_type=\"eael-breadcrumbs.default\">\n\t\t\t\t<div class=\"elementor-widget-container\">\n\t\t\t\t\t\t\t<div class=\"eael-breadcrumbs\">\n\t\t\t<div class=\"eael-breadcrumbs__content\"><a href=\"https:\/\/ekonomist.me\">Home<\/a> <span class=\"eael-breadcrumb-separator\">\/<\/span> <\/div>\t\t<\/div>\n\t\t\t\t\t\t<\/div>\n\t\t\t\t<\/div>\n\t\t\t\t<div class=\"elementor-element elementor-element-1812683f elementor-widget elementor-widget-text-editor\" data-id=\"1812683f\" data-element_type=\"widget\" data-widget_type=\"text-editor.default\">\n\t\t\t\t<div class=\"elementor-widget-container\">\n\t\t\t\t\t\t\t\t\t<div class=\"article__head\"><div class=\"container--smaller\"><p class=\"article__lead\">Novi predsjednik Rumunije, proevropski centrista Niku\u0161or Dan, matemati\u010dar obrazovan na Sorboni, imao je istoriju aktivizma protiv neobuzdanog razvoja nekretnina i korupcije prije nego \u0161to je u\u0161ao u politiku, opisan je kao smiren i metodi\u010dan, a \u010desto je vi\u0111en kako vodi c\u0301erku u \u0161kolu.<\/p><\/div><\/div><div><div id=\"articleContainer0\" class=\"article__text container--smaller\" data-cy=\"articleBody\"><p>Njegov prvi izazov bic\u0301e imenovanje premijera i brzo formiranje nove vladajuc\u0301e vec\u0301ine kako bi se rije\u0161io najvec\u0301i bud\u017eetski deficit u EU i poku\u0161alo izbjec\u0301i smanjenje rejtinga sa posljednje stepenice investicionog ranga, pi\u0161e Rojters.<\/p><\/div><div id=\"articleContainer1\" class=\"article__text container--smaller\" data-cy=\"articleBody\"><p>Niku\u0161or Dan (55), koji je obec\u0301ao da c\u0301e se obra\u010dunati sa korupcijom, \u010dvrsto podr\u017eava \u010dlanstvo Rumunije u Evropskoj uniji i NATO-u, a u predizbornoj kampanji je rekao da je podr\u0161ka njegove zemlje Ukrajini od vitalnog zna\u010daja za sopstvenu bezbjednost.<\/p><\/div><div id=\"articleContainer2\" class=\"article__text container--smaller\" data-cy=\"articleBody\"><p>Kao nezavisni gradona\u010delnik Bukure\u0161ta u dva mandata, Dan ima iskustva u pregovaranju o vec\u0301ini i dokaze o tome kako je motivisan, kandidujuc\u0301i se dva puta za najvi\u0161u funkciju u glavnom gradu Rumunije prije nego \u0161to je izabran iz trec\u0301eg poku\u0161aja.\u00a0<\/p><\/div><div id=\"articleContainer3\" class=\"article__text container--smaller\" data-cy=\"articleBody\"><p>Politi\u010dku karijeru zapo\u010deo je kao gra\u0111anski aktivista u borbi protiv bukure\u0161tanske mafije nekretnina, kada je 2006. godine, reaguju\u0107i na ru\u0161enje ku\u0107a arhitektonskog naslje\u0111a i izgradnju visokih zgrada u za\u0161ti\u0107enim naseljima Bukure\u0161ta, kao i na smanjenje broja zelenih povr\u0161ina, osnovao \u201eUdru\u017eenje za spas Bukure\u0161ta\u201c.<\/p><\/div><div id=\"articleContainer4\" class=\"article__text container--smaller\" data-cy=\"articleBody\"><p>Dan je 2020. godine postao prvi nezavisni gradona\u010delnik Bukure\u0161ta, uz podr\u0161ku opozicionih stranaka, a ponovo je izabran 2024. godine.\u00a0<\/p><\/div><div id=\"articleContainer5\" class=\"article__text container--smaller\" data-cy=\"articleBody\"><p>Tokom mandata fokusirao se na borbu protiv korupcije, unapre\u0111enje javne infrastrukture i transparentnost u radu lokalnih vlasti.<\/p><\/div><div id=\"articleContainer6\" class=\"article__text container--smaller\" data-cy=\"articleBody\"><p>Njegova najava od 16. decembra pro\u0161le godine da \u0107e se kandidovati na predsjedni\u010dkim izborima bila je iznena\u0111enje, s obzirom na to da je prethodno izrazio namjeru da odslu\u017ei bar jo\u0161 jedan mandat kao gradona\u010delnik Bukure\u0161ta, navode\u0107i da \u0107e mu biti potrebna najmanje dva-tri mandata &#8220;da bi sve sredio&#8221; u rumunskoj prestonici.<\/p><\/div><div id=\"articleContainer7\" class=\"article__text container--smaller\" data-cy=\"articleBody\"><p>Podsetimo, ju\u010de, 18. aprila\u00a0gra\u0111ani Rumunije u drugom krugu predsedni\u010dkih izbora birali su izme\u0111u krajnje desnog evroskeptika \u0110or\u0111a Simiona i prozapadnog reformiste Niku\u0161ora Dana, \u010dija bi pobjeda zadr\u017eala zemlju na proevropskom smjeru i \u200bumirila investitore.<\/p><\/div><div id=\"articleContainer8\" class=\"article__text container--smaller\" data-cy=\"articleBody\"><p>Izvor:\u00a0<i>Tanjug<\/i><\/p><\/div><\/div>\t\t\t\t\t\t\t\t<\/div>\n\t\t\t\t<\/div>\n\t\t\t\t<\/div>\n\t\t\t\t<\/div>\n\t\t\t\t<div class=\"elementor-element elementor-element-cc13a3d elementor-widget-divider--view-line elementor-widget elementor-widget-divider\" data-id=\"cc13a3d\" data-element_type=\"widget\" data-widget_type=\"divider.default\">\n\t\t\t\t<div class=\"elementor-widget-container\">\n\t\t\t\t\t\t\t<div class=\"elementor-divider\">\n\t\t\t<span class=\"elementor-divider-separator\">\n\t\t\t\t\t\t<\/span>\n\t\t<\/div>\n\t\t\t\t\t\t<\/div>\n\t\t\t\t<\/div>\n\t\t\t\t<\/div>\n\t\t\t\t<\/div>\n\t\t","protected":false},"excerpt":{"rendered":"<p>Novi predsjednik Rumunije Niku\u0161or Dan &#8211; matemati\u010dar u borbi protiv korupcije Home \/ Novi predsjednik Rumunije, proevropski centrista Niku\u0161or Dan, matemati\u010dar obrazovan na Sorboni, imao je istoriju aktivizma protiv neobuzdanog razvoja nekretnina i korupcije prije nego \u0161to je u\u0161ao u politiku, opisan je kao smiren i metodi\u010dan, a \u010desto je vi\u0111en kako vodi c\u0301erku u \u0161kolu. Njegov prvi izazov bic\u0301e imenovanje premijera i brzo formiranje nove vladajuc\u0301e vec\u0301ine kako bi se rije\u0161io najvec\u0301i bud\u017eetski deficit u EU i poku\u0161alo izbjec\u0301i smanjenje rejtinga sa posljednje stepenice investicionog ranga, pi\u0161e Rojters. Niku\u0161or Dan (55), koji je obec\u0301ao da c\u0301e se obra\u010dunati sa korupcijom, \u010dvrsto podr\u017eava \u010dlanstvo Rumunije u Evropskoj uniji i NATO-u, a u predizbornoj kampanji je rekao da je podr\u0161ka njegove zemlje Ukrajini od vitalnog zna\u010daja za sopstvenu bezbjednost. Kao nezavisni gradona\u010delnik Bukure\u0161ta u dva mandata, Dan ima iskustva u pregovaranju o vec\u0301ini i dokaze o tome kako je motivisan, kandidujuc\u0301i se dva puta za najvi\u0161u funkciju u glavnom gradu Rumunije prije nego \u0161to je izabran iz trec\u0301eg poku\u0161aja.\u00a0 Politi\u010dku karijeru zapo\u010deo je kao gra\u0111anski aktivista u borbi protiv bukure\u0161tanske mafije nekretnina, kada je 2006. godine, reaguju\u0107i na ru\u0161enje ku\u0107a arhitektonskog naslje\u0111a i izgradnju visokih zgrada u za\u0161ti\u0107enim naseljima Bukure\u0161ta, kao i na smanjenje broja zelenih povr\u0161ina, osnovao \u201eUdru\u017eenje za spas Bukure\u0161ta\u201c. Dan je 2020. godine postao prvi nezavisni gradona\u010delnik Bukure\u0161ta, uz podr\u0161ku opozicionih stranaka, a ponovo je izabran 2024. godine.\u00a0 Tokom mandata fokusirao se na borbu protiv korupcije, unapre\u0111enje javne infrastrukture i transparentnost u radu lokalnih vlasti. Njegova najava od 16. decembra pro\u0161le godine da \u0107e se kandidovati na predsjedni\u010dkim izborima bila je iznena\u0111enje, s obzirom na to da je prethodno izrazio namjeru da odslu\u017ei bar jo\u0161 jedan mandat kao gradona\u010delnik Bukure\u0161ta, navode\u0107i da \u0107e mu biti potrebna najmanje dva-tri mandata &#8220;da bi sve sredio&#8221; u rumunskoj prestonici. Podsetimo, ju\u010de, 18. aprila\u00a0gra\u0111ani Rumunije u drugom krugu predsedni\u010dkih izbora birali su izme\u0111u krajnje desnog evroskeptika \u0110or\u0111a Simiona i prozapadnog reformiste Niku\u0161ora Dana, \u010dija bi pobjeda zadr\u017eala zemlju na proevropskom smjeru i \u200bumirila investitore. Izvor:\u00a0Tanjug<\/p>\n","protected":false},"author":1,"featured_media":2205,"comment_status":"open","ping_status":"open","sticky":false,"template":"","format":"standard","meta":{"footnotes":""},"categories":[6],"tags":[],"class_list":["post-2203","post","type-post","status-publish","format-standard","has-post-thumbnail","hentry","category-ekonomija"],"_links":{"self":[{"href":"https:\/\/ekonomist.me\/index.php\/wp-json\/wp\/v2\/posts\/2203","targetHints":{"allow":["GET"]}}],"collection":[{"href":"https:\/\/ekonomist.me\/index.php\/wp-json\/wp\/v2\/posts"}],"about":[{"href":"https:\/\/ekonomist.me\/index.php\/wp-json\/wp\/v2\/types\/post"}],"author":[{"embeddable":true,"href":"https:\/\/ekonomist.me\/index.php\/wp-json\/wp\/v2\/users\/1"}],"replies":[{"embeddable":true,"href":"https:\/\/ekonomist.me\/index.php\/wp-json\/wp\/v2\/comments?post=2203"}],"version-history":[{"count":4,"href":"https:\/\/ekonomist.me\/index.php\/wp-json\/wp\/v2\/posts\/2203\/revisions"}],"predecessor-version":[{"id":2209,"href":"https:\/\/ekonomist.me\/index.php\/wp-json\/wp\/v2\/posts\/2203\/revisions\/2209"}],"wp:featuredmedia":[{"embeddable":true,"href":"https:\/\/ekonomist.me\/index.php\/wp-json\/wp\/v2\/media\/2205"}],"wp:attachment":[{"href":"https:\/\/ekonomist.me\/index.php\/wp-json\/wp\/v2\/media?parent=2203"}],"wp:term":[{"taxonomy":"category","embeddable":true,"href":"https:\/\/ekonomist.me\/index.php\/wp-json\/wp\/v2\/categories?post=2203"},{"taxonomy":"post_tag","embeddable":true,"href":"https:\/\/ekonomist.me\/index.php\/wp-json\/wp\/v2\/tags?post=2203"}],"curies":[{"name":"wp","href":"https:\/\/api.w.org\/{rel}","templated":true}]}}