{"id":2189,"date":"2025-05-18T08:25:00","date_gmt":"2025-05-18T08:25:00","guid":{"rendered":"https:\/\/ekonomist.me\/?p=2189"},"modified":"2025-05-18T08:29:15","modified_gmt":"2025-05-18T08:29:15","slug":"vise-od-150-delegacija-stize-na-inauguraciju-pape-lava-xiv","status":"publish","type":"post","link":"https:\/\/ekonomist.me\/index.php\/2025\/05\/18\/vise-od-150-delegacija-stize-na-inauguraciju-pape-lava-xiv\/","title":{"rendered":"Vi\u0161e od 150 delegacija sti\u017ee na inauguraciju pape Lava XIV"},"content":{"rendered":"\t\t<div data-elementor-type=\"wp-post\" data-elementor-id=\"2189\" class=\"elementor elementor-2189\">\n\t\t\t\t<div class=\"elementor-element elementor-element-2a37b54a e-con-full e-flex wpr-particle-no wpr-jarallax-no wpr-parallax-no wpr-sticky-section-no e-con e-parent\" data-id=\"2a37b54a\" data-element_type=\"container\">\n\t\t<div class=\"elementor-element elementor-element-d2c2a63 e-con-full e-flex wpr-particle-no wpr-jarallax-no wpr-parallax-no wpr-sticky-section-no e-con e-child\" data-id=\"d2c2a63\" data-element_type=\"container\">\n\t\t<div class=\"elementor-element elementor-element-df7e021 e-con-full e-flex wpr-particle-no wpr-jarallax-no wpr-parallax-no wpr-sticky-section-no e-con e-child\" data-id=\"df7e021\" data-element_type=\"container\">\n\t\t\t\t<div class=\"elementor-element elementor-element-c3a1298 elementor-widget elementor-widget-wpr-post-title\" data-id=\"c3a1298\" data-element_type=\"widget\" data-widget_type=\"wpr-post-title.default\">\n\t\t\t\t<div class=\"elementor-widget-container\">\n\t\t\t\t\t<h1 class=\"wpr-post-title\">Vi\u0161e od 150 delegacija sti\u017ee na inauguraciju pape Lava XIV<\/h1>\t\t\t\t<\/div>\n\t\t\t\t<\/div>\n\t\t\t\t<div class=\"elementor-element elementor-element-6e473ff elementor-widget elementor-widget-eael-breadcrumbs\" data-id=\"6e473ff\" data-element_type=\"widget\" data-widget_type=\"eael-breadcrumbs.default\">\n\t\t\t\t<div class=\"elementor-widget-container\">\n\t\t\t\t\t\t\t<div class=\"eael-breadcrumbs\">\n\t\t\t<div class=\"eael-breadcrumbs__content\"><a href=\"https:\/\/ekonomist.me\">Home<\/a> <span class=\"eael-breadcrumb-separator\">\/<\/span> <\/div>\t\t<\/div>\n\t\t\t\t\t\t<\/div>\n\t\t\t\t<\/div>\n\t\t\t\t<div class=\"elementor-element elementor-element-1812683f elementor-widget elementor-widget-text-editor\" data-id=\"1812683f\" data-element_type=\"widget\" data-widget_type=\"text-editor.default\">\n\t\t\t\t<div class=\"elementor-widget-container\">\n\t\t\t\t\t\t\t\t\t<header class=\"article-header\"><p class=\"article__subhead\"><em>Ameri\u010dko izaslanstvo predvodi\u0107e potpredsjednik JD Vance, a dolazak planira i dr\u017eavni sekretar Marco Rubio.<\/em><\/p><\/header><div class=\"wysiwyg wysiwyg--all-content\" aria-live=\"polite\" aria-atomic=\"true\"><p>Izaslansta iz vi\u0161e od 150 zemalja sti\u017ee u nedjelju na slu\u017ebenu inauguraciju pape\u00a0Lava XIV u\u00a0Vatikanu, saop\u0161tila je Sveta stolica.<\/p><p>Dolazak na misu na Trgu svetog Petra potvrdili su njema\u010dki kancelar\u00a0Friedrich Merz, italijanska premijerka Giorgia Meloni, kanadski premijer Mark Carney i ukrajinski predsjednik Volodimir Zelenski.<\/p><p>Ameri\u010dko izaslanstvo predvodi\u0107e potpredsjednik JD Vance, a dolazak planira i dr\u017eavni sekretar Marco Rubio.<\/p><p>U Vatikanu bi trebao biti i hrvatski premijer Andrej Plenkovi\u0107, prenio je Reuters.<\/p><h2 id=\"sastanci-izme-u-celnika-drzava\">Sastanci izme\u0111u \u010delnika dr\u017eava<\/h2><p>Predstavnici Italije, Perua i SAD-a ima\u0107e sjedi\u0161ta u VIP lo\u017ei, s obzirom na to da papa ima peruansko i ameri\u010dko dr\u017eavljanstvo.<\/p><p>Tom prilikom najvjerovatnije \u0107e do\u0107i do sastanaka izme\u0111u \u010delnika dr\u017eava.<\/p><p>Prema vatikanskom dr\u017eavnom sekretaru Pietru Parolinu, u toku je nastojanje da se organizuje bilateralni sastanak izme\u0111u Lava i Vancea, prenijela je Hina, pozivaju\u0107i se na agencije.<\/p><p>Vance je pro\u0161li put posjetio Rim u aprilu i bio je posljednji politi\u010dar koji se sastao s papom Franjom prije njegove smrti 21. aprila.<\/p><p>Lav je 8. maja postao prvi papa iz SAD-a, preuzev\u0161i ulogu \u010delnika 1,4 milijardi katolika \u0161irom svijeta.<\/p><\/div><div class=\"article-source\">Izvor: Aljazeera<\/div>\t\t\t\t\t\t\t\t<\/div>\n\t\t\t\t<\/div>\n\t\t\t\t<\/div>\n\t\t\t\t<\/div>\n\t\t\t\t<div class=\"elementor-element elementor-element-cc13a3d elementor-widget-divider--view-line elementor-widget elementor-widget-divider\" data-id=\"cc13a3d\" data-element_type=\"widget\" data-widget_type=\"divider.default\">\n\t\t\t\t<div class=\"elementor-widget-container\">\n\t\t\t\t\t\t\t<div class=\"elementor-divider\">\n\t\t\t<span class=\"elementor-divider-separator\">\n\t\t\t\t\t\t<\/span>\n\t\t<\/div>\n\t\t\t\t\t\t<\/div>\n\t\t\t\t<\/div>\n\t\t\t\t<\/div>\n\t\t\t\t<\/div>\n\t\t","protected":false},"excerpt":{"rendered":"<p>Vi\u0161e od 150 delegacija sti\u017ee na inauguraciju pape Lava XIV Home \/ Ameri\u010dko izaslanstvo predvodi\u0107e potpredsjednik JD Vance, a dolazak planira i dr\u017eavni sekretar Marco Rubio. Izaslansta iz vi\u0161e od 150 zemalja sti\u017ee u nedjelju na slu\u017ebenu inauguraciju pape\u00a0Lava XIV u\u00a0Vatikanu, saop\u0161tila je Sveta stolica. Dolazak na misu na Trgu svetog Petra potvrdili su njema\u010dki kancelar\u00a0Friedrich Merz, italijanska premijerka Giorgia Meloni, kanadski premijer Mark Carney i ukrajinski predsjednik Volodimir Zelenski. Ameri\u010dko izaslanstvo predvodi\u0107e potpredsjednik JD Vance, a dolazak planira i dr\u017eavni sekretar Marco Rubio. U Vatikanu bi trebao biti i hrvatski premijer Andrej Plenkovi\u0107, prenio je Reuters. Sastanci izme\u0111u \u010delnika dr\u017eava Predstavnici Italije, Perua i SAD-a ima\u0107e sjedi\u0161ta u VIP lo\u017ei, s obzirom na to da papa ima peruansko i ameri\u010dko dr\u017eavljanstvo. Tom prilikom najvjerovatnije \u0107e do\u0107i do sastanaka izme\u0111u \u010delnika dr\u017eava. Prema vatikanskom dr\u017eavnom sekretaru Pietru Parolinu, u toku je nastojanje da se organizuje bilateralni sastanak izme\u0111u Lava i Vancea, prenijela je Hina, pozivaju\u0107i se na agencije. Vance je pro\u0161li put posjetio Rim u aprilu i bio je posljednji politi\u010dar koji se sastao s papom Franjom prije njegove smrti 21. aprila. Lav je 8. maja postao prvi papa iz SAD-a, preuzev\u0161i ulogu \u010delnika 1,4 milijardi katolika \u0161irom svijeta. Izvor: Aljazeera<\/p>\n","protected":false},"author":1,"featured_media":2190,"comment_status":"open","ping_status":"open","sticky":false,"template":"","format":"standard","meta":{"footnotes":""},"categories":[9],"tags":[],"class_list":["post-2189","post","type-post","status-publish","format-standard","has-post-thumbnail","hentry","category-industrija"],"_links":{"self":[{"href":"https:\/\/ekonomist.me\/index.php\/wp-json\/wp\/v2\/posts\/2189","targetHints":{"allow":["GET"]}}],"collection":[{"href":"https:\/\/ekonomist.me\/index.php\/wp-json\/wp\/v2\/posts"}],"about":[{"href":"https:\/\/ekonomist.me\/index.php\/wp-json\/wp\/v2\/types\/post"}],"author":[{"embeddable":true,"href":"https:\/\/ekonomist.me\/index.php\/wp-json\/wp\/v2\/users\/1"}],"replies":[{"embeddable":true,"href":"https:\/\/ekonomist.me\/index.php\/wp-json\/wp\/v2\/comments?post=2189"}],"version-history":[{"count":7,"href":"https:\/\/ekonomist.me\/index.php\/wp-json\/wp\/v2\/posts\/2189\/revisions"}],"predecessor-version":[{"id":2197,"href":"https:\/\/ekonomist.me\/index.php\/wp-json\/wp\/v2\/posts\/2189\/revisions\/2197"}],"wp:featuredmedia":[{"embeddable":true,"href":"https:\/\/ekonomist.me\/index.php\/wp-json\/wp\/v2\/media\/2190"}],"wp:attachment":[{"href":"https:\/\/ekonomist.me\/index.php\/wp-json\/wp\/v2\/media?parent=2189"}],"wp:term":[{"taxonomy":"category","embeddable":true,"href":"https:\/\/ekonomist.me\/index.php\/wp-json\/wp\/v2\/categories?post=2189"},{"taxonomy":"post_tag","embeddable":true,"href":"https:\/\/ekonomist.me\/index.php\/wp-json\/wp\/v2\/tags?post=2189"}],"curies":[{"name":"wp","href":"https:\/\/api.w.org\/{rel}","templated":true}]}}