{"id":2077,"date":"2025-05-13T09:17:10","date_gmt":"2025-05-13T09:17:10","guid":{"rendered":"https:\/\/ekonomist.me\/?p=2077"},"modified":"2025-05-13T09:20:07","modified_gmt":"2025-05-13T09:20:07","slug":"ukrajina-zelenski-ce-se-u-istanbulu-sastati-samo-sa-putinom","status":"publish","type":"post","link":"https:\/\/ekonomist.me\/index.php\/2025\/05\/13\/ukrajina-zelenski-ce-se-u-istanbulu-sastati-samo-sa-putinom\/","title":{"rendered":"Ukrajina: Zelenski \u0107e se u Istanbulu sastati samo sa Putinom"},"content":{"rendered":"\t\t<div data-elementor-type=\"wp-post\" data-elementor-id=\"2077\" class=\"elementor elementor-2077\">\n\t\t\t\t<div class=\"elementor-element elementor-element-2a37b54a e-con-full e-flex wpr-particle-no wpr-jarallax-no wpr-parallax-no wpr-sticky-section-no e-con e-parent\" data-id=\"2a37b54a\" data-element_type=\"container\">\n\t\t<div class=\"elementor-element elementor-element-d2c2a63 e-con-full e-flex wpr-particle-no wpr-jarallax-no wpr-parallax-no wpr-sticky-section-no e-con e-child\" data-id=\"d2c2a63\" data-element_type=\"container\">\n\t\t<div class=\"elementor-element elementor-element-df7e021 e-con-full e-flex wpr-particle-no wpr-jarallax-no wpr-parallax-no wpr-sticky-section-no e-con e-child\" data-id=\"df7e021\" data-element_type=\"container\">\n\t\t\t\t<div class=\"elementor-element elementor-element-c3a1298 elementor-widget elementor-widget-wpr-post-title\" data-id=\"c3a1298\" data-element_type=\"widget\" data-widget_type=\"wpr-post-title.default\">\n\t\t\t\t<div class=\"elementor-widget-container\">\n\t\t\t\t\t<h1 class=\"wpr-post-title\">Ukrajina: Zelenski \u0107e se u Istanbulu sastati samo sa Putinom<\/h1>\t\t\t\t<\/div>\n\t\t\t\t<\/div>\n\t\t\t\t<div class=\"elementor-element elementor-element-6e473ff elementor-widget elementor-widget-eael-breadcrumbs\" data-id=\"6e473ff\" data-element_type=\"widget\" data-widget_type=\"eael-breadcrumbs.default\">\n\t\t\t\t<div class=\"elementor-widget-container\">\n\t\t\t\t\t\t\t<div class=\"eael-breadcrumbs\">\n\t\t\t<div class=\"eael-breadcrumbs__content\"><a href=\"https:\/\/ekonomist.me\">Home<\/a> <span class=\"eael-breadcrumb-separator\">\/<\/span> <\/div>\t\t<\/div>\n\t\t\t\t\t\t<\/div>\n\t\t\t\t<\/div>\n\t\t\t\t<div class=\"elementor-element elementor-element-1812683f elementor-widget elementor-widget-text-editor\" data-id=\"1812683f\" data-element_type=\"widget\" data-widget_type=\"text-editor.default\">\n\t\t\t\t<div class=\"elementor-widget-container\">\n\t\t\t\t\t\t\t\t\t<h3><strong>Predsjednik Ukrajine Vladimir Zelenski izjavio je da \u0107e se sastati isklju\u010divo sa ruskim predsjednikom Vladimirom Putinom u Istanbulu u \u010detvrtak, a ne sa drugim \u010dlanovima ruske delegacije, saop\u0161tio je ukrajinski savjetnik za medije.<\/strong><\/h3><p>Zelenski je prethodno rekao da je spreman da se sastane sa Putinom u cilju pregovora za okon\u010danje rata, prenio je Rojters.<\/p><p>Ameri\u010dki predsjednik Donald Tramp ponudio je pomo\u0107 u predlo\u017eenim mirovnim razgovorima izme\u0111u Ukrajine i Rusije.<\/p><p>Ruski predsjednik Vladimir Putin predlo\u017eio je nastavak direktnih pregovora sa Ukrajinom bez preduslova koji su prekinuti 2022. godine i da dijalog po\u010dne 15. maja u Istanbulu.<\/p><p>Ukrajinski predsjednik Vladimir Zelenski pristao je na razgovore u Turskoj 15. maja, ali je od samog po\u010detka govorio da \u017eeli li\u010dno sastanak sa Putinom.<\/p><p>Rusija jo\u0161 uvijek nije saop\u0161tila na kom nivou \u0107e u\u010destvovati.<\/p><p>Izvor: Vesti online<\/p>\t\t\t\t\t\t\t\t<\/div>\n\t\t\t\t<\/div>\n\t\t\t\t<\/div>\n\t\t\t\t<\/div>\n\t\t\t\t<div class=\"elementor-element elementor-element-cc13a3d elementor-widget-divider--view-line elementor-widget elementor-widget-divider\" data-id=\"cc13a3d\" data-element_type=\"widget\" data-widget_type=\"divider.default\">\n\t\t\t\t<div class=\"elementor-widget-container\">\n\t\t\t\t\t\t\t<div class=\"elementor-divider\">\n\t\t\t<span class=\"elementor-divider-separator\">\n\t\t\t\t\t\t<\/span>\n\t\t<\/div>\n\t\t\t\t\t\t<\/div>\n\t\t\t\t<\/div>\n\t\t\t\t<\/div>\n\t\t\t\t<\/div>\n\t\t","protected":false},"excerpt":{"rendered":"<p>Ukrajina: Zelenski \u0107e se u Istanbulu sastati samo sa Putinom Home \/ Predsjednik Ukrajine Vladimir Zelenski izjavio je da \u0107e se sastati isklju\u010divo sa ruskim predsjednikom Vladimirom Putinom u Istanbulu u \u010detvrtak, a ne sa drugim \u010dlanovima ruske delegacije, saop\u0161tio je ukrajinski savjetnik za medije. Zelenski je prethodno rekao da je spreman da se sastane sa Putinom u cilju pregovora za okon\u010danje rata, prenio je Rojters. Ameri\u010dki predsjednik Donald Tramp ponudio je pomo\u0107 u predlo\u017eenim mirovnim razgovorima izme\u0111u Ukrajine i Rusije. Ruski predsjednik Vladimir Putin predlo\u017eio je nastavak direktnih pregovora sa Ukrajinom bez preduslova koji su prekinuti 2022. godine i da dijalog po\u010dne 15. maja u Istanbulu. Ukrajinski predsjednik Vladimir Zelenski pristao je na razgovore u Turskoj 15. maja, ali je od samog po\u010detka govorio da \u017eeli li\u010dno sastanak sa Putinom. Rusija jo\u0161 uvijek nije saop\u0161tila na kom nivou \u0107e u\u010destvovati. Izvor: Vesti online<\/p>\n","protected":false},"author":1,"featured_media":2078,"comment_status":"open","ping_status":"open","sticky":false,"template":"","format":"standard","meta":{"footnotes":""},"categories":[6],"tags":[],"class_list":["post-2077","post","type-post","status-publish","format-standard","has-post-thumbnail","hentry","category-ekonomija"],"_links":{"self":[{"href":"https:\/\/ekonomist.me\/index.php\/wp-json\/wp\/v2\/posts\/2077","targetHints":{"allow":["GET"]}}],"collection":[{"href":"https:\/\/ekonomist.me\/index.php\/wp-json\/wp\/v2\/posts"}],"about":[{"href":"https:\/\/ekonomist.me\/index.php\/wp-json\/wp\/v2\/types\/post"}],"author":[{"embeddable":true,"href":"https:\/\/ekonomist.me\/index.php\/wp-json\/wp\/v2\/users\/1"}],"replies":[{"embeddable":true,"href":"https:\/\/ekonomist.me\/index.php\/wp-json\/wp\/v2\/comments?post=2077"}],"version-history":[{"count":7,"href":"https:\/\/ekonomist.me\/index.php\/wp-json\/wp\/v2\/posts\/2077\/revisions"}],"predecessor-version":[{"id":2085,"href":"https:\/\/ekonomist.me\/index.php\/wp-json\/wp\/v2\/posts\/2077\/revisions\/2085"}],"wp:featuredmedia":[{"embeddable":true,"href":"https:\/\/ekonomist.me\/index.php\/wp-json\/wp\/v2\/media\/2078"}],"wp:attachment":[{"href":"https:\/\/ekonomist.me\/index.php\/wp-json\/wp\/v2\/media?parent=2077"}],"wp:term":[{"taxonomy":"category","embeddable":true,"href":"https:\/\/ekonomist.me\/index.php\/wp-json\/wp\/v2\/categories?post=2077"},{"taxonomy":"post_tag","embeddable":true,"href":"https:\/\/ekonomist.me\/index.php\/wp-json\/wp\/v2\/tags?post=2077"}],"curies":[{"name":"wp","href":"https:\/\/api.w.org\/{rel}","templated":true}]}}