{"id":2067,"date":"2025-05-13T08:12:32","date_gmt":"2025-05-13T08:12:32","guid":{"rendered":"https:\/\/ekonomist.me\/?p=2067"},"modified":"2025-05-13T08:39:17","modified_gmt":"2025-05-13T08:39:17","slug":"tramp-evropska-unija-je-gora-od-kine","status":"publish","type":"post","link":"https:\/\/ekonomist.me\/index.php\/2025\/05\/13\/tramp-evropska-unija-je-gora-od-kine\/","title":{"rendered":"Tramp: Evropska unija je gora od Kine"},"content":{"rendered":"\t\t<div data-elementor-type=\"wp-post\" data-elementor-id=\"2067\" class=\"elementor elementor-2067\">\n\t\t\t\t<div class=\"elementor-element elementor-element-2a37b54a e-con-full e-flex wpr-particle-no wpr-jarallax-no wpr-parallax-no wpr-sticky-section-no e-con e-parent\" data-id=\"2a37b54a\" data-element_type=\"container\">\n\t\t<div class=\"elementor-element elementor-element-d2c2a63 e-con-full e-flex wpr-particle-no wpr-jarallax-no wpr-parallax-no wpr-sticky-section-no e-con e-child\" data-id=\"d2c2a63\" data-element_type=\"container\">\n\t\t<div class=\"elementor-element elementor-element-df7e021 e-con-full e-flex wpr-particle-no wpr-jarallax-no wpr-parallax-no wpr-sticky-section-no e-con e-child\" data-id=\"df7e021\" data-element_type=\"container\">\n\t\t\t\t<div class=\"elementor-element elementor-element-c3a1298 elementor-widget elementor-widget-wpr-post-title\" data-id=\"c3a1298\" data-element_type=\"widget\" data-widget_type=\"wpr-post-title.default\">\n\t\t\t\t<div class=\"elementor-widget-container\">\n\t\t\t\t\t<h1 class=\"wpr-post-title\">Tramp: Evropska unija je gora od Kine<\/h1>\t\t\t\t<\/div>\n\t\t\t\t<\/div>\n\t\t\t\t<div class=\"elementor-element elementor-element-6e473ff elementor-widget elementor-widget-eael-breadcrumbs\" data-id=\"6e473ff\" data-element_type=\"widget\" data-widget_type=\"eael-breadcrumbs.default\">\n\t\t\t\t<div class=\"elementor-widget-container\">\n\t\t\t\t\t\t\t<div class=\"eael-breadcrumbs\">\n\t\t\t<div class=\"eael-breadcrumbs__content\"><a href=\"https:\/\/ekonomist.me\">Home<\/a> <span class=\"eael-breadcrumb-separator\">\/<\/span> <\/div>\t\t<\/div>\n\t\t\t\t\t\t<\/div>\n\t\t\t\t<\/div>\n\t\t\t\t<div class=\"elementor-element elementor-element-1812683f elementor-widget elementor-widget-text-editor\" data-id=\"1812683f\" data-element_type=\"widget\" data-widget_type=\"text-editor.default\">\n\t\t\t\t<div class=\"elementor-widget-container\">\n\t\t\t\t\t\t\t\t\t<p><strong data-attribute-id=\"emphasized-text\">Ameri\u010dki predsjednik Donald Tramp ju\u010de je ponovo napao Evropsku uniju, rekav\u0161i da je u mnogim aspektima gora od Kine, samo nekoliko sati nakon \u0161to su Va\u0161ington i Peking postigli dogovor o smanjenju me\u0111usobnih carina i deeskalaciji trgovinskog rata.<\/strong><\/p><p>\u201eEvropska unija je na mnogo na\u010dina gora od Kine, u redu?\u201c, izjavio je Tramp kritikuju\u0107i Uniju i dodao: \u201eIgraju prljavo. Oh, popusti\u0107e oni. Samo gledajte. Mi dr\u017eimo sve karte u rukama. Oni nas tretiraju vrlo nepravedno\u201c.<\/p><p>Uprkos brojnim poku\u0161ajima Brisela da pregovorima ukloni carine koje je Tramp uveo na evropsku robu, EU jo\u0161 uvijek nije uspjela da postigne pomak.<\/p><p>Trampove izjave predstavljaju zna\u010dajan zaokret u odnosu na njegove rije\u010di pohvale upu\u0107ene predsjednici Evropske komisije pro\u0161le nedjelje, kada je Ursulu fon der Lajen nazvao \u201efantasti\u010dnom\u201c i izrazio nadu da \u0107e se uskoro sastati.<\/p><h2><strong>Brisel ponudio niz opcija<\/strong><\/h2><p>Iako se Tramp ve\u0107 sastao s nizom evropskih lidera, Fon der Lajen jo\u0161 uvek nije dogovorila sastanak s ameri\u010dkim predsjednikom. Pro\u0161le nedjelje je poru\u010dila da \u0107e do sastanka do\u0107i samo ako na stolu bude \u201ekonkretan\u201c trgovinski paket o kojem se mo\u017ee pregovarati.<\/p><p>Brisel je pro\u0161le nedjelje ponudio niz mogu\u0107ih ustupaka, uklju\u010duju\u0107i ubla\u017eavanje regulatornih pravila i zajedni\u010dke napore u suzbijanju kineske prekomjerne proizvodnje. Ipak, EU je tako\u0111e zaprijetila carinama na ameri\u010dku robu u vrijednosti od 95 milijardi evra ako pregovori zapnu. Trampov glavni trgovinski savjetnik, Piter Navaro, nazvao je tu mogu\u0107u protivmjeru provokativnom.<\/p><section data-role=\"embed-wrapper\"><div class=\"uc-embed uc-embed-Twitter\" data-social-network=\"Twitter\" data-thumbnail-url=\"\"><p><strong>SAD i Kina postigli dogovor o smanjenju carina<\/strong><\/p><\/div><\/section><p>Trampove o\u0161tre izjave dolaze u trenutku kada su SAD i Kina dogovorile smanjenje me\u0111usobnih carina nakon pregovora ameri\u010dkog ministra finansija Skota Besenta, trgovinskog predstavnika D\u017eejmija Grira i kineskih zvani\u010dnika u \u0160vajcarskoj.<\/p><p>Sjedinjene Ameri\u010dke Dr\u017eave \u0107e privremeno smanjiti Trampove carine na kineski uvoz sa 145% na 30%, dok \u0107e Kina svoje mjere smanjiti sa 125% na 10%. Ova suspenzija va\u017ei 90 dana, \u0161to otvara prostor za dalje pregovore.<\/p><h2><strong>Trampove \u201eTarife Dana oslobo\u0111enja\u201c uzdrmale tr\u017ei\u0161ta<\/strong><\/h2><p>Trampove \u201eTarife Dana oslobo\u0111enja\u201c, koje je uveo zemljama \u0161irom svijeta, uklju\u010duju\u0107i EU, izazvale su potrese na finansijskim tr\u017ei\u0161tima. U nastojanju da ispravi ono \u0161to vidi kao nepravedan odnos Evrope prema Sjedinjenim Dr\u017eavama, Tramp je uveo osnovnu carinu od 10%, kao i dodatne namete od 25% na automobile i metale. Najavljene su i nove mjere, sve sa ciljem vra\u0107anja proizvodnje u SAD nakon gubitaka uzrokovanih globalizacijom.<\/p><p>Tramp je ove izjave o EU dao u kontekstu predstavljanja novog plana za odre\u0111ivanje cijena ljekova, kojim \u017eeli da prisili farmaceutske kompanije da u SAD prodaju ljekove po najni\u017eoj cijeni koju nude bilo gdje u svijetu.<\/p>\t\t\t\t\t\t\t\t<\/div>\n\t\t\t\t<\/div>\n\t\t\t\t<\/div>\n\t\t\t\t<\/div>\n\t\t\t\t<div class=\"elementor-element elementor-element-cc13a3d elementor-widget-divider--view-line elementor-widget elementor-widget-divider\" data-id=\"cc13a3d\" data-element_type=\"widget\" data-widget_type=\"divider.default\">\n\t\t\t\t<div class=\"elementor-widget-container\">\n\t\t\t\t\t\t\t<div class=\"elementor-divider\">\n\t\t\t<span class=\"elementor-divider-separator\">\n\t\t\t\t\t\t<\/span>\n\t\t<\/div>\n\t\t\t\t\t\t<\/div>\n\t\t\t\t<\/div>\n\t\t\t\t<\/div>\n\t\t\t\t<\/div>\n\t\t","protected":false},"excerpt":{"rendered":"<p>Tramp: Evropska unija je gora od Kine Home \/ Ameri\u010dki predsjednik Donald Tramp ju\u010de je ponovo napao Evropsku uniju, rekav\u0161i da je u mnogim aspektima gora od Kine, samo nekoliko sati nakon \u0161to su Va\u0161ington i Peking postigli dogovor o smanjenju me\u0111usobnih carina i deeskalaciji trgovinskog rata. \u201eEvropska unija je na mnogo na\u010dina gora od Kine, u redu?\u201c, izjavio je Tramp kritikuju\u0107i Uniju i dodao: \u201eIgraju prljavo. Oh, popusti\u0107e oni. Samo gledajte. Mi dr\u017eimo sve karte u rukama. Oni nas tretiraju vrlo nepravedno\u201c. Uprkos brojnim poku\u0161ajima Brisela da pregovorima ukloni carine koje je Tramp uveo na evropsku robu, EU jo\u0161 uvijek nije uspjela da postigne pomak. Trampove izjave predstavljaju zna\u010dajan zaokret u odnosu na njegove rije\u010di pohvale upu\u0107ene predsjednici Evropske komisije pro\u0161le nedjelje, kada je Ursulu fon der Lajen nazvao \u201efantasti\u010dnom\u201c i izrazio nadu da \u0107e se uskoro sastati. Brisel ponudio niz opcija Iako se Tramp ve\u0107 sastao s nizom evropskih lidera, Fon der Lajen jo\u0161 uvek nije dogovorila sastanak s ameri\u010dkim predsjednikom. Pro\u0161le nedjelje je poru\u010dila da \u0107e do sastanka do\u0107i samo ako na stolu bude \u201ekonkretan\u201c trgovinski paket o kojem se mo\u017ee pregovarati. Brisel je pro\u0161le nedjelje ponudio niz mogu\u0107ih ustupaka, uklju\u010duju\u0107i ubla\u017eavanje regulatornih pravila i zajedni\u010dke napore u suzbijanju kineske prekomjerne proizvodnje. Ipak, EU je tako\u0111e zaprijetila carinama na ameri\u010dku robu u vrijednosti od 95 milijardi evra ako pregovori zapnu. Trampov glavni trgovinski savjetnik, Piter Navaro, nazvao je tu mogu\u0107u protivmjeru provokativnom. SAD i Kina postigli dogovor o smanjenju carina Trampove o\u0161tre izjave dolaze u trenutku kada su SAD i Kina dogovorile smanjenje me\u0111usobnih carina nakon pregovora ameri\u010dkog ministra finansija Skota Besenta, trgovinskog predstavnika D\u017eejmija Grira i kineskih zvani\u010dnika u \u0160vajcarskoj. Sjedinjene Ameri\u010dke Dr\u017eave \u0107e privremeno smanjiti Trampove carine na kineski uvoz sa 145% na 30%, dok \u0107e Kina svoje mjere smanjiti sa 125% na 10%. Ova suspenzija va\u017ei 90 dana, \u0161to otvara prostor za dalje pregovore. Trampove \u201eTarife Dana oslobo\u0111enja\u201c uzdrmale tr\u017ei\u0161ta Trampove \u201eTarife Dana oslobo\u0111enja\u201c, koje je uveo zemljama \u0161irom svijeta, uklju\u010duju\u0107i EU, izazvale su potrese na finansijskim tr\u017ei\u0161tima. U nastojanju da ispravi ono \u0161to vidi kao nepravedan odnos Evrope prema Sjedinjenim Dr\u017eavama, Tramp je uveo osnovnu carinu od 10%, kao i dodatne namete od 25% na automobile i metale. Najavljene su i nove mjere, sve sa ciljem vra\u0107anja proizvodnje u SAD nakon gubitaka uzrokovanih globalizacijom. Tramp je ove izjave o EU dao u kontekstu predstavljanja novog plana za odre\u0111ivanje cijena ljekova, kojim \u017eeli da prisili farmaceutske kompanije da u SAD prodaju ljekove po najni\u017eoj cijeni koju nude bilo gdje u svijetu.<\/p>\n","protected":false},"author":1,"featured_media":2068,"comment_status":"open","ping_status":"open","sticky":false,"template":"","format":"standard","meta":{"footnotes":""},"categories":[6],"tags":[],"class_list":["post-2067","post","type-post","status-publish","format-standard","has-post-thumbnail","hentry","category-ekonomija"],"_links":{"self":[{"href":"https:\/\/ekonomist.me\/index.php\/wp-json\/wp\/v2\/posts\/2067","targetHints":{"allow":["GET"]}}],"collection":[{"href":"https:\/\/ekonomist.me\/index.php\/wp-json\/wp\/v2\/posts"}],"about":[{"href":"https:\/\/ekonomist.me\/index.php\/wp-json\/wp\/v2\/types\/post"}],"author":[{"embeddable":true,"href":"https:\/\/ekonomist.me\/index.php\/wp-json\/wp\/v2\/users\/1"}],"replies":[{"embeddable":true,"href":"https:\/\/ekonomist.me\/index.php\/wp-json\/wp\/v2\/comments?post=2067"}],"version-history":[{"count":7,"href":"https:\/\/ekonomist.me\/index.php\/wp-json\/wp\/v2\/posts\/2067\/revisions"}],"predecessor-version":[{"id":2076,"href":"https:\/\/ekonomist.me\/index.php\/wp-json\/wp\/v2\/posts\/2067\/revisions\/2076"}],"wp:featuredmedia":[{"embeddable":true,"href":"https:\/\/ekonomist.me\/index.php\/wp-json\/wp\/v2\/media\/2068"}],"wp:attachment":[{"href":"https:\/\/ekonomist.me\/index.php\/wp-json\/wp\/v2\/media?parent=2067"}],"wp:term":[{"taxonomy":"category","embeddable":true,"href":"https:\/\/ekonomist.me\/index.php\/wp-json\/wp\/v2\/categories?post=2067"},{"taxonomy":"post_tag","embeddable":true,"href":"https:\/\/ekonomist.me\/index.php\/wp-json\/wp\/v2\/tags?post=2067"}],"curies":[{"name":"wp","href":"https:\/\/api.w.org\/{rel}","templated":true}]}}