{"id":2045,"date":"2025-05-12T08:55:06","date_gmt":"2025-05-12T08:55:06","guid":{"rendered":"https:\/\/ekonomist.me\/?p=2045"},"modified":"2025-05-12T09:00:36","modified_gmt":"2025-05-12T09:00:36","slug":"nacisticki-dokumenti-otkriveni-u-arhivi-vrhovnog-suda-argentine","status":"publish","type":"post","link":"https:\/\/ekonomist.me\/index.php\/2025\/05\/12\/nacisticki-dokumenti-otkriveni-u-arhivi-vrhovnog-suda-argentine\/","title":{"rendered":"Nacisti\u010dki dokumenti otkriveni u arhivi Vrhovnog suda Argentine"},"content":{"rendered":"\t\t<div data-elementor-type=\"wp-post\" data-elementor-id=\"2045\" class=\"elementor elementor-2045\">\n\t\t\t\t<div class=\"elementor-element elementor-element-2a37b54a e-con-full e-flex wpr-particle-no wpr-jarallax-no wpr-parallax-no wpr-sticky-section-no e-con e-parent\" data-id=\"2a37b54a\" data-element_type=\"container\">\n\t\t<div class=\"elementor-element elementor-element-d2c2a63 e-con-full e-flex wpr-particle-no wpr-jarallax-no wpr-parallax-no wpr-sticky-section-no e-con e-child\" data-id=\"d2c2a63\" data-element_type=\"container\">\n\t\t<div class=\"elementor-element elementor-element-df7e021 e-con-full e-flex wpr-particle-no wpr-jarallax-no wpr-parallax-no wpr-sticky-section-no e-con e-child\" data-id=\"df7e021\" data-element_type=\"container\">\n\t\t\t\t<div class=\"elementor-element elementor-element-c3a1298 elementor-widget elementor-widget-wpr-post-title\" data-id=\"c3a1298\" data-element_type=\"widget\" data-widget_type=\"wpr-post-title.default\">\n\t\t\t\t<div class=\"elementor-widget-container\">\n\t\t\t\t\t<h1 class=\"wpr-post-title\">Nacisti\u010dki dokumenti otkriveni u arhivi Vrhovnog suda Argentine<\/h1>\t\t\t\t<\/div>\n\t\t\t\t<\/div>\n\t\t\t\t<div class=\"elementor-element elementor-element-6e473ff elementor-widget elementor-widget-eael-breadcrumbs\" data-id=\"6e473ff\" data-element_type=\"widget\" data-widget_type=\"eael-breadcrumbs.default\">\n\t\t\t\t<div class=\"elementor-widget-container\">\n\t\t\t\t\t\t\t<div class=\"eael-breadcrumbs\">\n\t\t\t<div class=\"eael-breadcrumbs__content\"><a href=\"https:\/\/ekonomist.me\">Home<\/a> <span class=\"eael-breadcrumb-separator\">\/<\/span> <\/div>\t\t<\/div>\n\t\t\t\t\t\t<\/div>\n\t\t\t\t<\/div>\n\t\t\t\t<div class=\"elementor-element elementor-element-1812683f elementor-widget elementor-widget-text-editor\" data-id=\"1812683f\" data-element_type=\"widget\" data-widget_type=\"text-editor.default\">\n\t\t\t\t<div class=\"elementor-widget-container\">\n\t\t\t\t\t\t\t\t\t<div class=\"hidden md:w-2\/12 md:block social-share-sticky\"><p>Argentinski tu\u017eioci prona\u0161li su stotine dokumenata i \u010dlanskih karata nacisti\u010dkih organizacija u kutijama u arhivi Vrhovnog suda zemlje, prenijeli su danas tamo\u0161nji mediji.<\/p><\/div><div class=\"w-full md:w-10\/12\"><p>Sedam kutija je otvoreno u petak, a njihov sadr\u017eaj je klasifikovan, dokumentovan i sa\u010duvan po nalogu Vrhovnog suda kako bi se utvrdilo da li mogu pru\u017eiti relevantne informacije u vezi sa doga\u0111ajima vezanim za Holokaust ili bjekstvo nacista u Argentinu.<\/p><p>Mediji su preneli da je otkriveno postojanje nacisti\u010dke propagande i fotografija.<\/p><p>Muzej holokausta u Buenos Ajresu, \u010diji su predstavnici bili prisutni na otvaranju kutija u petak zajedno sa predsjednikom Vrhovnog suda Orasiom Rozatijem (Horacio Rosatti), u\u010destvuje u radovima na inventaru i konzervaciji.<\/p><p>Procjenjuje se da su hiljade nacista pro\u0161le kroz Argentinu ili se tamo sklonile posle Drugog svjetskog rata.<\/p><p>Najpoznatiji slu\u010dajevi su Adolf Ajhman (Eichmann), uhvac\u0301en u Buenos Ajresu 1960. godine, kojem je su\u0111eno i pogubljen je u Izraelu, potom Jozef Mengele (Joseph), ljekar poznat po svojim eksperimentima na zatvorenicima, koji se skrivao u Argentini prije nego \u0161to je pobjegao u Paragvaj i Brazil, gdje je i umro.<\/p><p>Tre\u0107i poznati slu\u010daj je i Erih Pribke (Erich Priebke), odgovoran za masakr 1944. godine tokom njema\u010dke okupacije Italije.<\/p><p>Pribke je uhap\u0161en u Argentini i izru\u010den Italiji 1995. godine, gdje je umro u zatvoru 2013. godine, odslu\u017eiv\u0161i do\u017eivotnu kaznu zatvora.<\/p><p>Izvor: Danas<\/p><\/div>\t\t\t\t\t\t\t\t<\/div>\n\t\t\t\t<\/div>\n\t\t\t\t<\/div>\n\t\t\t\t<\/div>\n\t\t\t\t<div class=\"elementor-element elementor-element-cc13a3d elementor-widget-divider--view-line elementor-widget elementor-widget-divider\" data-id=\"cc13a3d\" data-element_type=\"widget\" data-widget_type=\"divider.default\">\n\t\t\t\t<div class=\"elementor-widget-container\">\n\t\t\t\t\t\t\t<div class=\"elementor-divider\">\n\t\t\t<span class=\"elementor-divider-separator\">\n\t\t\t\t\t\t<\/span>\n\t\t<\/div>\n\t\t\t\t\t\t<\/div>\n\t\t\t\t<\/div>\n\t\t\t\t<\/div>\n\t\t\t\t<\/div>\n\t\t","protected":false},"excerpt":{"rendered":"<p>Nacisti\u010dki dokumenti otkriveni u arhivi Vrhovnog suda Argentine Home \/ Argentinski tu\u017eioci prona\u0161li su stotine dokumenata i \u010dlanskih karata nacisti\u010dkih organizacija u kutijama u arhivi Vrhovnog suda zemlje, prenijeli su danas tamo\u0161nji mediji. Sedam kutija je otvoreno u petak, a njihov sadr\u017eaj je klasifikovan, dokumentovan i sa\u010duvan po nalogu Vrhovnog suda kako bi se utvrdilo da li mogu pru\u017eiti relevantne informacije u vezi sa doga\u0111ajima vezanim za Holokaust ili bjekstvo nacista u Argentinu. Mediji su preneli da je otkriveno postojanje nacisti\u010dke propagande i fotografija. Muzej holokausta u Buenos Ajresu, \u010diji su predstavnici bili prisutni na otvaranju kutija u petak zajedno sa predsjednikom Vrhovnog suda Orasiom Rozatijem (Horacio Rosatti), u\u010destvuje u radovima na inventaru i konzervaciji. Procjenjuje se da su hiljade nacista pro\u0161le kroz Argentinu ili se tamo sklonile posle Drugog svjetskog rata. Najpoznatiji slu\u010dajevi su Adolf Ajhman (Eichmann), uhvac\u0301en u Buenos Ajresu 1960. godine, kojem je su\u0111eno i pogubljen je u Izraelu, potom Jozef Mengele (Joseph), ljekar poznat po svojim eksperimentima na zatvorenicima, koji se skrivao u Argentini prije nego \u0161to je pobjegao u Paragvaj i Brazil, gdje je i umro. Tre\u0107i poznati slu\u010daj je i Erih Pribke (Erich Priebke), odgovoran za masakr 1944. godine tokom njema\u010dke okupacije Italije. Pribke je uhap\u0161en u Argentini i izru\u010den Italiji 1995. godine, gdje je umro u zatvoru 2013. godine, odslu\u017eiv\u0161i do\u017eivotnu kaznu zatvora. Izvor: Danas<\/p>\n","protected":false},"author":1,"featured_media":2046,"comment_status":"open","ping_status":"open","sticky":false,"template":"","format":"standard","meta":{"footnotes":""},"categories":[6],"tags":[],"class_list":["post-2045","post","type-post","status-publish","format-standard","has-post-thumbnail","hentry","category-ekonomija"],"_links":{"self":[{"href":"https:\/\/ekonomist.me\/index.php\/wp-json\/wp\/v2\/posts\/2045","targetHints":{"allow":["GET"]}}],"collection":[{"href":"https:\/\/ekonomist.me\/index.php\/wp-json\/wp\/v2\/posts"}],"about":[{"href":"https:\/\/ekonomist.me\/index.php\/wp-json\/wp\/v2\/types\/post"}],"author":[{"embeddable":true,"href":"https:\/\/ekonomist.me\/index.php\/wp-json\/wp\/v2\/users\/1"}],"replies":[{"embeddable":true,"href":"https:\/\/ekonomist.me\/index.php\/wp-json\/wp\/v2\/comments?post=2045"}],"version-history":[{"count":7,"href":"https:\/\/ekonomist.me\/index.php\/wp-json\/wp\/v2\/posts\/2045\/revisions"}],"predecessor-version":[{"id":2053,"href":"https:\/\/ekonomist.me\/index.php\/wp-json\/wp\/v2\/posts\/2045\/revisions\/2053"}],"wp:featuredmedia":[{"embeddable":true,"href":"https:\/\/ekonomist.me\/index.php\/wp-json\/wp\/v2\/media\/2046"}],"wp:attachment":[{"href":"https:\/\/ekonomist.me\/index.php\/wp-json\/wp\/v2\/media?parent=2045"}],"wp:term":[{"taxonomy":"category","embeddable":true,"href":"https:\/\/ekonomist.me\/index.php\/wp-json\/wp\/v2\/categories?post=2045"},{"taxonomy":"post_tag","embeddable":true,"href":"https:\/\/ekonomist.me\/index.php\/wp-json\/wp\/v2\/tags?post=2045"}],"curies":[{"name":"wp","href":"https:\/\/api.w.org\/{rel}","templated":true}]}}