{"id":2032,"date":"2025-05-12T08:05:18","date_gmt":"2025-05-12T08:05:18","guid":{"rendered":"https:\/\/ekonomist.me\/?p=2032"},"modified":"2025-05-12T08:52:33","modified_gmt":"2025-05-12T08:52:33","slug":"analiza-strucnjaka-o-sudbini-evrope-ako-se-ne-objedini-eu-ce-propasti","status":"publish","type":"post","link":"https:\/\/ekonomist.me\/index.php\/2025\/05\/12\/analiza-strucnjaka-o-sudbini-evrope-ako-se-ne-objedini-eu-ce-propasti\/","title":{"rendered":"Analiza stru\u010dnjaka o sudbini Evrope: Ako se ne objedini, EU \u0107e propasti"},"content":{"rendered":"\t\t<div data-elementor-type=\"wp-post\" data-elementor-id=\"2032\" class=\"elementor elementor-2032\">\n\t\t\t\t<div class=\"elementor-element elementor-element-2a37b54a e-con-full e-flex wpr-particle-no wpr-jarallax-no wpr-parallax-no wpr-sticky-section-no e-con e-parent\" data-id=\"2a37b54a\" data-element_type=\"container\">\n\t\t<div class=\"elementor-element elementor-element-d2c2a63 e-con-full e-flex wpr-particle-no wpr-jarallax-no wpr-parallax-no wpr-sticky-section-no e-con e-child\" data-id=\"d2c2a63\" data-element_type=\"container\">\n\t\t<div class=\"elementor-element elementor-element-df7e021 e-con-full e-flex wpr-particle-no wpr-jarallax-no wpr-parallax-no wpr-sticky-section-no e-con e-child\" data-id=\"df7e021\" data-element_type=\"container\">\n\t\t\t\t<div class=\"elementor-element elementor-element-c3a1298 elementor-widget elementor-widget-wpr-post-title\" data-id=\"c3a1298\" data-element_type=\"widget\" data-widget_type=\"wpr-post-title.default\">\n\t\t\t\t<div class=\"elementor-widget-container\">\n\t\t\t\t\t<h1 class=\"wpr-post-title\">Analiza stru\u010dnjaka o sudbini Evrope: Ako se ne objedini, EU \u0107e propasti<\/h1>\t\t\t\t<\/div>\n\t\t\t\t<\/div>\n\t\t\t\t<div class=\"elementor-element elementor-element-6e473ff elementor-widget elementor-widget-eael-breadcrumbs\" data-id=\"6e473ff\" data-element_type=\"widget\" data-widget_type=\"eael-breadcrumbs.default\">\n\t\t\t\t<div class=\"elementor-widget-container\">\n\t\t\t\t\t\t\t<div class=\"eael-breadcrumbs\">\n\t\t\t<div class=\"eael-breadcrumbs__content\"><a href=\"https:\/\/ekonomist.me\">Home<\/a> <span class=\"eael-breadcrumb-separator\">\/<\/span> <\/div>\t\t<\/div>\n\t\t\t\t\t\t<\/div>\n\t\t\t\t<\/div>\n\t\t\t\t<div class=\"elementor-element elementor-element-1812683f elementor-widget elementor-widget-text-editor\" data-id=\"1812683f\" data-element_type=\"widget\" data-widget_type=\"text-editor.default\">\n\t\t\t\t<div class=\"elementor-widget-container\">\n\t\t\t\t\t\t\t\t\t<header class=\"article-header\"><p class=\"article__subhead\"><em>Evropska unija ne\u0107e opstati ako se ne objedini bezbjednosno i bud\u017eetski, ali tako\u0111e i ako se ne pro\u0161iri na nove \u010dlanice.<\/em><\/p><\/header><div class=\"wysiwyg wysiwyg--all-content\" aria-live=\"polite\" aria-atomic=\"true\"><p>Svijet izgra\u0111en poslije Drugog svjetskog rata se raspada, a okosnicu novog poretka \u0107e \u010diniti interesi nuklearnih super-sila, me\u0111u kojima nema Evrope, smatraju ugledni evropski politi\u010dki analiti\u010dari, javlja Beta.<\/p><p>I, kako zaklju\u010duju, Evropska unija ne\u0107e opstati ako se ne objedini bezbjednosno i bud\u017eetski, ali tako\u0111e i ako se ne pro\u0161iri na nove \u010dlanice.<\/p><p>Biv\u0161i \u0161ef njema\u010dke diplomatije Joschka Fischer tako predo\u010dava da Evropa mo\u017ee kro\u010diti u \u201cstrategijsku nezavisnost\u201d, \u0161to \u017eele neki vode\u0107i politi\u010dari, ne samo ako stvori vlastitu odbranu, postane tehnolo\u0161ki nezavisna od SAD i Kine, ve\u0107 i stvori jezgro \u010dlanica EU koje su za \u201cevropsku odbranu\u201d i pro\u0161irenje, a time otkloni one koji se tome protive.<\/p><p>Donedavni \u0161ef diplomatije EU i biv\u0161i \u0161ef Evropskog parlamenta Josep Borrell misli tako\u0111e da Evropa mora stvori odbrambenu, bud\u017eetsku strukturu i \u201ckrenuti u federalnu uniju\u201d.<\/p><p>Jer, ina\u010de, \u201cne\u0107e opstati\u2026 svijetom danas vladaju populizam, protekcionizam, ratovi, a moramo biti svjesni toga da je svijet odbacio upliv i vezanost za Zapad \u201c.<\/p><p>Evropljani su s velikom pa\u017enjom primili na znanje da Amerika vi\u0161e ne \u017eeli da bude ne samo bezbjednosni za\u0161titnik, ve\u0107 ni ekonomski bliski partner Brisela.<\/p><h2 id=\"izgubljena-inicijativa\">Izgubljena inicijativa<\/h2><p>To je posebno prepoznato u izjavi potpredsjednika SAD-a JD Vancea da \u201cEvropa jeste na\u0161 saveznik, ali ne mo\u017ee biti vje\u010diti vazal\u201d.<\/p><p>Borrell ukazuje i na to da nezapadni svijet, \u201cna nas Evropljane gleda kao na onakve kakvi smo: stanovni\u0161tvo koje se smanjuje i stari, da smo izgubili inicijativu na tehnolo\u0161kom polju, a svijetom preovladava tehnolo\u0161ko ameri\u010dko-kinesko nadmetanje, ruska invazija na Ukrajinu i razbija\u010dki \u010dinilac oli\u010den u predsjedniku (SAD Donaldu) Trumpu\u201d.<\/p><p>Uvjeren je da \u201cEvropa s tim izazovima treba da se su\u010delji svjesna da je na\u0161 potencijal to \u0161to smo u svijetu najbolji spoj politi\u010dke slobode, ekonomskog napretka i socijalne zbijenosti i sklada\u201d.<\/p><p>Francuski dnevnik\u00a0<em>Monde<\/em> istovremeno u op\u0161irnoj analizi \u201cstanja svijeta i Evrope\u201d zaklju\u010duje da su se \u201cosamdeset godina poslije kraja Drugog svjetskog rata su\u010delile dvije Evrope, usred haosa kojim dominiraju drugi\u201d.<\/p><p><em>Monde<\/em>\u00a0s gor\u010dinom zaklju\u010duje da je obilje\u017eavanje 80. godi\u0161njice pobjede u Drugom svjetskom ratu \u201cimalo obilje\u017eje rekvijema za kraj me\u0111unarodnog poretka proisteklog iz ratne pobjede-nastanak dva dijela kontinenta razdvojenog jednom zemljom, Ukrajinom, u ratu\u201d.<\/p><p>Nekada\u0161nji njema\u010dki ministar inostranih poslova Fischer ujedno upozorava da podjele koje je svijetu nametnula vlast predsjednika SAD-a Trumpa zahtijevaju da i Evropa postane samosvojna svjetska snaga \u201cuz nadnacionalnu politi\u010dku volju\u201d.<\/p><h2 id=\"vojna-bezbjednost-evrope\">Vojna bezbjednost Evrope<\/h2><p>Fischer, \u0161tavi\u0161e, predo\u010dava da \u201cTrumpova vlada ne dovodi u pitanje samo vojnu bezbjednost Evrope, ve\u0107 tako\u0111e sumnja u njenu mo\u0107 u svjetskoj trgovini, na kojoj po\u010diva evropska privreda\u201d.<\/p><p>On tako\u0111e podvla\u010di da se EU mora osloboditi tehnolo\u0161ke zavisnosti od neevropskih velikih sila, \u201ckao i zavisnosti od sirovina i rijetkih metala\u201d.<\/p><p>Vi\u0161e od 200 evropskih kompanija, uklju\u010duju\u0107i vrlo uspje\u0161nog proizvo\u0111a\u010da aviona Airbus, su upravo upozorili da \u0107e Evropa postati \u201ctehnolo\u0161ka kolonija\u201d ako ne krene u osvajanje vlastite visoke tehnologije, posebno vje\u0161ta\u010dke inteligencije.<\/p><p>Njihov zaklju\u010dak je da se mora okrenuti geslu \u201ckupujte evropsko\u201d, jer osamdeset posto numeri\u010dkih programa i usluga za profesionalne potrebe u Evropi se kupuju od ameri\u010dkih firmi, a to je 265 milijardi eura godi\u0161nje.<\/p><p>Fischer pomalo iznena\u0111uju\u0107e isti\u010de da Evropa mora prevazi\u0107i nacionalne razlike i nadahnuti se \u201cnaslije\u0111em\u201d biv\u0161eg francuskog predsjednika Charlesa de Gola i zbog bezbjednosnih vojnih i ekonomskih prijetnji \u201cpostati degolisti\u010dka, nezavisna\u2026jer tre\u0107eg puta nema\u201d.<\/p><p>\u201cEvropi je potrebna sna\u017ena ideolo\u0161ka su\u0161tina, da jedinstveno stoji iza slobode, ljudskih prava, solidarnosti i vladavine zakona\u2026 i samo tad \u0107e svijet vjerovati da smo prava svjetska sila\u201d, ka\u017ee Fischer.<\/p><h2 id=\"prosirivanje-unije\">Pro\u0161irivanje Unije<\/h2><p>On podvla\u010di i nu\u017enost pro\u0161irivanja EU na susjedne zemlje, produbljivanje evropske integracije, opipljivo pomaganje reformi u zemljama na putu u \u010dlanstvo Unije.<\/p><p>I navodi da \u201cukoliko neke vlade EU ko\u010de dalje produbljivanje evropske integracije, one \u010dlanice \u2018koje to \u017eele i mogu\u2019 treba da osna\u017ee me\u0111usobnu saradnju \u201c.<\/p><p>A \u201cEU tako\u0111e mora obnoviti naru\u0161enu vjerodostojnost u evropsku perspektivu kandidata za \u010dlanstvo \u201c, ukazuje on.<\/p><p>Borrell zaklju\u010duje da \u201cu Evropi danas vladaju tri straha: od rata, gubljenja vlastite industrije i konkurentske sposobnosti, kao i okretanja ka krajnjoj politi\u010dkoj desnici\u201d.<\/p><p>Primje\u0107uje da krajnja desnica tako\u0111e jako ma\u0161e i pla\u0161i bojaznima od gubljenja identiteta zbog nekontrolisanog priliva doseljenika s drugih kontinenata.<\/p><\/div><div class=\"article-source\">Izvor: Aljazeera<\/div>\t\t\t\t\t\t\t\t<\/div>\n\t\t\t\t<\/div>\n\t\t\t\t<\/div>\n\t\t\t\t<\/div>\n\t\t\t\t<div class=\"elementor-element elementor-element-cc13a3d elementor-widget-divider--view-line elementor-widget elementor-widget-divider\" data-id=\"cc13a3d\" data-element_type=\"widget\" data-widget_type=\"divider.default\">\n\t\t\t\t<div class=\"elementor-widget-container\">\n\t\t\t\t\t\t\t<div class=\"elementor-divider\">\n\t\t\t<span class=\"elementor-divider-separator\">\n\t\t\t\t\t\t<\/span>\n\t\t<\/div>\n\t\t\t\t\t\t<\/div>\n\t\t\t\t<\/div>\n\t\t\t\t<\/div>\n\t\t\t\t<\/div>\n\t\t","protected":false},"excerpt":{"rendered":"<p>Analiza stru\u010dnjaka o sudbini Evrope: Ako se ne objedini, EU \u0107e propasti Home \/ Evropska unija ne\u0107e opstati ako se ne objedini bezbjednosno i bud\u017eetski, ali tako\u0111e i ako se ne pro\u0161iri na nove \u010dlanice. Svijet izgra\u0111en poslije Drugog svjetskog rata se raspada, a okosnicu novog poretka \u0107e \u010diniti interesi nuklearnih super-sila, me\u0111u kojima nema Evrope, smatraju ugledni evropski politi\u010dki analiti\u010dari, javlja Beta. I, kako zaklju\u010duju, Evropska unija ne\u0107e opstati ako se ne objedini bezbjednosno i bud\u017eetski, ali tako\u0111e i ako se ne pro\u0161iri na nove \u010dlanice. Biv\u0161i \u0161ef njema\u010dke diplomatije Joschka Fischer tako predo\u010dava da Evropa mo\u017ee kro\u010diti u \u201cstrategijsku nezavisnost\u201d, \u0161to \u017eele neki vode\u0107i politi\u010dari, ne samo ako stvori vlastitu odbranu, postane tehnolo\u0161ki nezavisna od SAD i Kine, ve\u0107 i stvori jezgro \u010dlanica EU koje su za \u201cevropsku odbranu\u201d i pro\u0161irenje, a time otkloni one koji se tome protive. Donedavni \u0161ef diplomatije EU i biv\u0161i \u0161ef Evropskog parlamenta Josep Borrell misli tako\u0111e da Evropa mora stvori odbrambenu, bud\u017eetsku strukturu i \u201ckrenuti u federalnu uniju\u201d. Jer, ina\u010de, \u201cne\u0107e opstati\u2026 svijetom danas vladaju populizam, protekcionizam, ratovi, a moramo biti svjesni toga da je svijet odbacio upliv i vezanost za Zapad \u201c. Evropljani su s velikom pa\u017enjom primili na znanje da Amerika vi\u0161e ne \u017eeli da bude ne samo bezbjednosni za\u0161titnik, ve\u0107 ni ekonomski bliski partner Brisela. Izgubljena inicijativa To je posebno prepoznato u izjavi potpredsjednika SAD-a JD Vancea da \u201cEvropa jeste na\u0161 saveznik, ali ne mo\u017ee biti vje\u010diti vazal\u201d. Borrell ukazuje i na to da nezapadni svijet, \u201cna nas Evropljane gleda kao na onakve kakvi smo: stanovni\u0161tvo koje se smanjuje i stari, da smo izgubili inicijativu na tehnolo\u0161kom polju, a svijetom preovladava tehnolo\u0161ko ameri\u010dko-kinesko nadmetanje, ruska invazija na Ukrajinu i razbija\u010dki \u010dinilac oli\u010den u predsjedniku (SAD Donaldu) Trumpu\u201d. Uvjeren je da \u201cEvropa s tim izazovima treba da se su\u010delji svjesna da je na\u0161 potencijal to \u0161to smo u svijetu najbolji spoj politi\u010dke slobode, ekonomskog napretka i socijalne zbijenosti i sklada\u201d. Francuski dnevnik\u00a0Monde istovremeno u op\u0161irnoj analizi \u201cstanja svijeta i Evrope\u201d zaklju\u010duje da su se \u201cosamdeset godina poslije kraja Drugog svjetskog rata su\u010delile dvije Evrope, usred haosa kojim dominiraju drugi\u201d. Monde\u00a0s gor\u010dinom zaklju\u010duje da je obilje\u017eavanje 80. godi\u0161njice pobjede u Drugom svjetskom ratu \u201cimalo obilje\u017eje rekvijema za kraj me\u0111unarodnog poretka proisteklog iz ratne pobjede-nastanak dva dijela kontinenta razdvojenog jednom zemljom, Ukrajinom, u ratu\u201d. Nekada\u0161nji njema\u010dki ministar inostranih poslova Fischer ujedno upozorava da podjele koje je svijetu nametnula vlast predsjednika SAD-a Trumpa zahtijevaju da i Evropa postane samosvojna svjetska snaga \u201cuz nadnacionalnu politi\u010dku volju\u201d. Vojna bezbjednost Evrope Fischer, \u0161tavi\u0161e, predo\u010dava da \u201cTrumpova vlada ne dovodi u pitanje samo vojnu bezbjednost Evrope, ve\u0107 tako\u0111e sumnja u njenu mo\u0107 u svjetskoj trgovini, na kojoj po\u010diva evropska privreda\u201d. On tako\u0111e podvla\u010di da se EU mora osloboditi tehnolo\u0161ke zavisnosti od neevropskih velikih sila, \u201ckao i zavisnosti od sirovina i rijetkih metala\u201d. Vi\u0161e od 200 evropskih kompanija, uklju\u010duju\u0107i vrlo uspje\u0161nog proizvo\u0111a\u010da aviona Airbus, su upravo upozorili da \u0107e Evropa postati \u201ctehnolo\u0161ka kolonija\u201d ako ne krene u osvajanje vlastite visoke tehnologije, posebno vje\u0161ta\u010dke inteligencije. Njihov zaklju\u010dak je da se mora okrenuti geslu \u201ckupujte evropsko\u201d, jer osamdeset posto numeri\u010dkih programa i usluga za profesionalne potrebe u Evropi se kupuju od ameri\u010dkih firmi, a to je 265 milijardi eura godi\u0161nje. Fischer pomalo iznena\u0111uju\u0107e isti\u010de da Evropa mora prevazi\u0107i nacionalne razlike i nadahnuti se \u201cnaslije\u0111em\u201d biv\u0161eg francuskog predsjednika Charlesa de Gola i zbog bezbjednosnih vojnih i ekonomskih prijetnji \u201cpostati degolisti\u010dka, nezavisna\u2026jer tre\u0107eg puta nema\u201d. \u201cEvropi je potrebna sna\u017ena ideolo\u0161ka su\u0161tina, da jedinstveno stoji iza slobode, ljudskih prava, solidarnosti i vladavine zakona\u2026 i samo tad \u0107e svijet vjerovati da smo prava svjetska sila\u201d, ka\u017ee Fischer. Pro\u0161irivanje Unije On podvla\u010di i nu\u017enost pro\u0161irivanja EU na susjedne zemlje, produbljivanje evropske integracije, opipljivo pomaganje reformi u zemljama na putu u \u010dlanstvo Unije. I navodi da \u201cukoliko neke vlade EU ko\u010de dalje produbljivanje evropske integracije, one \u010dlanice \u2018koje to \u017eele i mogu\u2019 treba da osna\u017ee me\u0111usobnu saradnju \u201c. A \u201cEU tako\u0111e mora obnoviti naru\u0161enu vjerodostojnost u evropsku perspektivu kandidata za \u010dlanstvo \u201c, ukazuje on. Borrell zaklju\u010duje da \u201cu Evropi danas vladaju tri straha: od rata, gubljenja vlastite industrije i konkurentske sposobnosti, kao i okretanja ka krajnjoj politi\u010dkoj desnici\u201d. Primje\u0107uje da krajnja desnica tako\u0111e jako ma\u0161e i pla\u0161i bojaznima od gubljenja identiteta zbog nekontrolisanog priliva doseljenika s drugih kontinenata. Izvor: Aljazeera<\/p>\n","protected":false},"author":1,"featured_media":1867,"comment_status":"open","ping_status":"open","sticky":false,"template":"","format":"standard","meta":{"footnotes":""},"categories":[6],"tags":[],"class_list":["post-2032","post","type-post","status-publish","format-standard","has-post-thumbnail","hentry","category-ekonomija"],"_links":{"self":[{"href":"https:\/\/ekonomist.me\/index.php\/wp-json\/wp\/v2\/posts\/2032","targetHints":{"allow":["GET"]}}],"collection":[{"href":"https:\/\/ekonomist.me\/index.php\/wp-json\/wp\/v2\/posts"}],"about":[{"href":"https:\/\/ekonomist.me\/index.php\/wp-json\/wp\/v2\/types\/post"}],"author":[{"embeddable":true,"href":"https:\/\/ekonomist.me\/index.php\/wp-json\/wp\/v2\/users\/1"}],"replies":[{"embeddable":true,"href":"https:\/\/ekonomist.me\/index.php\/wp-json\/wp\/v2\/comments?post=2032"}],"version-history":[{"count":10,"href":"https:\/\/ekonomist.me\/index.php\/wp-json\/wp\/v2\/posts\/2032\/revisions"}],"predecessor-version":[{"id":2044,"href":"https:\/\/ekonomist.me\/index.php\/wp-json\/wp\/v2\/posts\/2032\/revisions\/2044"}],"wp:featuredmedia":[{"embeddable":true,"href":"https:\/\/ekonomist.me\/index.php\/wp-json\/wp\/v2\/media\/1867"}],"wp:attachment":[{"href":"https:\/\/ekonomist.me\/index.php\/wp-json\/wp\/v2\/media?parent=2032"}],"wp:term":[{"taxonomy":"category","embeddable":true,"href":"https:\/\/ekonomist.me\/index.php\/wp-json\/wp\/v2\/categories?post=2032"},{"taxonomy":"post_tag","embeddable":true,"href":"https:\/\/ekonomist.me\/index.php\/wp-json\/wp\/v2\/tags?post=2032"}],"curies":[{"name":"wp","href":"https:\/\/api.w.org\/{rel}","templated":true}]}}