{"id":1944,"date":"2025-05-08T06:58:52","date_gmt":"2025-05-08T06:58:52","guid":{"rendered":"https:\/\/ekonomist.me\/?p=1944"},"modified":"2025-05-08T07:20:11","modified_gmt":"2025-05-08T07:20:11","slug":"evropa-danas-slavi-dan-pobjede-nad-fasizmom","status":"publish","type":"post","link":"https:\/\/ekonomist.me\/index.php\/2025\/05\/08\/evropa-danas-slavi-dan-pobjede-nad-fasizmom\/","title":{"rendered":"Evropa danas slavi Dan pobjede nad fa\u0161izmom"},"content":{"rendered":"\t\t<div data-elementor-type=\"wp-post\" data-elementor-id=\"1944\" class=\"elementor elementor-1944\">\n\t\t\t\t<div class=\"elementor-element elementor-element-2a37b54a e-con-full e-flex wpr-particle-no wpr-jarallax-no wpr-parallax-no wpr-sticky-section-no e-con e-parent\" data-id=\"2a37b54a\" data-element_type=\"container\">\n\t\t<div class=\"elementor-element elementor-element-d2c2a63 e-con-full e-flex wpr-particle-no wpr-jarallax-no wpr-parallax-no wpr-sticky-section-no e-con e-child\" data-id=\"d2c2a63\" data-element_type=\"container\">\n\t\t<div class=\"elementor-element elementor-element-df7e021 e-con-full e-flex wpr-particle-no wpr-jarallax-no wpr-parallax-no wpr-sticky-section-no e-con e-child\" data-id=\"df7e021\" data-element_type=\"container\">\n\t\t\t\t<div class=\"elementor-element elementor-element-2b090c2 elementor-widget elementor-widget-wpr-post-media\" data-id=\"2b090c2\" data-element_type=\"widget\" data-widget_type=\"wpr-post-media.default\">\n\t\t\t\t<div class=\"elementor-widget-container\">\n\t\t\t\t\t<div class=\"wpr-featured-media-wrap\" data-caption=\"standard\"><div class=\"wpr-featured-media-image\" data-src=\"https:\/\/ekonomist.me\/wp-content\/uploads\/2025\/05\/Dan_pobede_nad_fasizmom_wikipedia.jpg\"><img decoding=\"async\" src=\"https:\/\/ekonomist.me\/wp-content\/uploads\/2025\/05\/Dan_pobede_nad_fasizmom_wikipedia.jpg\" alt=\"\"><\/div><\/div>\t\t\t\t<\/div>\n\t\t\t\t<\/div>\n\t\t\t\t<div class=\"elementor-element elementor-element-c3a1298 elementor-widget elementor-widget-wpr-post-title\" data-id=\"c3a1298\" data-element_type=\"widget\" data-widget_type=\"wpr-post-title.default\">\n\t\t\t\t<div class=\"elementor-widget-container\">\n\t\t\t\t\t<h1 class=\"wpr-post-title\">Evropa danas slavi Dan pobjede nad fa\u0161izmom<\/h1>\t\t\t\t<\/div>\n\t\t\t\t<\/div>\n\t\t\t\t<div class=\"elementor-element elementor-element-6e473ff elementor-widget elementor-widget-eael-breadcrumbs\" data-id=\"6e473ff\" data-element_type=\"widget\" data-widget_type=\"eael-breadcrumbs.default\">\n\t\t\t\t<div class=\"elementor-widget-container\">\n\t\t\t\t\t\t\t<div class=\"eael-breadcrumbs\">\n\t\t\t<div class=\"eael-breadcrumbs__content\"><a href=\"https:\/\/ekonomist.me\">Home<\/a> <span class=\"eael-breadcrumb-separator\">\/<\/span> <\/div>\t\t<\/div>\n\t\t\t\t\t\t<\/div>\n\t\t\t\t<\/div>\n\t\t\t\t<div class=\"elementor-element elementor-element-1812683f elementor-widget elementor-widget-text-editor\" data-id=\"1812683f\" data-element_type=\"widget\" data-widget_type=\"text-editor.default\">\n\t\t\t\t<div class=\"elementor-widget-container\">\n\t\t\t\t\t\t\t\t\t<div style=\"background-image: none; background-position: 0px 0px; background-size: initial; background-repeat: repeat; background-attachment: scroll; background-origin: initial; background-clip: initial; border: 0px none; font-size: 1.3rem; margin-right: 0px; margin-left: 0px; outline: none 0px; padding: 0px; vertical-align: baseline; line-height: 1.2; color: rgb(68, 68, 68); grid-area: 2 \/ 1 \/ 2 \/ 7; font-family: &quot;Work Sans&quot;, Helvetica, sans-serif; margin-top: 0.25rem !important; margin-bottom: 1rem !important;\">U Evropi se danas, 8. maja obilje\u017eava Dan pobjede nad fa\u0161izmom u znak sje\u0107anja na dan kada je 1945. stupila na snagu bezuslovna kapitulacija Njema\u010dke u Drugom svjetskom ratu.<\/div>\n<div style=\"background-image: none; background-position: 0px 0px; background-size: initial; background-repeat: repeat; background-attachment: scroll; background-origin: initial; background-clip: initial; border: 0px none; font-size: 16px; margin: 0px; outline: none 0px; padding: 0px; vertical-align: baseline; position: relative; grid-area: 3 \/ 1 \/ 3 \/ 7; color: rgb(33, 37, 41); font-family: &quot;Work Sans&quot;, Helvetica, sans-serif;\">\n<div style=\"background: rgb(0, 0, 0); border: 0px none; font-size: 12px; margin: 0px; outline: none 0px; padding: 3px 7px 4px; vertical-align: baseline; position: absolute; bottom: 0px; right: 0px; color: rgb(255, 255, 255); border-bottom-right-radius: 6px; border-top-left-radius: 6px; font-family: &quot;Maven Pro&quot;, sans-serif; line-height: 1; display: flex !important; align-items: center !important;\">Foto: Wikipedia<\/div>\n<\/div>\n<div style=\"background-image: none; background-position: 0px 0px; background-size: initial; background-repeat: repeat; background-attachment: scroll; background-origin: initial; background-clip: initial; border: 0px none; font-size: 1.25rem; margin: 0px; outline: none 0px; padding: 10px 0px 0px; vertical-align: baseline; line-height: 1.6; color: rgb(34, 34, 34); grid-area: 4 \/ 2 \/ 4 \/ 7; font-family: &quot;Work Sans&quot;, Helvetica, sans-serif;\">\n<div style=\"background: none 0px 0px repeat scroll transparent; border: 0px none; margin: 0px; outline: none 0px; padding: 0px; vertical-align: baseline;\">\n<div style=\"background: none 0px 0px repeat scroll transparent; border: 0px none; margin: 0px 0px 20px; outline: none 0px; padding: 0px; vertical-align: baseline;\">Kapitulacija Njema\u010dke stupila je snagu 8. maja 1945. u 23.01 \u010das po srednjeevropskom vremenu \u0161to je po moskovskom vremenu ve\u0107 bio 9. maj pa Rusija, ali i druge zemlje me\u0111u kojima je i Srbija, Dan pobjede zvani\u010dno obilje\u017eavaju 9. maja.<\/div>\n<div style=\"background: none 0px 0px repeat scroll transparent; border: 0px none; margin: 0px 0px 20px; outline: none 0px; padding: 0px; vertical-align: baseline;\"><span style=\"background-color: transparent; font-size: 1.25rem;\">Istog dana, 9. maja, u Evropi se slavi Dan Evrope, u znak sje\u0107anja na deklaraciju francuskog ministra spoljnih poslova Roberta \u0160umana iz 1950. godine, koja se smatra prvim zvani\u010dnim korakom u nastanku EU<\/span><\/div>\n<div style=\"background: none 0px 0px repeat scroll transparent; border: 0px none; margin: 0px 0px 20px; outline: none 0px; padding: 0px; vertical-align: baseline;\"><span style=\"background-color: transparent; font-size: 1.25rem;\">Ove godine obilje\u017eava se 80. godi\u0161njica zavr\u0161etka Drugog svjetskog rata i 75 godina od pokretanja inicijative za stvaranje dana\u0161nje Evropske unije.<\/span><\/div>\n<\/div>\n<\/div>\n<p style=\"text-align: justify;\"><span lang=\"SR-LATN-ME\" style=\"font-family: 'Times New Roman',serif; mso-ansi-language: SR-LATN-ME;\"><span style=\"background-color: transparent; color: rgb(34, 34, 34); font-family: &quot;Work Sans&quot;, Helvetica, sans-serif; font-size: 1.25rem; text-align: start;\">U zemljama EU poseban zna\u010daj ima Dan Evrope kao dan koji je ozna\u010dio prekretnicu u odnosima evropskih zemalja i otvorio put stvaranju zajednice dr\u017eava na tom kontinentu, dok je u Rusiji te\u017ei\u0161te na proslavi Dana pobede u Drugom svjetskom ratu.<\/span><\/span><\/p>\n<p style=\"text-align: justify;\"><span lang=\"SR-LATN-ME\" style=\"font-family: 'Times New Roman',serif; mso-ansi-language: SR-LATN-ME;\"><span style=\"background-color: transparent; color: rgb(34, 34, 34); font-family: &quot;Work Sans&quot;, Helvetica, sans-serif; font-size: 1.25rem; text-align: start;\"><br><\/span><\/span><\/p>\n<p style=\"text-align: justify;\"><span lang=\"SR-LATN-ME\" style=\"font-family: 'Times New Roman',serif; mso-ansi-language: SR-LATN-ME;\"><span style=\"background-color: transparent; color: rgb(34, 34, 34); font-family: &quot;Work Sans&quot;, Helvetica, sans-serif; font-size: 1.25rem; text-align: start;\">Izvor: Radio 021<\/span><\/span><\/p>\n<p><!-- \/wp:paragraph --><\/p>\t\t\t\t\t\t\t\t<\/div>\n\t\t\t\t<\/div>\n\t\t\t\t<\/div>\n\t\t\t\t<\/div>\n\t\t\t\t<div class=\"elementor-element elementor-element-cc13a3d elementor-widget-divider--view-line elementor-widget elementor-widget-divider\" data-id=\"cc13a3d\" data-element_type=\"widget\" data-widget_type=\"divider.default\">\n\t\t\t\t<div class=\"elementor-widget-container\">\n\t\t\t\t\t\t\t<div class=\"elementor-divider\">\n\t\t\t<span class=\"elementor-divider-separator\">\n\t\t\t\t\t\t<\/span>\n\t\t<\/div>\n\t\t\t\t\t\t<\/div>\n\t\t\t\t<\/div>\n\t\t\t\t<\/div>\n\t\t\t\t<\/div>\n\t\t","protected":false},"excerpt":{"rendered":"<p>Evropa danas slavi Dan pobjede nad fa\u0161izmom Home \/ U Evropi se danas, 8. maja obilje\u017eava Dan pobjede nad fa\u0161izmom u znak sje\u0107anja na dan kada je 1945. stupila na snagu bezuslovna kapitulacija Njema\u010dke u Drugom svjetskom ratu. Foto: Wikipedia Kapitulacija Njema\u010dke stupila je snagu 8. maja 1945. u 23.01 \u010das po srednjeevropskom vremenu \u0161to je po moskovskom vremenu ve\u0107 bio 9. maj pa Rusija, ali i druge zemlje me\u0111u kojima je i Srbija, Dan pobjede zvani\u010dno obilje\u017eavaju 9. maja. Istog dana, 9. maja, u Evropi se slavi Dan Evrope, u znak sje\u0107anja na deklaraciju francuskog ministra spoljnih poslova Roberta \u0160umana iz 1950. godine, koja se smatra prvim zvani\u010dnim korakom u nastanku EU Ove godine obilje\u017eava se 80. godi\u0161njica zavr\u0161etka Drugog svjetskog rata i 75 godina od pokretanja inicijative za stvaranje dana\u0161nje Evropske unije. U zemljama EU poseban zna\u010daj ima Dan Evrope kao dan koji je ozna\u010dio prekretnicu u odnosima evropskih zemalja i otvorio put stvaranju zajednice dr\u017eava na tom kontinentu, dok je u Rusiji te\u017ei\u0161te na proslavi Dana pobede u Drugom svjetskom ratu. Izvor: Radio 021<\/p>\n","protected":false},"author":1,"featured_media":1945,"comment_status":"open","ping_status":"open","sticky":false,"template":"","format":"standard","meta":{"footnotes":""},"categories":[9],"tags":[],"class_list":["post-1944","post","type-post","status-publish","format-standard","has-post-thumbnail","hentry","category-industrija"],"_links":{"self":[{"href":"https:\/\/ekonomist.me\/index.php\/wp-json\/wp\/v2\/posts\/1944","targetHints":{"allow":["GET"]}}],"collection":[{"href":"https:\/\/ekonomist.me\/index.php\/wp-json\/wp\/v2\/posts"}],"about":[{"href":"https:\/\/ekonomist.me\/index.php\/wp-json\/wp\/v2\/types\/post"}],"author":[{"embeddable":true,"href":"https:\/\/ekonomist.me\/index.php\/wp-json\/wp\/v2\/users\/1"}],"replies":[{"embeddable":true,"href":"https:\/\/ekonomist.me\/index.php\/wp-json\/wp\/v2\/comments?post=1944"}],"version-history":[{"count":13,"href":"https:\/\/ekonomist.me\/index.php\/wp-json\/wp\/v2\/posts\/1944\/revisions"}],"predecessor-version":[{"id":1958,"href":"https:\/\/ekonomist.me\/index.php\/wp-json\/wp\/v2\/posts\/1944\/revisions\/1958"}],"wp:featuredmedia":[{"embeddable":true,"href":"https:\/\/ekonomist.me\/index.php\/wp-json\/wp\/v2\/media\/1945"}],"wp:attachment":[{"href":"https:\/\/ekonomist.me\/index.php\/wp-json\/wp\/v2\/media?parent=1944"}],"wp:term":[{"taxonomy":"category","embeddable":true,"href":"https:\/\/ekonomist.me\/index.php\/wp-json\/wp\/v2\/categories?post=1944"},{"taxonomy":"post_tag","embeddable":true,"href":"https:\/\/ekonomist.me\/index.php\/wp-json\/wp\/v2\/tags?post=1944"}],"curies":[{"name":"wp","href":"https:\/\/api.w.org\/{rel}","templated":true}]}}