{"id":1835,"date":"2025-05-07T09:01:01","date_gmt":"2025-05-07T09:01:01","guid":{"rendered":"https:\/\/ekonomist.me\/?p=1835"},"modified":"2025-05-07T09:08:30","modified_gmt":"2025-05-07T09:08:30","slug":"americki-trgovinski-manjak-najveci-u-vise-od-30-godina","status":"publish","type":"post","link":"https:\/\/ekonomist.me\/index.php\/2025\/05\/07\/americki-trgovinski-manjak-najveci-u-vise-od-30-godina\/","title":{"rendered":"Ameri\u010dki trgovinski manjak najve\u0107i u vi\u0161e od 30 godina"},"content":{"rendered":"\t\t<div data-elementor-type=\"wp-post\" data-elementor-id=\"1835\" class=\"elementor elementor-1835\">\n\t\t\t\t<div class=\"elementor-element elementor-element-2a37b54a e-con-full e-flex wpr-particle-no wpr-jarallax-no wpr-parallax-no wpr-sticky-section-no e-con e-parent\" data-id=\"2a37b54a\" data-element_type=\"container\">\n\t\t<div class=\"elementor-element elementor-element-d2c2a63 e-con-full e-flex wpr-particle-no wpr-jarallax-no wpr-parallax-no wpr-sticky-section-no e-con e-child\" data-id=\"d2c2a63\" data-element_type=\"container\">\n\t\t<div class=\"elementor-element elementor-element-df7e021 e-con-full e-flex wpr-particle-no wpr-jarallax-no wpr-parallax-no wpr-sticky-section-no e-con e-child\" data-id=\"df7e021\" data-element_type=\"container\">\n\t\t\t\t<div class=\"elementor-element elementor-element-c3a1298 elementor-widget elementor-widget-wpr-post-title\" data-id=\"c3a1298\" data-element_type=\"widget\" data-widget_type=\"wpr-post-title.default\">\n\t\t\t\t<div class=\"elementor-widget-container\">\n\t\t\t\t\t<h1 class=\"wpr-post-title\">Ameri\u010dki trgovinski manjak najve\u0107i u vi\u0161e od 30 godina<\/h1>\t\t\t\t<\/div>\n\t\t\t\t<\/div>\n\t\t\t\t<div class=\"elementor-element elementor-element-6e473ff elementor-widget elementor-widget-eael-breadcrumbs\" data-id=\"6e473ff\" data-element_type=\"widget\" data-widget_type=\"eael-breadcrumbs.default\">\n\t\t\t\t<div class=\"elementor-widget-container\">\n\t\t\t\t\t\t\t<div class=\"eael-breadcrumbs\">\n\t\t\t<div class=\"eael-breadcrumbs__content\"><a href=\"https:\/\/ekonomist.me\">Home<\/a> <span class=\"eael-breadcrumb-separator\">\/<\/span> <\/div>\t\t<\/div>\n\t\t\t\t\t\t<\/div>\n\t\t\t\t<\/div>\n\t\t\t\t<div class=\"elementor-element elementor-element-1812683f elementor-widget elementor-widget-text-editor\" data-id=\"1812683f\" data-element_type=\"widget\" data-widget_type=\"text-editor.default\">\n\t\t\t\t<div class=\"elementor-widget-container\">\n\t\t\t\t\t\t\t\t\t\n<p>Ameri\u010dki trgovinski manjak posko\u010dio je u martu na najvi\u0161i nivo otkada ministarstvo trgovine objavljuje podatke, odra\u017eavaju\u0107i val uvoza robe kojim su kompanije nastojale preduhitriti tro\u0161kove novih carina.<\/p>\n<p>Ameri\u010dki uvoz dobara i usluga uve\u0107an je u martu\u00a0za 4.4 odsto u odnosu na februar\u00a0i iznosio je 419 milijardi dolara. Izvoz se zadr\u017eao vi\u0161e-manje na nivou\u00a0iz februara\u00a0i iznosio je 278.5 milijardi dolara.<\/p>\n<p>Time je ameri\u010dki manjak u trgovini robom i uslugama uve\u0107an u martu za 14 odsto u odnosu na prethodni mjesec i iznosio je 140.5 milijardi dolara. Iznos je najve\u0107i od 1992. godine kada je ministarstvo po\u010delo objavljivati mjese\u010dne\u00a0izvje\u0161taje\u00a0o razmjeni.<\/p>\n<p>Manjak u trgovini robom uve\u0107an je za 11.2 odsto, na 163.5 milijardi dolara, \u0161to je tako\u0111e\u00a0najvi\u0161a vrijednost od 1992. godine.<\/p>\n<p>Uvoz robe posko\u010dio je na mjese\u010dnom nivou\u00a0za \u010dak 5.4 odsto, na rekordnih 346.8 milijardi dolara. Izvoz je uve\u0107an za 0.7 odsto, na tako\u0111e\u00a0rekordne 182.3 milijarde dolara, navodi ministarstvo.<\/p>\n<p>SAD je u martu bilje\u017eio najve\u0107i vi\u0161ak u robnoj razmjeni s Nizozemskom, od 4.5 milijardi dolara.<\/p>\n<p>Najve\u0107i manjak bilje\u017eili su u robnoj razmjeni s Evropskom unijom, od 48.3 milijarde dolara. Na drugom je mjestu Kina s kojom je SAD bilje\u017eio manjak od 24.8 milijardi dolara, a na tre\u0107em Meksiko sa 16.8 milijardi dolara, pokazuju podaci ministarstva trgovine.<\/p>\n<p>U prva tri ovogodi\u0161nja mjeseca manjak SAD-a u trgovini robom i uslugama gotovo je udvostru\u010den u odnosu na isti\u00a0pro\u0161logodi\u0161nji period. Izvoz je na godi\u0161njem nivou\u00a0uve\u0107an za 5.1 odsto, a uvoz za 23.3 odsto, izra\u010dunalo je ministarstvo.<\/p>\n<p>Po\u010detkom aprila SAD je najavio carine od 10 odsto zemljama \u0161irom svijeta. Planiraju i \u201crecipro\u010dne\u201d carine trgovinskim partnerima s kojima kontinuirano bilje\u017ee manjak u robnoj razmjeni.<\/p>\n<p>Predsjednik Donald Tramp naknadno je odgodio uvo\u0111enje novih nameta za 90 dana uz obrazlo\u017eenje da \u017eeli osigurati dovoljno vremena za pregovore s trgovinskim partnerima, prenosi \u201cIndex\u201d.<\/p>\n\t\t\t\t\t\t\t\t<\/div>\n\t\t\t\t<\/div>\n\t\t\t\t<\/div>\n\t\t\t\t<\/div>\n\t\t\t\t<div class=\"elementor-element elementor-element-cc13a3d elementor-widget-divider--view-line elementor-widget elementor-widget-divider\" data-id=\"cc13a3d\" data-element_type=\"widget\" data-widget_type=\"divider.default\">\n\t\t\t\t<div class=\"elementor-widget-container\">\n\t\t\t\t\t\t\t<div class=\"elementor-divider\">\n\t\t\t<span class=\"elementor-divider-separator\">\n\t\t\t\t\t\t<\/span>\n\t\t<\/div>\n\t\t\t\t\t\t<\/div>\n\t\t\t\t<\/div>\n\t\t\t\t<\/div>\n\t\t\t\t<\/div>\n\t\t","protected":false},"excerpt":{"rendered":"<p>Ameri\u010dki trgovinski manjak najve\u0107i u vi\u0161e od 30 godina Home \/ Ameri\u010dki trgovinski manjak posko\u010dio je u martu na najvi\u0161i nivo otkada ministarstvo trgovine objavljuje podatke, odra\u017eavaju\u0107i val uvoza robe kojim su kompanije nastojale preduhitriti tro\u0161kove novih carina. Ameri\u010dki uvoz dobara i usluga uve\u0107an je u martu\u00a0za 4.4 odsto u odnosu na februar\u00a0i iznosio je 419 milijardi dolara. Izvoz se zadr\u017eao vi\u0161e-manje na nivou\u00a0iz februara\u00a0i iznosio je 278.5 milijardi dolara. Time je ameri\u010dki manjak u trgovini robom i uslugama uve\u0107an u martu za 14 odsto u odnosu na prethodni mjesec i iznosio je 140.5 milijardi dolara. Iznos je najve\u0107i od 1992. godine kada je ministarstvo po\u010delo objavljivati mjese\u010dne\u00a0izvje\u0161taje\u00a0o razmjeni. Manjak u trgovini robom uve\u0107an je za 11.2 odsto, na 163.5 milijardi dolara, \u0161to je tako\u0111e\u00a0najvi\u0161a vrijednost od 1992. godine. Uvoz robe posko\u010dio je na mjese\u010dnom nivou\u00a0za \u010dak 5.4 odsto, na rekordnih 346.8 milijardi dolara. Izvoz je uve\u0107an za 0.7 odsto, na tako\u0111e\u00a0rekordne 182.3 milijarde dolara, navodi ministarstvo. SAD je u martu bilje\u017eio najve\u0107i vi\u0161ak u robnoj razmjeni s Nizozemskom, od 4.5 milijardi dolara. Najve\u0107i manjak bilje\u017eili su u robnoj razmjeni s Evropskom unijom, od 48.3 milijarde dolara. Na drugom je mjestu Kina s kojom je SAD bilje\u017eio manjak od 24.8 milijardi dolara, a na tre\u0107em Meksiko sa 16.8 milijardi dolara, pokazuju podaci ministarstva trgovine. U prva tri ovogodi\u0161nja mjeseca manjak SAD-a u trgovini robom i uslugama gotovo je udvostru\u010den u odnosu na isti\u00a0pro\u0161logodi\u0161nji period. Izvoz je na godi\u0161njem nivou\u00a0uve\u0107an za 5.1 odsto, a uvoz za 23.3 odsto, izra\u010dunalo je ministarstvo. Po\u010detkom aprila SAD je najavio carine od 10 odsto zemljama \u0161irom svijeta. Planiraju i \u201crecipro\u010dne\u201d carine trgovinskim partnerima s kojima kontinuirano bilje\u017ee manjak u robnoj razmjeni. Predsjednik Donald Tramp naknadno je odgodio uvo\u0111enje novih nameta za 90 dana uz obrazlo\u017eenje da \u017eeli osigurati dovoljno vremena za pregovore s trgovinskim partnerima, prenosi \u201cIndex\u201d.<\/p>\n","protected":false},"author":1,"featured_media":1837,"comment_status":"open","ping_status":"open","sticky":false,"template":"","format":"standard","meta":{"footnotes":""},"categories":[6],"tags":[],"class_list":["post-1835","post","type-post","status-publish","format-standard","has-post-thumbnail","hentry","category-ekonomija"],"_links":{"self":[{"href":"https:\/\/ekonomist.me\/index.php\/wp-json\/wp\/v2\/posts\/1835","targetHints":{"allow":["GET"]}}],"collection":[{"href":"https:\/\/ekonomist.me\/index.php\/wp-json\/wp\/v2\/posts"}],"about":[{"href":"https:\/\/ekonomist.me\/index.php\/wp-json\/wp\/v2\/types\/post"}],"author":[{"embeddable":true,"href":"https:\/\/ekonomist.me\/index.php\/wp-json\/wp\/v2\/users\/1"}],"replies":[{"embeddable":true,"href":"https:\/\/ekonomist.me\/index.php\/wp-json\/wp\/v2\/comments?post=1835"}],"version-history":[{"count":4,"href":"https:\/\/ekonomist.me\/index.php\/wp-json\/wp\/v2\/posts\/1835\/revisions"}],"predecessor-version":[{"id":1840,"href":"https:\/\/ekonomist.me\/index.php\/wp-json\/wp\/v2\/posts\/1835\/revisions\/1840"}],"wp:featuredmedia":[{"embeddable":true,"href":"https:\/\/ekonomist.me\/index.php\/wp-json\/wp\/v2\/media\/1837"}],"wp:attachment":[{"href":"https:\/\/ekonomist.me\/index.php\/wp-json\/wp\/v2\/media?parent=1835"}],"wp:term":[{"taxonomy":"category","embeddable":true,"href":"https:\/\/ekonomist.me\/index.php\/wp-json\/wp\/v2\/categories?post=1835"},{"taxonomy":"post_tag","embeddable":true,"href":"https:\/\/ekonomist.me\/index.php\/wp-json\/wp\/v2\/tags?post=1835"}],"curies":[{"name":"wp","href":"https:\/\/api.w.org\/{rel}","templated":true}]}}